{"id":6,"count":81,"description":"Vam comen\u00e7ar amb recomanacions de caminades per l\u2019Alt Pirineu i Aran per part d\u2019un personatge de renom. Poc despr\u00e9s vam incloure-hi, tamb\u00e9, pedalades i m\u00e9s llunyanes, per l\u2019Alguer o les muntanyes de Pal\u00e8ncia. No hi mancava una fitxa t\u00e8cnica perqu\u00e8 les pogu\u00e9ssiu reproduir.","link":"https:\/\/sompirineu.cat\/senderia\/category\/una-caminada-amb\/","name":"Una caminada amb...","slug":"una-caminada-amb","taxonomy":"category","parent":0,"meta":[],"_links":{"self":[{"href":"https:\/\/sompirineu.cat\/senderia\/wp-json\/wp\/v2\/categories\/6","targetHints":{"allow":["GET"]}}],"collection":[{"href":"https:\/\/sompirineu.cat\/senderia\/wp-json\/wp\/v2\/categories"}],"about":[{"href":"https:\/\/sompirineu.cat\/senderia\/wp-json\/wp\/v2\/taxonomies\/category"}],"wp:post_type":[{"href":"https:\/\/sompirineu.cat\/senderia\/wp-json\/wp\/v2\/posts?categories=6"}],"curies":[{"name":"wp","href":"https:\/\/api.w.org\/{rel}","templated":true}]}}