{"id":8,"count":100,"description":"Diuen que una imatge val m\u00e9s que mil paraules. No sempre \u00e9s aix\u00ed, per\u00f2 de tota manera el butllet\u00ed SENd\u00c8RIA inclo\u00efa una bona fotografia d\u2019un autor contrastat (o no). La condici\u00f3: que s\u2019hi vei\u00e9s un cam\u00ed, gent a peu\u2026 i que es fes mirar, clar. I les frases camineres: de vegades, les m\u00e9s freq\u00fcents, estaven extretes d\u2019un llibre; altres, del diccionari; encara unes altres, provenien del titular d\u2019una entrevista\u2026 Tant era d\u2019on vinguessin, sempre tenien un objectiu com\u00fa: convidar a la reflexi\u00f3.","link":"https:\/\/sompirineu.cat\/senderia\/category\/portades\/","name":"Portades i frases camineres","slug":"portades","taxonomy":"category","parent":0,"meta":[],"_links":{"self":[{"href":"https:\/\/sompirineu.cat\/senderia\/wp-json\/wp\/v2\/categories\/8","targetHints":{"allow":["GET"]}}],"collection":[{"href":"https:\/\/sompirineu.cat\/senderia\/wp-json\/wp\/v2\/categories"}],"about":[{"href":"https:\/\/sompirineu.cat\/senderia\/wp-json\/wp\/v2\/taxonomies\/category"}],"wp:post_type":[{"href":"https:\/\/sompirineu.cat\/senderia\/wp-json\/wp\/v2\/posts?categories=8"}],"curies":[{"name":"wp","href":"https:\/\/api.w.org\/{rel}","templated":true}]}}