{"id":1112,"date":"2020-09-10T12:31:31","date_gmt":"2020-09-10T12:31:31","guid":{"rendered":"https:\/\/sompirineu.cat\/senderia\/?p=1112"},"modified":"2021-03-14T18:32:18","modified_gmt":"2021-03-14T18:32:18","slug":"una-caminada-amb-francesc-mauri","status":"publish","type":"post","link":"https:\/\/sompirineu.cat\/senderia\/una-caminada-amb-francesc-mauri\/","title":{"rendered":"Francesc Mauri &#8211; La Mola"},"content":{"rendered":"<p>Us acostar\u00e9 a una caminada que, durant 13 anys, va ser freq\u00fcent, per\u00f2, no per aix\u00f2, va deixar de ser diferent cada dia. Jo vaig viure, entre el 2002 i el 2015, enganxat al Parc Natural de Sant Lloren\u00e7 del Munt i l\u2019Obac, a tocar de la Torre de l\u2019\u00c0ngel. La cota, 625 metres sobre el nivell del mar. Des d\u2019all\u00e0, durant totes les estacions, puj\u00e0vem a la Mola. Potser no ho hav\u00edem fet mai el mes d\u2019agost, per\u00f2 si la resta de l\u2019any.<\/p>\n<p>No hi havia acostament amb cotxe a l\u2019inici de la caminada perqu\u00e8 ja hi \u00e9rem. La sortida des de la Torre de l\u2019\u00c0ngel, a peu de la BV-1221 a tocar del km 7.<\/p>\n<p>Totes les ascensions a la Mola eren atractives, per\u00f2 durant els mesos de mar\u00e7 i d\u2019abril eren molt intenses si sort\u00edem quan trencava la foscor de la nit i comen\u00e7aven a apar\u00e8ixer les primeres llums de l\u2019alba. El silenci sepulcral de l\u2019hora es convertia en un ensordidor cant de milers d\u2019ocells que s\u2019escoltava per tots els racons de la vall i de la muntanya. S\u2019acostava la primavera. La vegetaci\u00f3 comen\u00e7ava a manifestar-ho.<\/p>\n<p>La fresca, o el fred alguns dies, era molt agradable. Paral\u00b7lela a la carretera circulava el tra\u00e7at de la riera de les Arenes. Una riera que neix al Montcau i que t\u00e9 el dantesc honor d\u2019haver provocat el 25 de setembre del 1962, juntament amb d\u2019altres cursos fluvials pr\u00f2xims, la major p\u00e8rdua de vides humanes per causes naturals de tota la Pen\u00ednsula Ib\u00e8rica des de l\u2019any 1800, despr\u00e9s del terratr\u00e8mol de Lisboa.<\/p>\n<p>Un cop la creuaves a tocar de les restes d\u2019un antic pont destru\u00eft per la rierada comen\u00e7aves a enfilar-te en direcci\u00f3 a can Pobla, a fregar de la cota 900. Aquest tram sempre circulava entre alzines i roures. En aquesta \u00e8poca, les aglans al terra es trobaven a faltar. Tot i aix\u00f2, era una hora en qu\u00e8 encara se sentien els senglars discorre per l\u2019estrat arbustiu, tot i que no eren f\u00e0cils de veure.<\/p>\n<p>Era arribar a Can Pobla i aturar-se per beure una mica d\u2019aigua o menjar alguna tonteria. Jo a aquella hora del mat\u00ed sempre tinc gana i sense sucre a la sang les forces sempre faltaven.<br \/>\nAquesta era una hora en qu\u00e8 la fam\u00edlia poques vegades m\u2019acompanyava, per\u00f2, si alguna vegada ho feien, tamb\u00e9 Can Pobla era el punt de parada obligada. Ja hav\u00edem superat aproximadament la meitat del desnivell de la caminada.<\/p>\n<p>La continuaci\u00f3, tot i circular sempre amb alzines i roures al voltant, ja deixava nues m\u00e9s sovint algunes parets de conglomerats disposats de forma aparentment capriciosa. En alguns punts, les vistes cap al Vall\u00e8s Occidental, el Baix Llobregat i el Pened\u00e8s comen\u00e7aven a fer-se m\u00e9s atractives.<\/p>\n<p>Els \u00faltims metres de l\u2019ascensi\u00f3 fins el cim de la Mola i l\u2019arribada al Monestir, a una mica m\u00e9s de 1.100 metres sobre el nivell del mar, es feia pels prats que hi ha al cim. Des d\u2019all\u00e0, un 360 graus per gran part de la Catalunya Central, el Pirineu, el Prepirineu i la zona prelitoral que va des de l\u2019Alt Pened\u00e8s fins el Vall\u00e8s Oriental. M\u00e9s enll\u00e0, Maresme, Barcelon\u00e8s, el Delta del Llobregat, el Garraf o el Baix Pened\u00e8s mostraven les primeres llums del dia. En aquesta \u00e8poca de l\u2019equinocci de primavera la llum era especial. L\u2019al\u00e7ada del sol sobre l\u2019horitz\u00f3, la transpar\u00e8ncia d\u2019algunes de les masses d\u2019aire dominants en aquestes jornades a cavall de l\u2019hivern i la primavera astron\u00f2mica, feien de l\u2019arribada al cim, un moment especial. I a aquella hora els milers d\u2019ocells ja callaven r\u00e0pidament&#8230;<\/p>\n","protected":false},"excerpt":{"rendered":"<p>Us acostar\u00e9 a una caminada que, durant 13 anys, va ser freq\u00fcent, per\u00f2, no per [&hellip;]<\/p>\n","protected":false},"author":2,"featured_media":1128,"comment_status":"closed","ping_status":"open","sticky":false,"template":"","format":"standard","meta":{"site-sidebar-layout":"default","site-content-layout":"default","ast-site-content-layout":"","site-content-style":"default","site-sidebar-style":"default","ast-global-header-display":"","ast-banner-title-visibility":"","ast-main-header-display":"","ast-hfb-above-header-display":"","ast-hfb-below-header-display":"","ast-hfb-mobile-header-display":"","site-post-title":"","ast-breadcrumbs-content":"","ast-featured-img":"","footer-sml-layout":"","theme-transparent-header-meta":"default","adv-header-id-meta":"","stick-header-meta":"default","header-above-stick-meta":"","header-main-stick-meta":"","header-below-stick-meta":"","astra-migrate-meta-layouts":"default","ast-page-background-enabled":"default","ast-page-background-meta":{"desktop":{"background-color":"var(--ast-global-color-4)","background-image":"","background-repeat":"repeat","background-position":"center center","background-size":"auto","background-attachment":"scroll","background-type":"","background-media":"","overlay-type":"","overlay-color":"","overlay-opacity":"","overlay-gradient":""},"tablet":{"background-color":"","background-image":"","background-repeat":"repeat","background-position":"center center","background-size":"auto","background-attachment":"scroll","background-type":"","background-media":"","overlay-type":"","overlay-color":"","overlay-opacity":"","overlay-gradient":""},"mobile":{"background-color":"","background-image":"","background-repeat":"repeat","background-position":"center center","background-size":"auto","background-attachment":"scroll","background-type":"","background-media":"","overlay-type":"","overlay-color":"","overlay-opacity":"","overlay-gradient":""}},"ast-content-background-meta":{"desktop":{"background-color":"var(--ast-global-color-5)","background-image":"","background-repeat":"repeat","background-position":"center center","background-size":"auto","background-attachment":"scroll","background-type":"","background-media":"","overlay-type":"","overlay-color":"","overlay-opacity":"","overlay-gradient":""},"tablet":{"background-color":"var(--ast-global-color-5)","background-image":"","background-repeat":"repeat","background-position":"center center","background-size":"auto","background-attachment":"scroll","background-type":"","background-media":"","overlay-type":"","overlay-color":"","overlay-opacity":"","overlay-gradient":""},"mobile":{"background-color":"var(--ast-global-color-5)","background-image":"","background-repeat":"repeat","background-position":"center center","background-size":"auto","background-attachment":"scroll","background-type":"","background-media":"","overlay-type":"","overlay-color":"","overlay-opacity":"","overlay-gradient":""}},"footnotes":""},"categories":[6],"tags":[17],"class_list":["post-1112","post","type-post","status-publish","format-standard","has-post-thumbnail","hentry","category-una-caminada-amb","tag-17"],"_links":{"self":[{"href":"https:\/\/sompirineu.cat\/senderia\/wp-json\/wp\/v2\/posts\/1112","targetHints":{"allow":["GET"]}}],"collection":[{"href":"https:\/\/sompirineu.cat\/senderia\/wp-json\/wp\/v2\/posts"}],"about":[{"href":"https:\/\/sompirineu.cat\/senderia\/wp-json\/wp\/v2\/types\/post"}],"author":[{"embeddable":true,"href":"https:\/\/sompirineu.cat\/senderia\/wp-json\/wp\/v2\/users\/2"}],"replies":[{"embeddable":true,"href":"https:\/\/sompirineu.cat\/senderia\/wp-json\/wp\/v2\/comments?post=1112"}],"version-history":[{"count":5,"href":"https:\/\/sompirineu.cat\/senderia\/wp-json\/wp\/v2\/posts\/1112\/revisions"}],"predecessor-version":[{"id":1920,"href":"https:\/\/sompirineu.cat\/senderia\/wp-json\/wp\/v2\/posts\/1112\/revisions\/1920"}],"wp:featuredmedia":[{"embeddable":true,"href":"https:\/\/sompirineu.cat\/senderia\/wp-json\/wp\/v2\/media\/1128"}],"wp:attachment":[{"href":"https:\/\/sompirineu.cat\/senderia\/wp-json\/wp\/v2\/media?parent=1112"}],"wp:term":[{"taxonomy":"category","embeddable":true,"href":"https:\/\/sompirineu.cat\/senderia\/wp-json\/wp\/v2\/categories?post=1112"},{"taxonomy":"post_tag","embeddable":true,"href":"https:\/\/sompirineu.cat\/senderia\/wp-json\/wp\/v2\/tags?post=1112"}],"curies":[{"name":"wp","href":"https:\/\/api.w.org\/{rel}","templated":true}]}}