{"id":1119,"date":"2020-09-10T12:38:26","date_gmt":"2020-09-10T12:38:26","guid":{"rendered":"https:\/\/sompirineu.cat\/senderia\/?p=1119"},"modified":"2021-03-14T16:07:14","modified_gmt":"2021-03-14T16:07:14","slug":"la-noia-de-les-ovelles-pigallades","status":"publish","type":"post","link":"https:\/\/sompirineu.cat\/senderia\/la-noia-de-les-ovelles-pigallades\/","title":{"rendered":"La hist\u00f2ria de la Pastoreta o el poder de les dones"},"content":{"rendered":"<p>L\u2019any 2016, l\u2019empresa embotelladora d\u2019aigua Veri va centrar la seva campanya de publicitat televisiva en la figura de la Pastoreta (<a href=\"https:\/\/www.youtube.com\/watch?v=tB9XCsm6JOA\" target=\"_blank\" rel=\"noopener\">clic<\/a>). En just un minut ens explicaven una hist\u00f2ria de vida, amb ritme narratiu, imatges precioses i un punt d\u2019emotivitat. B\u00e9, fins aqu\u00ed tot correcte: \u00e9s el que tenen els bons anuncis. I, vet aqu\u00ed, ara podem con\u00e8ixer amb una mica m\u00e9s de detall la traject\u00f2ria vital de l\u2019Anna Plana, la Pastoreta, a <strong><em>La noia de les ovelles pigallades<\/em><\/strong>, el llibre de debut de la poblatana Laura Gord\u00f3, o de com una empordanesa acaba gestionant un ramat de centenars d\u2019<em>auvelles<\/em> a la muntanya de Llessui.<\/p>\n<p>Una estructura original, un estil que apunta al que, als anys 60, es va batejar com a Nou Periodisme, uns secundaris de luxe (el Safalla, entranyable), la parla pallaresa sempre ben present&#8230; ho t\u00e9 tot per fer passar una bona estona. Segurament, l\u2019\u00fanic defecte \u00e9s que es fa curt (per cert, per a quan la pel\u00b7l\u00edcula?). I m\u00e9s enll\u00e0 del periple personal de la protagonista, una reivindicaci\u00f3 del paper de les dones, en aquest cas en el mon rural; de les dificultats per trencar prejudicis i estereotips i de la bona feina de l\u2019Escola de Pastors de Catalunya. En fi, un llibre aut\u00e8ntic i refrescant.<\/p>\n","protected":false},"excerpt":{"rendered":"<p>L\u2019any 2016, l\u2019empresa embotelladora d\u2019aigua Veri va centrar la seva campanya de publicitat televisiva en [&hellip;]<\/p>\n","protected":false},"author":2,"featured_media":1120,"comment_status":"closed","ping_status":"open","sticky":false,"template":"","format":"standard","meta":{"site-sidebar-layout":"default","site-content-layout":"default","ast-site-content-layout":"","site-content-style":"default","site-sidebar-style":"default","ast-global-header-display":"","ast-banner-title-visibility":"","ast-main-header-display":"","ast-hfb-above-header-display":"","ast-hfb-below-header-display":"","ast-hfb-mobile-header-display":"","site-post-title":"","ast-breadcrumbs-content":"","ast-featured-img":"","footer-sml-layout":"","theme-transparent-header-meta":"default","adv-header-id-meta":"","stick-header-meta":"default","header-above-stick-meta":"","header-main-stick-meta":"","header-below-stick-meta":"","astra-migrate-meta-layouts":"default","ast-page-background-enabled":"default","ast-page-background-meta":{"desktop":{"background-color":"var(--ast-global-color-4)","background-image":"","background-repeat":"repeat","background-position":"center center","background-size":"auto","background-attachment":"scroll","background-type":"","background-media":"","overlay-type":"","overlay-color":"","overlay-opacity":"","overlay-gradient":""},"tablet":{"background-color":"","background-image":"","background-repeat":"repeat","background-position":"center center","background-size":"auto","background-attachment":"scroll","background-type":"","background-media":"","overlay-type":"","overlay-color":"","overlay-opacity":"","overlay-gradient":""},"mobile":{"background-color":"","background-image":"","background-repeat":"repeat","background-position":"center center","background-size":"auto","background-attachment":"scroll","background-type":"","background-media":"","overlay-type":"","overlay-color":"","overlay-opacity":"","overlay-gradient":""}},"ast-content-background-meta":{"desktop":{"background-color":"var(--ast-global-color-5)","background-image":"","background-repeat":"repeat","background-position":"center center","background-size":"auto","background-attachment":"scroll","background-type":"","background-media":"","overlay-type":"","overlay-color":"","overlay-opacity":"","overlay-gradient":""},"tablet":{"background-color":"var(--ast-global-color-5)","background-image":"","background-repeat":"repeat","background-position":"center center","background-size":"auto","background-attachment":"scroll","background-type":"","background-media":"","overlay-type":"","overlay-color":"","overlay-opacity":"","overlay-gradient":""},"mobile":{"background-color":"var(--ast-global-color-5)","background-image":"","background-repeat":"repeat","background-position":"center center","background-size":"auto","background-attachment":"scroll","background-type":"","background-media":"","overlay-type":"","overlay-color":"","overlay-opacity":"","overlay-gradient":""}},"footnotes":""},"categories":[4],"tags":[17],"class_list":["post-1119","post","type-post","status-publish","format-standard","has-post-thumbnail","hentry","category-sendes-literaries","tag-17"],"_links":{"self":[{"href":"https:\/\/sompirineu.cat\/senderia\/wp-json\/wp\/v2\/posts\/1119","targetHints":{"allow":["GET"]}}],"collection":[{"href":"https:\/\/sompirineu.cat\/senderia\/wp-json\/wp\/v2\/posts"}],"about":[{"href":"https:\/\/sompirineu.cat\/senderia\/wp-json\/wp\/v2\/types\/post"}],"author":[{"embeddable":true,"href":"https:\/\/sompirineu.cat\/senderia\/wp-json\/wp\/v2\/users\/2"}],"replies":[{"embeddable":true,"href":"https:\/\/sompirineu.cat\/senderia\/wp-json\/wp\/v2\/comments?post=1119"}],"version-history":[{"count":5,"href":"https:\/\/sompirineu.cat\/senderia\/wp-json\/wp\/v2\/posts\/1119\/revisions"}],"predecessor-version":[{"id":1909,"href":"https:\/\/sompirineu.cat\/senderia\/wp-json\/wp\/v2\/posts\/1119\/revisions\/1909"}],"wp:featuredmedia":[{"embeddable":true,"href":"https:\/\/sompirineu.cat\/senderia\/wp-json\/wp\/v2\/media\/1120"}],"wp:attachment":[{"href":"https:\/\/sompirineu.cat\/senderia\/wp-json\/wp\/v2\/media?parent=1119"}],"wp:term":[{"taxonomy":"category","embeddable":true,"href":"https:\/\/sompirineu.cat\/senderia\/wp-json\/wp\/v2\/categories?post=1119"},{"taxonomy":"post_tag","embeddable":true,"href":"https:\/\/sompirineu.cat\/senderia\/wp-json\/wp\/v2\/tags?post=1119"}],"curies":[{"name":"wp","href":"https:\/\/api.w.org\/{rel}","templated":true}]}}