{"id":1544,"date":"2021-02-10T10:13:32","date_gmt":"2021-02-10T10:13:32","guid":{"rendered":"https:\/\/sompirineu.cat\/senderia\/?p=1544"},"modified":"2021-03-11T09:03:45","modified_gmt":"2021-03-11T09:03:45","slug":"la-geografia-humana-de-la-muntanya","status":"publish","type":"post","link":"https:\/\/sompirineu.cat\/senderia\/la-geografia-humana-de-la-muntanya\/","title":{"rendered":"La geografia humana de la muntanya"},"content":{"rendered":"<p>L\u2019any 1922 Raoul Blanchard, que era un dels primers catedr\u00e0tics de Geografia de l\u2019estat franc\u00e8s i exercia a la universitat de Grenoble, va ser invitat per la Mancomunitat de Catalunya a donar una s\u00e8rie de confer\u00e8ncies a Barcelona. El tema triat pel curs a l\u2019Escola o Universitat Industrial del carrer d\u2019Urgell va ser el d\u2019Assaig de Geografia Humana de la Muntanya. Blanchard era deixeble de Paul Vidal de la Blache i de Lucien Gallois, introductors d\u2019una geografia renovada, en la que els m\u00e8todes inductius basats en el treball de camp, enquestes i entrevistes, i la consulta de la documentaci\u00f3 dels llocs tenien una gran import\u00e0ncia. Aquesta escola tractava de demostrar com el medi natural influ\u00efa en les activitats humanes i com els humans, en funci\u00f3 de les seves necessitats i possibilitats, podien introduir modificacions en el medi natural.<\/p>\n<p>Blanchard, en anar a Grenoble, la ciutat portalada dels Alps occidentals, va formar una\u00a0 veritable escola d\u2019estudi de les diferents regions de la serralada alpina, amb uns resultats excepcionals pel seu inter\u00e8s cient\u00edfic. Per primera vegada els habitants de les muntanyes alpines i els interessats per la seva Geografia tenien unes explicacions racionals que enlla\u00e7aven diferents fen\u00f2mens i els hi permetien entendre perqu\u00e8 s\u2019havien desenvolupat unes o altres activitats, o perqu\u00e8 hi havia especialitzacions agr\u00e0ries tradicionals que morien mentre en sorgien de noves. La idea de Blanchard era de recollir estudis i informes de les regions muntanyoses de bona part del m\u00f3n, per poder establir caracter\u00edstiques comunes, de com l\u2019altitud afavoria i limitava determinades produccions, els problemes derivats de la climatologia, les formes que s\u2019havien adoptat per resoldre\u2019ls, etc. Explicar per entendre, entendre per solucionar problemes.<\/p>\n<p>La persona encarregada de presentar el professor Blanchard va ser Pau Vila, professor de Geografia a l\u2019Escola de Mestres de la Mancomunitat, pioner de la nova Geografia a Catalunya, i que el 1925 va publicar la primera monografia moderna d\u2019una comarca catalana: la Cerdanya. Pau Vila va fer algunes sortides d\u2019estudi amb Blanchard, aprofitant la seva vinguda a Catalunya, i l\u2019any 1923 va estar uns mesos a Grenoble per practicar la metodologia de Blanchard en l\u2019estudi de les regions muntanyoses.<\/p>\n<p>L\u2019Assaig de Geografia Humana de la Muntanya \u00e9s la publicaci\u00f3 del curs impartit per Blanchard a Barcelona que va ser publicat primer en quatre n\u00fameros del Butllet\u00ed del Centre Excursionista de Catalunya i, posteriorment, l\u2019any 1925, aplegats en una edici\u00f3 especial del mateix centre. Blanchard hi explica l\u2019agricultura de muntanya, la ramaderia, la vida pastoral i la transhum\u00e0ncia, les comunicacions i el tr\u00e0fec, les activitats industrials, l\u2019h\u00e0bitat (els pobles i les cases), els habitants i les migracions humanes.<\/p>\n<p>Per\u00f2 l\u2019inter\u00e8s de l\u2019edici\u00f3 del curs de Blanchard son els comentaris i notes que hi fa Pau Vila, de tal manera que pot parlar-se d\u2019una obra conjunta entre Blanchard i Vila. Si Blanchard explica que un tipus de migraci\u00f3 de pastors i ramats \u00e9s la de Bourg Saint- Maurice, en qu\u00e8 el bestiar abans d\u2019arribar a la muntanya des de la plana fa unes estades interm\u00e8dies a la primavera i la tardor a les muntanyetes o muntanya mitjana; Pau Vila exposa les migracions del bestiar des de Tots Sants fins a la Santa Creu dels ramats de Setcases-Montgrony-Castellar de N\u2019Hug i les de Gisclareny-Saldes-G\u00f2sol. Si Blanchard exposa la fabricaci\u00f3 de teixits de llana als Alps; Vila conta que a Andorra hi ha encara una fabriqueta de mantes de \u201cllana del Pirineu\u201d i que a la Val d\u2019Aran hi havia una petita f\u00e0brica de burell a Es B\u00f2rdes i una altra a Vielha.<\/p>\n<p>Pau Vila \u00e9s qui far\u00e0 d\u2019editor del curs de Blanchard perqu\u00e8 \u201cA Catalunya una Geografia de la Muntanya ens ha d\u2019interessar com a cosa pr\u00f2pia, perqu\u00e8 si b\u00e9 altres tipus de \u00abquadres naturals\u00bb s\u00f3n representats en la nostra terra \u2013planes, costes i riberes- som principalment un pa\u00eds de muntanyes, o com digu\u00e9 d\u2019una manera senzilla i gr\u00e0fica un autor del segle passat, \u00abTot Catalunya \u00e9s Pirineu\u00bb\u201d.<\/p>\n<p>Ara aquest Assaig de Geografia humana de la muntanya ha estat reeditat de nou per la Societat Catalana de Geografia i va acompanyat d\u2019una llarga introducci\u00f3 en la que s\u2019explica l\u2019arribada a Catalunya dels nous corrents geogr\u00e0fics. Tamb\u00e9 s\u2019hi adjunten els q\u00fcestionaris que Blanchard, Felip Arb\u00f3s o el mateix Pau Vila utilitzaven per estudiar l\u2019economia i el mode de vida de la poblaci\u00f3 muntanyenca. Una obra que ens ofereix una situaci\u00f3 que estava canviant perqu\u00e8 la transhum\u00e0ncia generalment ja no es feia a peu, sin\u00f3 en vagons de tren o camions, el bov\u00ed de llet augmentava en import\u00e0ncia i per les muntanyes alpines apareixien els practicants dels nous esports de neu.<\/p>\n<p>Un assaig recomanat no nom\u00e9s per als estudiants del M\u00e0ster de Gesti\u00f3 d\u2019\u00c0rees de Muntanya que ofereixen de forma conjunta els cinc departaments de Geografia de les universitats p\u00fabliques catalanes, sin\u00f3 que tamb\u00e9 per ser llegida pels estudiosos dels modes de vida a les terres altes i per totes aquelles persones encuriosides per les comarques de muntanya.<\/p>\n<p>&nbsp;<\/p>\n<p>&nbsp;<\/p>\n","protected":false},"excerpt":{"rendered":"<p>L\u2019any 1922 Raoul Blanchard, que era un dels primers catedr\u00e0tics de Geografia de l\u2019estat franc\u00e8s [&hellip;]<\/p>\n","protected":false},"author":1,"featured_media":1525,"comment_status":"closed","ping_status":"closed","sticky":false,"template":"","format":"standard","meta":{"site-sidebar-layout":"default","site-content-layout":"default","ast-site-content-layout":"","site-content-style":"default","site-sidebar-style":"default","ast-global-header-display":"","ast-banner-title-visibility":"","ast-main-header-display":"","ast-hfb-above-header-display":"","ast-hfb-below-header-display":"","ast-hfb-mobile-header-display":"","site-post-title":"","ast-breadcrumbs-content":"","ast-featured-img":"","footer-sml-layout":"","theme-transparent-header-meta":"default","adv-header-id-meta":"","stick-header-meta":"default","header-above-stick-meta":"","header-main-stick-meta":"","header-below-stick-meta":"","astra-migrate-meta-layouts":"default","ast-page-background-enabled":"default","ast-page-background-meta":{"desktop":{"background-color":"var(--ast-global-color-4)","background-image":"","background-repeat":"repeat","background-position":"center center","background-size":"auto","background-attachment":"scroll","background-type":"","background-media":"","overlay-type":"","overlay-color":"","overlay-opacity":"","overlay-gradient":""},"tablet":{"background-color":"","background-image":"","background-repeat":"repeat","background-position":"center center","background-size":"auto","background-attachment":"scroll","background-type":"","background-media":"","overlay-type":"","overlay-color":"","overlay-opacity":"","overlay-gradient":""},"mobile":{"background-color":"","background-image":"","background-repeat":"repeat","background-position":"center center","background-size":"auto","background-attachment":"scroll","background-type":"","background-media":"","overlay-type":"","overlay-color":"","overlay-opacity":"","overlay-gradient":""}},"ast-content-background-meta":{"desktop":{"background-color":"var(--ast-global-color-5)","background-image":"","background-repeat":"repeat","background-position":"center center","background-size":"auto","background-attachment":"scroll","background-type":"","background-media":"","overlay-type":"","overlay-color":"","overlay-opacity":"","overlay-gradient":""},"tablet":{"background-color":"var(--ast-global-color-5)","background-image":"","background-repeat":"repeat","background-position":"center center","background-size":"auto","background-attachment":"scroll","background-type":"","background-media":"","overlay-type":"","overlay-color":"","overlay-opacity":"","overlay-gradient":""},"mobile":{"background-color":"var(--ast-global-color-5)","background-image":"","background-repeat":"repeat","background-position":"center center","background-size":"auto","background-attachment":"scroll","background-type":"","background-media":"","overlay-type":"","overlay-color":"","overlay-opacity":"","overlay-gradient":""}},"footnotes":""},"categories":[3],"tags":[22],"class_list":["post-1544","post","type-post","status-publish","format-standard","has-post-thumbnail","hentry","category-el-mirador","tag-76-febrer-2021"],"_links":{"self":[{"href":"https:\/\/sompirineu.cat\/senderia\/wp-json\/wp\/v2\/posts\/1544","targetHints":{"allow":["GET"]}}],"collection":[{"href":"https:\/\/sompirineu.cat\/senderia\/wp-json\/wp\/v2\/posts"}],"about":[{"href":"https:\/\/sompirineu.cat\/senderia\/wp-json\/wp\/v2\/types\/post"}],"author":[{"embeddable":true,"href":"https:\/\/sompirineu.cat\/senderia\/wp-json\/wp\/v2\/users\/1"}],"replies":[{"embeddable":true,"href":"https:\/\/sompirineu.cat\/senderia\/wp-json\/wp\/v2\/comments?post=1544"}],"version-history":[{"count":9,"href":"https:\/\/sompirineu.cat\/senderia\/wp-json\/wp\/v2\/posts\/1544\/revisions"}],"predecessor-version":[{"id":1760,"href":"https:\/\/sompirineu.cat\/senderia\/wp-json\/wp\/v2\/posts\/1544\/revisions\/1760"}],"wp:featuredmedia":[{"embeddable":true,"href":"https:\/\/sompirineu.cat\/senderia\/wp-json\/wp\/v2\/media\/1525"}],"wp:attachment":[{"href":"https:\/\/sompirineu.cat\/senderia\/wp-json\/wp\/v2\/media?parent=1544"}],"wp:term":[{"taxonomy":"category","embeddable":true,"href":"https:\/\/sompirineu.cat\/senderia\/wp-json\/wp\/v2\/categories?post=1544"},{"taxonomy":"post_tag","embeddable":true,"href":"https:\/\/sompirineu.cat\/senderia\/wp-json\/wp\/v2\/tags?post=1544"}],"curies":[{"name":"wp","href":"https:\/\/api.w.org\/{rel}","templated":true}]}}