{"id":1552,"date":"2021-02-10T10:32:54","date_gmt":"2021-02-10T10:32:54","guid":{"rendered":"https:\/\/sompirineu.cat\/senderia\/?p=1552"},"modified":"2021-03-11T11:09:33","modified_gmt":"2021-03-11T11:09:33","slug":"una-caminada-amb-rosa-colomer-tecnica-de-turisme","status":"publish","type":"post","link":"https:\/\/sompirineu.cat\/senderia\/una-caminada-amb-rosa-colomer-tecnica-de-turisme\/","title":{"rendered":"Rosa Colomer &#8211; Passejada per Prats de Llu\u00e7an\u00e8s"},"content":{"rendered":"<p>La caminada que us proposo ens portar\u00e0 lluny de les terres pirinenques, a un altipl\u00e0 de la Catalunya Central: el Llu\u00e7an\u00e8s i, concretament, al poble de Prats de Llu\u00e7an\u00e8s. Es tracta d\u2019una excursi\u00f3 que podem fer en unes dues hores, tot i que dep\u00e8n del qu\u00e8 ens encantem durant el recorregut. Molt recomanable per fer en fam\u00edlia o amb qualsevol altra bona companyia. Personalment, \u00e9s una ruta que m\u2019evoca la meva inf\u00e0ncia i que mai em fa mandra refer. Cada cop que la faig penso en el gran camp d\u2019aprenentatge del medi natural que va ser en companyia dels avis, que ara ja no hi s\u00f3n. L\u2019atractiu per als forasters rau en la varietat d\u2019ingredients que hi podem trobar, tant pel que fa al patrimoni natural com al cultural.<\/p>\n<p>El punt per comen\u00e7ar la ruta \u00e9s a les Tres Fonts, un lloc molt estimat pels pradencs \u2013aix\u00ed s\u2019anomenen els habitants del poble\u2013 i que pren aquest nom pel nombre de fonts presents. Les fonts servien per abastir d\u2019aigua la gent del poble, abans no arrib\u00e9s canalitzada a les cases. S\u2019explica que les fonts s\u00f3n el cel, el purgatori i l\u2019infern i que les cues eren llargu\u00edssimes per abastir-se d\u2019aigua a la primera, mentre que a les altres dues no hi havia ning\u00fa. Fins a principis del segle XX tamb\u00e9 es van fer servir per rentar la roba.<\/p>\n<p>La ruta s\u2019inicia pel cam\u00ed que marxa just pel costat d\u2019un edifici majestu\u00f3s. En els seus or\u00edgens era conegut amb el nom de cal Cirera, per\u00f2 a principis del segle XX, quan el senyor Josep Navarro hi va instal\u00b7lar la seva farm\u00e0cia, l\u2019edifici agaf\u00e0 el nom de cal Navarro \u2013i encara avui es coneix aix\u00ed. Fou tamb\u00e9 alcalde del poble i es conta que, cansat de l\u2019enrenou i les mol\u00e8sties que li ocasionaven les dones mentre rentaven la roba, va manar construir un safareig p\u00fablic. Ho va fer uns cent metres m\u00e9s avall en el nostre itinerari, en el rec Merdinyol, l\u2019any 1911. Pensant en les epid\u00e8mies, en va fer construir un de gran a l\u2019interior i un de m\u00e9s petit a l\u2019exterior per rentar la roba dels malalts. Passat el safareig, creuem el Merdinyol i ens enfilem per unes escales que ens portaran al carrer Hospital, que agafem cap a l\u2019esquerra i,seguint carrers avall, ens plantem al final del poble. Aqu\u00ed, creuem la carretera asfaltada per trobar les marques del PR C-44 que seguirem fins a Santa Eul\u00e0lia de Pardines. Els primers 150 metres anem per un petit corriol, per\u00f2 de seguida per una \u00e0mplia pista.<\/p>\n<p>Santa Eul\u00e0lia de Pardines, avui solit\u00e0ria i sense habitants al seu voltant, tingu\u00e9 una gran import\u00e0ncia entre els segles XV i XVIII quan era l\u2019esgl\u00e9sia de refer\u00e8ncia de la zona i, fins i tot, la mateixa esgl\u00e9sia de Sant Vicen\u00e7 de Prats en fou sufrag\u00e0nia. Sota les alzines s\u2019hi troba el punt d\u2019inici d\u2019un circuit fix d\u2019orientaci\u00f3 amb tres nivells de dificultat. El nostre itinerari, per\u00f2, segueix cap al sud \u2013seguint el PR- per sobre d\u2019una llarga roca i comen\u00e7a a baixar fins a trobar el rec del Soler a tocar del mol\u00ed de Galobardes, restaurat fa pocs anys. Al costat del mol\u00ed, un gorg amb un bonic salt. Pocs metres m\u00e9s endavant, l\u2019aiguabarreig del torrent de la Font de la Coromina i del torrent del Soler. Nosaltres resseguirem el de l\u2019esquerra, el del Soler, ara ja deixant les marques del PR per seguir les del sender local (SL) que marxen seguint el rec a contracorrent (el rec ens quedar\u00e0 sempre a la dreta). Arribem a Galobardes, una gran casa pairal que ens queda lleugerament per sobre, a la nostra esquerra.<\/p>\n<p>Continuem resseguint el rec per un bosc ben amable fins arribar a la font del Clotet, amb un gorg i una balma. L\u2019indret \u00e9s especialment bonic en \u00e8poques ben fredes, quan els caramells pengen del sostre de la balma.<\/p>\n<p><img fetchpriority=\"high\" decoding=\"async\" class=\"alignnone wp-image-1527\" src=\"https:\/\/sompirineu.cat\/senderia\/wp-content\/uploads\/2021\/03\/16_Galobardes-scaled.jpg\" alt=\"\" width=\"250\" height=\"250\" srcset=\"https:\/\/sompirineu.cat\/senderia\/wp-content\/uploads\/2021\/03\/16_Galobardes-scaled.jpg 2560w, https:\/\/sompirineu.cat\/senderia\/wp-content\/uploads\/2021\/03\/16_Galobardes-300x300.jpg 300w, https:\/\/sompirineu.cat\/senderia\/wp-content\/uploads\/2021\/03\/16_Galobardes-1024x1024.jpg 1024w, https:\/\/sompirineu.cat\/senderia\/wp-content\/uploads\/2021\/03\/16_Galobardes-150x150.jpg 150w, https:\/\/sompirineu.cat\/senderia\/wp-content\/uploads\/2021\/03\/16_Galobardes-768x768.jpg 768w, https:\/\/sompirineu.cat\/senderia\/wp-content\/uploads\/2021\/03\/16_Galobardes-1536x1536.jpg 1536w, https:\/\/sompirineu.cat\/senderia\/wp-content\/uploads\/2021\/03\/16_Galobardes-2048x2048.jpg 2048w\" sizes=\"(max-width: 250px) 100vw, 250px\" \/>\u00a0 \u00a0<img decoding=\"async\" class=\"alignnone wp-image-1528\" src=\"https:\/\/sompirineu.cat\/senderia\/wp-content\/uploads\/2021\/03\/17_Gorg-de-Galobardes-scaled.jpg\" alt=\"\" width=\"250\" height=\"250\" srcset=\"https:\/\/sompirineu.cat\/senderia\/wp-content\/uploads\/2021\/03\/17_Gorg-de-Galobardes-scaled.jpg 2560w, https:\/\/sompirineu.cat\/senderia\/wp-content\/uploads\/2021\/03\/17_Gorg-de-Galobardes-300x300.jpg 300w, https:\/\/sompirineu.cat\/senderia\/wp-content\/uploads\/2021\/03\/17_Gorg-de-Galobardes-1024x1024.jpg 1024w, https:\/\/sompirineu.cat\/senderia\/wp-content\/uploads\/2021\/03\/17_Gorg-de-Galobardes-150x150.jpg 150w, https:\/\/sompirineu.cat\/senderia\/wp-content\/uploads\/2021\/03\/17_Gorg-de-Galobardes-768x768.jpg 768w, https:\/\/sompirineu.cat\/senderia\/wp-content\/uploads\/2021\/03\/17_Gorg-de-Galobardes-1536x1536.jpg 1536w, https:\/\/sompirineu.cat\/senderia\/wp-content\/uploads\/2021\/03\/17_Gorg-de-Galobardes-2048x2048.jpg 2048w\" sizes=\"(max-width: 250px) 100vw, 250px\" \/><\/p>\n<p><em>Fotos: Rosa Colomer<\/em><\/p>\n<p>Creuem el rec per enfilar-nos per un corriol que puja i tot seguit tomba a la dreta. Enfront del corriol hi ha una de les cases de pag\u00e8s m\u00e9s significatives del municipi: el Soler de n\u2019Hug. Es tracta d\u2019una explotaci\u00f3 agr\u00edcola i ramadera, gaireb\u00e9 autosuficient que, fins i tot, compta amb un escorxador d\u2019ov\u00ed propi. Es poden fer visites guiades amb reserva pr\u00e8via (<a href=\"https:\/\/elsoler.cat\" target=\"_blank\" rel=\"noopener\">clic<\/a>).<\/p>\n<p>Seguint les marques de sender local \u2013que ja ens acompanyaran fins al poble- comencem a pujar suaument per una zona rocosa fins a trobar diversos camins que voregen camps. Arribem a una pista molt ben definida que seguirem cap a la dreta. Tot seguit creuem el torrent de la Font de la Coromina pel lloc conegut com a Passant de Llobernat. Avui el cam\u00ed \u00e9s ample i el bosc ben net, per\u00f2 el top\u00f2nim ens fa pensar que antigament l\u2019indret era for\u00e7a m\u00e9s fer\u00e9stec. Continuem pujant fins albirar al fons una gran casa pairal coneguda amb el nom de Santa Ll\u00facia. La casa est\u00e0 constru\u00efda sobre el qu\u00e8 fou el Castell de Quer, del qual en conserva una torre circular. A l\u2019altre costat, l\u2019esgl\u00e9sia de Santa Ll\u00facia, rom\u00e0nica del segle XIII i molt ben conservada.<br \/>\nPer b\u00e9 que el conjunt \u00e9s privat, cada any per Santa Ll\u00facia obren les portes de l\u2019esgl\u00e9sia perqu\u00e8 es pugui visitar. Des d\u2019aqu\u00ed, ja nom\u00e9s ens quedar\u00e0 desfer un parell de carrers del poble per retornar al punt on hav\u00edem iniciat l\u2019excursi\u00f3.<\/p>\n<hr \/>\n<ul>\n<li>Podeu deixar-vos orientar pels mapes del Llu\u00e7an\u00e8s, escala 1:25.000, de l\u2019editorial Alpina o de l\u2019Institut<br \/>\nCartogr\u00e0fic i Geol\u00f2gic de Catalunya.<\/li>\n<li>I un llibre curi\u00f3s: Tal com raja. <em>Com s\u2019ha rentat la roba al Llu\u00e7an\u00e8s.<\/em> Carme Arnau, Dolors Puigoriol i Pilar<br \/>\nMarmi, editat pel \u201cCol\u00b7lectiu fem safareig\u201d del Centre d\u2019Estudi del Llu\u00e7an\u00e8s, juliol 2012.<\/li>\n<\/ul>\n","protected":false},"excerpt":{"rendered":"<p>La caminada que us proposo ens portar\u00e0 lluny de les terres pirinenques, a un altipl\u00e0 [&hellip;]<\/p>\n","protected":false},"author":1,"featured_media":1526,"comment_status":"closed","ping_status":"closed","sticky":false,"template":"","format":"standard","meta":{"site-sidebar-layout":"default","site-content-layout":"default","ast-site-content-layout":"","site-content-style":"default","site-sidebar-style":"default","ast-global-header-display":"","ast-banner-title-visibility":"","ast-main-header-display":"","ast-hfb-above-header-display":"","ast-hfb-below-header-display":"","ast-hfb-mobile-header-display":"","site-post-title":"","ast-breadcrumbs-content":"","ast-featured-img":"","footer-sml-layout":"","theme-transparent-header-meta":"default","adv-header-id-meta":"","stick-header-meta":"default","header-above-stick-meta":"","header-main-stick-meta":"","header-below-stick-meta":"","astra-migrate-meta-layouts":"default","ast-page-background-enabled":"default","ast-page-background-meta":{"desktop":{"background-color":"var(--ast-global-color-4)","background-image":"","background-repeat":"repeat","background-position":"center center","background-size":"auto","background-attachment":"scroll","background-type":"","background-media":"","overlay-type":"","overlay-color":"","overlay-opacity":"","overlay-gradient":""},"tablet":{"background-color":"","background-image":"","background-repeat":"repeat","background-position":"center center","background-size":"auto","background-attachment":"scroll","background-type":"","background-media":"","overlay-type":"","overlay-color":"","overlay-opacity":"","overlay-gradient":""},"mobile":{"background-color":"","background-image":"","background-repeat":"repeat","background-position":"center center","background-size":"auto","background-attachment":"scroll","background-type":"","background-media":"","overlay-type":"","overlay-color":"","overlay-opacity":"","overlay-gradient":""}},"ast-content-background-meta":{"desktop":{"background-color":"var(--ast-global-color-5)","background-image":"","background-repeat":"repeat","background-position":"center center","background-size":"auto","background-attachment":"scroll","background-type":"","background-media":"","overlay-type":"","overlay-color":"","overlay-opacity":"","overlay-gradient":""},"tablet":{"background-color":"var(--ast-global-color-5)","background-image":"","background-repeat":"repeat","background-position":"center center","background-size":"auto","background-attachment":"scroll","background-type":"","background-media":"","overlay-type":"","overlay-color":"","overlay-opacity":"","overlay-gradient":""},"mobile":{"background-color":"var(--ast-global-color-5)","background-image":"","background-repeat":"repeat","background-position":"center center","background-size":"auto","background-attachment":"scroll","background-type":"","background-media":"","overlay-type":"","overlay-color":"","overlay-opacity":"","overlay-gradient":""}},"footnotes":""},"categories":[6],"tags":[22],"class_list":["post-1552","post","type-post","status-publish","format-standard","has-post-thumbnail","hentry","category-una-caminada-amb","tag-76-febrer-2021"],"_links":{"self":[{"href":"https:\/\/sompirineu.cat\/senderia\/wp-json\/wp\/v2\/posts\/1552","targetHints":{"allow":["GET"]}}],"collection":[{"href":"https:\/\/sompirineu.cat\/senderia\/wp-json\/wp\/v2\/posts"}],"about":[{"href":"https:\/\/sompirineu.cat\/senderia\/wp-json\/wp\/v2\/types\/post"}],"author":[{"embeddable":true,"href":"https:\/\/sompirineu.cat\/senderia\/wp-json\/wp\/v2\/users\/1"}],"replies":[{"embeddable":true,"href":"https:\/\/sompirineu.cat\/senderia\/wp-json\/wp\/v2\/comments?post=1552"}],"version-history":[{"count":9,"href":"https:\/\/sompirineu.cat\/senderia\/wp-json\/wp\/v2\/posts\/1552\/revisions"}],"predecessor-version":[{"id":1754,"href":"https:\/\/sompirineu.cat\/senderia\/wp-json\/wp\/v2\/posts\/1552\/revisions\/1754"}],"wp:featuredmedia":[{"embeddable":true,"href":"https:\/\/sompirineu.cat\/senderia\/wp-json\/wp\/v2\/media\/1526"}],"wp:attachment":[{"href":"https:\/\/sompirineu.cat\/senderia\/wp-json\/wp\/v2\/media?parent=1552"}],"wp:term":[{"taxonomy":"category","embeddable":true,"href":"https:\/\/sompirineu.cat\/senderia\/wp-json\/wp\/v2\/categories?post=1552"},{"taxonomy":"post_tag","embeddable":true,"href":"https:\/\/sompirineu.cat\/senderia\/wp-json\/wp\/v2\/tags?post=1552"}],"curies":[{"name":"wp","href":"https:\/\/api.w.org\/{rel}","templated":true}]}}