{"id":1623,"date":"2021-03-10T18:58:25","date_gmt":"2021-03-10T18:58:25","guid":{"rendered":"https:\/\/sompirineu.cat\/senderia\/?p=1623"},"modified":"2021-03-11T09:33:38","modified_gmt":"2021-03-11T09:33:38","slug":"ramon-iglesias-tecnic-de-desenvolupament-turistic","status":"publish","type":"post","link":"https:\/\/sompirineu.cat\/senderia\/ramon-iglesias-tecnic-de-desenvolupament-turistic\/","title":{"rendered":"Ramon Iglesias &#8211; Volta al roc de Pessonada"},"content":{"rendered":"<p>Des que visc al Pallars Juss\u00e0 que la volta al roc de Pessonada \u00e9s una de les rutes preferides per portar als amics i familiars que venen de visita. Cont\u00e9 la majoria d\u2019ingredients que fan que sigui una excursi\u00f3 perfecta: vistes espectaculars al llarg de tota la ruta, la proesa de fer un cim, la pres\u00e8ncia dels voltors i altres grans rapinyaires all\u00ed mateix, una mica d\u2019aventura amb els escaligons i la conveni\u00e8ncia de la seva durada de 2 horetes i mitja.<\/p>\n<p>La ruta comen\u00e7a a la part alta del poble de Pessonada, on un panell informatiu indica l\u2019inici del sender. Els primers minuts transcorren entre grans roures i alzines, per arribar de seguida a l\u2019ermita rom\u00e0nica de la Mare de D\u00e9u de la Plana, del segle XI, un bon lloc per a fer les primeres fotografies ja amb les vistes del pant\u00e0 de Sant Antoni. El cam\u00ed segueix cap a la paret del roc de Pessonada per, de manera progressiva, anar ascendint. En tot moment el cam\u00ed est\u00e0 senyalitzat, sigui amb marques grogues a les pedres o amb fites de pedra: no hi ha p\u00e8rdua.<\/p>\n<p>Habitualment, el roc de Pessonada est\u00e0 farcit de voltors, n\u2019hi ha molts i s\u00f3n molt f\u00e0cils de veure, sobrevolant el roc o volant arran de paret. Tamb\u00e9 us ser\u00e0 f\u00e0cil veure i escoltar les gralles de bec vermell, les quals emeten un xisclet molt caracter\u00edstic, i, si dueu prism\u00e0tics o si les veieu de prop, veureu clarament el perqu\u00e8 del seu nom.<\/p>\n<p>Ens anem enfilant cap amunt del roc, primer de manera molt suau i de mica en mica es va fent una mica m\u00e9s vertical, agafant al\u00e7ada i millorant cada cop m\u00e9s les vistes a tota la vessant sud. A mesura que anem ascendint, tenim els voltors cada cop m\u00e9s a prop, fins que arriba un moment que ja no volen per sobre nostre sin\u00f3 que estarem a la seva mateixa al\u00e7ada. Aqu\u00ed us recomano asseure-us en un lloc discret, mig amagat entre els cingles, per tal que els voltors no us vegin de lluny i aix\u00ed passin tranquil\u00b7lament per davant vostre gaireb\u00e9 a tocar. \u00c9s espectacular escoltar el batec de les ales d\u2019aquests grans ocells, veure els colors de les plomes i com duen el llarg coll recollit, sobrevolant amb lleugeresa a pocs metres per davant nostre. Els m\u00e9s nombrosos s\u00f3n els voltors comuns, per\u00f2 depenent de la sort, veureu algun voltor negre i, fins i tot, algun trencal\u00f2s. I, amb els prism\u00e0tics, no seria estrany que volant m\u00e9s amunt veieu apar\u00e8ixer l\u2019\u00e0guila daurada, la m\u00e9s gran i espectacular de les \u00e0guiles de casa nostra.<\/p>\n<p>Al darrer tram de l\u2019ascens al roc hi ha alguns passos equipats amb una sirga, per ajudar amb la pujada, i fins i tot uns escaligons, uns graons de ferro assegurats a la roca que permeten superar amb m\u00e9s facilitat dos petits trams. No us espanteu, la ruta \u00e9s per a tots els p\u00fablics, sempre i quan es compti amb un m\u00ednim estat de forma f\u00edsica.<\/p>\n<p><a href=\"https:\/\/sompirineu.cat\/senderia\/wp-content\/uploads\/2021\/03\/roc-de-Pessonada-scaled.jpg\"><img fetchpriority=\"high\" decoding=\"async\" class=\"wp-image-1622 aligncenter\" src=\"https:\/\/sompirineu.cat\/senderia\/wp-content\/uploads\/2021\/03\/roc-de-Pessonada-300x169.jpg\" alt=\"\" width=\"440\" height=\"248\" srcset=\"https:\/\/sompirineu.cat\/senderia\/wp-content\/uploads\/2021\/03\/roc-de-Pessonada-300x169.jpg 300w, https:\/\/sompirineu.cat\/senderia\/wp-content\/uploads\/2021\/03\/roc-de-Pessonada-1024x576.jpg 1024w, https:\/\/sompirineu.cat\/senderia\/wp-content\/uploads\/2021\/03\/roc-de-Pessonada-768x432.jpg 768w, https:\/\/sompirineu.cat\/senderia\/wp-content\/uploads\/2021\/03\/roc-de-Pessonada-1536x865.jpg 1536w, https:\/\/sompirineu.cat\/senderia\/wp-content\/uploads\/2021\/03\/roc-de-Pessonada-2048x1153.jpg 2048w\" sizes=\"(max-width: 440px) 100vw, 440px\" \/><\/a><\/p>\n<p>L\u2019arribada al capdamunt del roc \u00e9s una meravella, amb les vistes als Pirineus que s\u2019obriran al davant nostre. \u00c9s un espectacle, 360 graus de paisatge. Al nord, els pics de la vall Fosca, d\u2019Aig\u00fcestortes i dels Pirineus; a l\u2019est, el Boumort i la serra de Carreu; al sud, Sant Corneli, els pantans de Sant Antoni i Terradets, la conca de Tremp, el Montsec, amb els talls al congost de Terradets i de Mont-rebei; i a l\u2019oest, la vall alta de Serradell, Collegats o el Turb\u00f3n, entre altres. Tindreu la sensaci\u00f3 que l\u2019esfor\u00e7 de la pujada ha valgut la pena.<\/p>\n<p>D\u2019aqu\u00ed, seguint la carena direcci\u00f3 oest (a l\u2019esquerra tal com hem pujat), comen\u00e7a el cam\u00ed de baixada. Al principi per la vessant sud del cingle, poc a poc el cam\u00ed ens du al lateral del barranc de Sant Mart\u00ed. No hi ha p\u00e8rdua, per\u00f2 cal estar atents, ja que trobarem diverses traces que baixen i que, tot i conduir cap al mateix lloc, poden confondre una mica. En un moment determinat a l\u2019esquerra trobarem una indicaci\u00f3, opcional, per anar a la petita ermita de Sant Joanet, constru\u00efda a la balma de la roca.<\/p>\n<p>Una cop acabat el descens pel barranc, trobarem un pal indicatiu de Sant Mart\u00ed de Canals, per\u00f2 nosaltres girarem a l\u2019esquerra, seguint el cam\u00ed d\u2019una l\u00ednia el\u00e8ctrica que fa una lleu pujada. Anirem trobant marques grogues, fins arribar a un bancal d\u2019ametllers que creuarem pel costat. D\u2019all\u00ed agafarem una pista que ens conduir\u00e0 fins a la carretera i, en pocs minuts, tornarem a estar al lloc on hem aparcat.<\/p>\n<p>Una darrera recomanaci\u00f3, per\u00f2 nom\u00e9s per a qui ja hagi fet algun cop la ruta, \u00e9s veure la posta de sol des del cap de roc. Un altre espectacle, amb les tonalitats vermelloses que s\u2019estenen per tot el cel per sobre del pant\u00e0. Ideal Instagram (no oblideu d\u2019etiquetar-nos amb #pallarsjussa). Aix\u00f2 s\u00ed, la baixada cal fer-la r\u00e0pidament per tal que no es faci fosc: per aix\u00f2 millor fer-ho nom\u00e9s qui ja en conegui b\u00e9 els topalls.<\/p>\n<p>&nbsp;<\/p>\n","protected":false},"excerpt":{"rendered":"<p>Des que visc al Pallars Juss\u00e0 que la volta al roc de Pessonada \u00e9s una [&hellip;]<\/p>\n","protected":false},"author":3,"featured_media":1621,"comment_status":"closed","ping_status":"closed","sticky":false,"template":"","format":"standard","meta":{"site-sidebar-layout":"default","site-content-layout":"default","ast-site-content-layout":"","site-content-style":"default","site-sidebar-style":"default","ast-global-header-display":"","ast-banner-title-visibility":"","ast-main-header-display":"","ast-hfb-above-header-display":"","ast-hfb-below-header-display":"","ast-hfb-mobile-header-display":"","site-post-title":"","ast-breadcrumbs-content":"","ast-featured-img":"","footer-sml-layout":"","theme-transparent-header-meta":"default","adv-header-id-meta":"","stick-header-meta":"default","header-above-stick-meta":"","header-main-stick-meta":"","header-below-stick-meta":"","astra-migrate-meta-layouts":"default","ast-page-background-enabled":"default","ast-page-background-meta":{"desktop":{"background-color":"var(--ast-global-color-4)","background-image":"","background-repeat":"repeat","background-position":"center center","background-size":"auto","background-attachment":"scroll","background-type":"","background-media":"","overlay-type":"","overlay-color":"","overlay-opacity":"","overlay-gradient":""},"tablet":{"background-color":"","background-image":"","background-repeat":"repeat","background-position":"center center","background-size":"auto","background-attachment":"scroll","background-type":"","background-media":"","overlay-type":"","overlay-color":"","overlay-opacity":"","overlay-gradient":""},"mobile":{"background-color":"","background-image":"","background-repeat":"repeat","background-position":"center center","background-size":"auto","background-attachment":"scroll","background-type":"","background-media":"","overlay-type":"","overlay-color":"","overlay-opacity":"","overlay-gradient":""}},"ast-content-background-meta":{"desktop":{"background-color":"var(--ast-global-color-5)","background-image":"","background-repeat":"repeat","background-position":"center center","background-size":"auto","background-attachment":"scroll","background-type":"","background-media":"","overlay-type":"","overlay-color":"","overlay-opacity":"","overlay-gradient":""},"tablet":{"background-color":"var(--ast-global-color-5)","background-image":"","background-repeat":"repeat","background-position":"center center","background-size":"auto","background-attachment":"scroll","background-type":"","background-media":"","overlay-type":"","overlay-color":"","overlay-opacity":"","overlay-gradient":""},"mobile":{"background-color":"var(--ast-global-color-5)","background-image":"","background-repeat":"repeat","background-position":"center center","background-size":"auto","background-attachment":"scroll","background-type":"","background-media":"","overlay-type":"","overlay-color":"","overlay-opacity":"","overlay-gradient":""}},"footnotes":""},"categories":[6],"tags":[23],"class_list":["post-1623","post","type-post","status-publish","format-standard","has-post-thumbnail","hentry","category-una-caminada-amb","tag-77-marc-2021"],"_links":{"self":[{"href":"https:\/\/sompirineu.cat\/senderia\/wp-json\/wp\/v2\/posts\/1623","targetHints":{"allow":["GET"]}}],"collection":[{"href":"https:\/\/sompirineu.cat\/senderia\/wp-json\/wp\/v2\/posts"}],"about":[{"href":"https:\/\/sompirineu.cat\/senderia\/wp-json\/wp\/v2\/types\/post"}],"author":[{"embeddable":true,"href":"https:\/\/sompirineu.cat\/senderia\/wp-json\/wp\/v2\/users\/3"}],"replies":[{"embeddable":true,"href":"https:\/\/sompirineu.cat\/senderia\/wp-json\/wp\/v2\/comments?post=1623"}],"version-history":[{"count":8,"href":"https:\/\/sompirineu.cat\/senderia\/wp-json\/wp\/v2\/posts\/1623\/revisions"}],"predecessor-version":[{"id":1746,"href":"https:\/\/sompirineu.cat\/senderia\/wp-json\/wp\/v2\/posts\/1623\/revisions\/1746"}],"wp:featuredmedia":[{"embeddable":true,"href":"https:\/\/sompirineu.cat\/senderia\/wp-json\/wp\/v2\/media\/1621"}],"wp:attachment":[{"href":"https:\/\/sompirineu.cat\/senderia\/wp-json\/wp\/v2\/media?parent=1623"}],"wp:term":[{"taxonomy":"category","embeddable":true,"href":"https:\/\/sompirineu.cat\/senderia\/wp-json\/wp\/v2\/categories?post=1623"},{"taxonomy":"post_tag","embeddable":true,"href":"https:\/\/sompirineu.cat\/senderia\/wp-json\/wp\/v2\/tags?post=1623"}],"curies":[{"name":"wp","href":"https:\/\/api.w.org\/{rel}","templated":true}]}}