{"id":1978,"date":"2020-06-10T09:58:10","date_gmt":"2020-06-10T07:58:10","guid":{"rendered":"https:\/\/sompirineu.cat\/senderia\/?p=1978"},"modified":"2021-03-18T10:21:44","modified_gmt":"2021-03-18T09:21:44","slug":"1978-2","status":"publish","type":"post","link":"https:\/\/sompirineu.cat\/senderia\/1978-2\/","title":{"rendered":"Elvira Mata &#8211; Buscant el cam\u00ed del Cargolet"},"content":{"rendered":"<p>El cam\u00ed que us proposo no el trobareu a les guies de muntanya, no est\u00e0 senyalitzat, no \u00e9s transitat i fins i tot en algun tram no est\u00e0 clar quin era exactament el seu tra\u00e7at. Aix\u00ed doncs, us diria que la proposta que us faig \u00e9s la de seguir una ruta de descoberta. \u00c9s el cam\u00ed que anava antigament de Montell\u00e0 a V\u00edllec, a tocar del Parc Natural del Cad\u00ed-Moixer\u00f3.<\/p>\n<p>Iniciem la passejada a Montell\u00e0. A l\u2019entrada de la vila hi trobareu una pla\u00e7a amb un aparcament, just al costat d\u2019un antic mas anomenat Cal Calsot (<a href=\"https:\/\/www.calcalsot.com\/\">clic<\/a>), que avui \u00e9s una casa de turisme rural. Aquesta casa data de finals del segle XVIII i est\u00e0 catalogada com a Patrimoni Cultural Catal\u00e0.<\/p>\n<p>Marxem de Montell\u00e0 en direcci\u00f3 a Martinet, passem per la cru\u00eflla de l\u2019Oratori i seguim carretera avall fins un trencant sense asfaltar que trobarem a m\u00e0 esquerra, f\u00e0cil de localitzar perqu\u00e8 hi ha un cobert amb estris i materials de pagesia. Seguim endavant i topem amb una barrera feta de branques per impedir el pas dels animals. La voregem i continuem.<\/p>\n<p>El recorregut a partir d\u2019aqu\u00ed no \u00e9s f\u00e0cil d\u2019explicar perqu\u00e8 hi ha trencalls a dreta i esquerra que porten als diversos camps i, per tant, us recomanem que seguiu amb atenci\u00f3 el mapa que adjuntem, on trobareu aquesta part del tra\u00e7at, m\u00e9s dif\u00edcil, marcat de color vermell. Es tracta d\u2019un cam\u00ed que havia quedat en des\u00fas fins que un mat\u00ed d\u2019estiu de fa sis anys un grup de persones el v\u00e0rem rescatar de l\u2019oblit. Podria ser que en algun punt pass\u00e9ssiu de llarg el desviament correcte i hagu\u00e9ssiu de fer marxa enrere, per\u00f2 en tot cas s\u00f3n trossos curts.<\/p>\n<p><img fetchpriority=\"high\" decoding=\"async\" class=\"alignnone wp-image-1974\" src=\"https:\/\/sompirineu.cat\/senderia\/wp-content\/uploads\/2021\/03\/Cami-de-Montella-a-Villec-Mapa-300x160.jpg\" alt=\"\" width=\"600\" height=\"320\" srcset=\"https:\/\/sompirineu.cat\/senderia\/wp-content\/uploads\/2021\/03\/Cami-de-Montella-a-Villec-Mapa-300x160.jpg 300w, https:\/\/sompirineu.cat\/senderia\/wp-content\/uploads\/2021\/03\/Cami-de-Montella-a-Villec-Mapa-1024x546.jpg 1024w, https:\/\/sompirineu.cat\/senderia\/wp-content\/uploads\/2021\/03\/Cami-de-Montella-a-Villec-Mapa-768x409.jpg 768w, https:\/\/sompirineu.cat\/senderia\/wp-content\/uploads\/2021\/03\/Cami-de-Montella-a-Villec-Mapa-1536x819.jpg 1536w, https:\/\/sompirineu.cat\/senderia\/wp-content\/uploads\/2021\/03\/Cami-de-Montella-a-Villec-Mapa.jpg 1559w\" sizes=\"(max-width: 600px) 100vw, 600px\" \/><\/p>\n<p>En aquest tram trobarem les tradicionals parets de pedra seca que subjecten els camps en terrenys inclinats. El cam\u00ed fa baixada en direcci\u00f3 al riu de V\u00edllec. Sorpr\u00e8n trobar un entorn tan ple d\u2019arbres i vegetaci\u00f3, humit, fins i tot de certa frondositat, en contraposici\u00f3 del paisatge sec i assolellat dels camps llaurats que hem trobat a la primera part de l\u2019itinerari.<\/p>\n<p>Al final d\u2019aquest pendent, el cam\u00ed es troba amb un canal de rec, que ja\u00a0 s\u2019esmenta en el Capbreu de Montell\u00e0 de 1630, on es fa constar que els jesu\u00eftes del Col\u00b7legi de Sant Andreu de la Seu d\u2019Urgell, importants propietaris de terres en el terme de Montell\u00e0, havien comprat el dret a l\u2019aigua d\u2019aquest canal.<\/p>\n<p>El punt on ens trobem coincideix amb una cantonada de la devesa de cal Llatge, que s\u2019est\u00e9n entre el riu de V\u00edllec i el canal de rec. Aqu\u00ed comen\u00e7a una paret de pedra que limita la devesa pel sud fins al riu.<\/p>\n<p>A partir d\u2019aqu\u00ed no es coneix per on continuava el cam\u00ed. Una possibilitat seria que\u00a0 segu\u00eds el mateix canal, aigua amunt, compartint trajecte. El fet de no transitar-lo i la permanent circulaci\u00f3 d\u2019aigua ha eixamplat el canal i ha minvat l\u2019espai de pas, deixant una m\u00ednima \u201cbarana\u201d per caminar, i a voltes ni aix\u00f2. Quan el canal \u00e9s sec s\u2019hi pot circular amb tota comoditat.<\/p>\n<p>Cada vegada estem m\u00e9s a prop del riu i en qualsevol moment podem decidir creuar- lo per agafar la carretera asfaltada paral\u00b7lela al riu en direcci\u00f3 a V\u00edllec. Tant si decidim seguir pel canal de rec com si anem per la carretera arribarem al Mol\u00ed de Bramasacs que \u00e9s on el canal agafa l\u2019aigua del riu.<\/p>\n<p>Aqu\u00ed \u00e9s on el riu deixava el terme de V\u00edllec i Estana per entrar al de Montell\u00e0. Nom\u00e9s a partir d\u2019aqu\u00ed els era perm\u00e8s als ve\u00efns d\u2019aquest terme agafar l\u2019aigua. Actualment V\u00edllec i Estana son una entitat descentralitzada dins el municipi de Montell\u00e0 i Martinet.<\/p>\n<p>El Mol\u00ed de Bramasacs fou constru\u00eft l\u2019any 1700 i va deixar de funcionar com a mol\u00ed l\u2019any 1931. Avui \u00e9s un restaurant de cuina tradicional i casa de turisme rural en un indret molt bonic a tocar del Cad\u00ed (<a href=\"http:\/\/www.bramasacscadi.com\/cat\/\" target=\"_blank\" rel=\"noopener\">clic<\/a>).<\/p>\n<p>Seguint la carretera poc m\u00e9s d\u2019un quil\u00f2metre arribarem a V\u00edllec, ja dins dels l\u00edmits del Parc Natural del Cad\u00ed-Moixer\u00f3, que avui \u00e9s un nucli\u00a0 dispers amb molt pocs habitants. Hi podrem veure la petita esgl\u00e9sia de Sant Mart\u00ed\u00a0 d\u2019estil rom\u00e0nic que fou edificada el segle\u00a0 XII. Cinc quil\u00f2metres m\u00e9s amunt arribar\u00edem al santuari de la Mare de D\u00e9u de Bastanist, d\u2019origen rom\u00e0nic, amb unes vistes magn\u00edfiques als espadats de la cara nord del Cad\u00ed.<\/p>\n<p>Tots els camins estan plens de hist\u00f2ries de vida i aquest tamb\u00e9 te la seva. La darrera persona que va fer regularment aquest cam\u00ed va ser la Trinitat Mateos, la \u201cTrini\u201d, mestre de Montell\u00e0, quan anava a fer classe als seus alumnes de V\u00edllec. La gent de m\u00e9s edat de Montell\u00e0 recorden que quan l\u2019hivern era molt cru aquests alumnes s\u2019estaven a casa de la mestra per mantenir l\u2019escolaritzaci\u00f3 i evitar a la dona despla\u00e7aments en condicions massa penoses.<\/p>\n<p>A l&#8217;Arxiu de Puigcerd\u00e0 guarden un document manuscrit de la Trini de \u00a0l&#8217;1 de juny de 1936, poques setmanes abans de l\u2019inici de la Guerra Civil. En aquest escrit, la Trinitat, com a mestra de Montell\u00e0, donava la seva opini\u00f3 contr\u00e0ria al canvi de capitalitat del municipi, que es va traslladar en aquelles dates de Montell\u00e0 a Martinet. En el seu escrit la mestra es mostrava contr\u00e0ria al trasllat perqu\u00e8 Martinet quedava massa allunyat de moltes masies que prou feina tenien per arribar a Montell\u00e0.\u00a0 Per a \u00a0ella, era\u00a0 \u201c<em>un atropell per las dotze masies que de sobras pen\u00f3s u\u00b7tenen per vindre a Montella. \u00bfQue ser\u00e0 si se\u00b7ls allunya dos kil\u00f2metres m\u00e9s?<\/em>\u201d Continua dient: \u201c<em>No crec que la verdadera democracia aconselli fe[r] gaudi[r] de tota comoditat a la majoria a costa de sacrifica[r] un n\u00famero de ve\u00efns que per culpa dels governs anteriors han estat i encara estant sensa cap classe de facilitats<\/em>\u201d.<\/p>\n<p><img decoding=\"async\" class=\"alignnone size-medium wp-image-1975\" src=\"https:\/\/sompirineu.cat\/senderia\/wp-content\/uploads\/2021\/03\/Escrit-Trini-1936-225x300.jpg\" alt=\"\" width=\"225\" height=\"300\" srcset=\"https:\/\/sompirineu.cat\/senderia\/wp-content\/uploads\/2021\/03\/Escrit-Trini-1936-225x300.jpg 225w, https:\/\/sompirineu.cat\/senderia\/wp-content\/uploads\/2021\/03\/Escrit-Trini-1936-768x1024.jpg 768w, https:\/\/sompirineu.cat\/senderia\/wp-content\/uploads\/2021\/03\/Escrit-Trini-1936-1152x1536.jpg 1152w, https:\/\/sompirineu.cat\/senderia\/wp-content\/uploads\/2021\/03\/Escrit-Trini-1936.jpg 1536w\" sizes=\"(max-width: 225px) 100vw, 225px\" \/><\/p>\n<p>Quan la Trini feia aquest cam\u00ed era anomenat cam\u00ed del Cargolet, com el canal de rec que tenia el nom de s\u00e8quia del Cargolet. Sembla que aquest nom venia d\u2019una casa que hi havia hagut en aquest entorn.<\/p>\n<p>Espero que us animeu a fer aquesta passejada i us serveixi per con\u00e8ixer una mica m\u00e9s aquest rac\u00f3 del Barid\u00e0.<\/p>\n","protected":false},"excerpt":{"rendered":"<p>El cam\u00ed que us proposo no el trobareu a les guies de muntanya, no est\u00e0 [&hellip;]<\/p>\n","protected":false},"author":3,"featured_media":1976,"comment_status":"closed","ping_status":"closed","sticky":false,"template":"","format":"standard","meta":{"site-sidebar-layout":"default","site-content-layout":"default","ast-site-content-layout":"","site-content-style":"default","site-sidebar-style":"default","ast-global-header-display":"","ast-banner-title-visibility":"","ast-main-header-display":"","ast-hfb-above-header-display":"","ast-hfb-below-header-display":"","ast-hfb-mobile-header-display":"","site-post-title":"","ast-breadcrumbs-content":"","ast-featured-img":"","footer-sml-layout":"","theme-transparent-header-meta":"default","adv-header-id-meta":"","stick-header-meta":"default","header-above-stick-meta":"","header-main-stick-meta":"","header-below-stick-meta":"","astra-migrate-meta-layouts":"default","ast-page-background-enabled":"default","ast-page-background-meta":{"desktop":{"background-color":"var(--ast-global-color-4)","background-image":"","background-repeat":"repeat","background-position":"center center","background-size":"auto","background-attachment":"scroll","background-type":"","background-media":"","overlay-type":"","overlay-color":"","overlay-opacity":"","overlay-gradient":""},"tablet":{"background-color":"","background-image":"","background-repeat":"repeat","background-position":"center center","background-size":"auto","background-attachment":"scroll","background-type":"","background-media":"","overlay-type":"","overlay-color":"","overlay-opacity":"","overlay-gradient":""},"mobile":{"background-color":"","background-image":"","background-repeat":"repeat","background-position":"center center","background-size":"auto","background-attachment":"scroll","background-type":"","background-media":"","overlay-type":"","overlay-color":"","overlay-opacity":"","overlay-gradient":""}},"ast-content-background-meta":{"desktop":{"background-color":"var(--ast-global-color-5)","background-image":"","background-repeat":"repeat","background-position":"center center","background-size":"auto","background-attachment":"scroll","background-type":"","background-media":"","overlay-type":"","overlay-color":"","overlay-opacity":"","overlay-gradient":""},"tablet":{"background-color":"var(--ast-global-color-5)","background-image":"","background-repeat":"repeat","background-position":"center center","background-size":"auto","background-attachment":"scroll","background-type":"","background-media":"","overlay-type":"","overlay-color":"","overlay-opacity":"","overlay-gradient":""},"mobile":{"background-color":"var(--ast-global-color-5)","background-image":"","background-repeat":"repeat","background-position":"center center","background-size":"auto","background-attachment":"scroll","background-type":"","background-media":"","overlay-type":"","overlay-color":"","overlay-opacity":"","overlay-gradient":""}},"footnotes":""},"categories":[6],"tags":[25],"class_list":["post-1978","post","type-post","status-publish","format-standard","has-post-thumbnail","hentry","category-una-caminada-amb","tag-69-juny-2020"],"_links":{"self":[{"href":"https:\/\/sompirineu.cat\/senderia\/wp-json\/wp\/v2\/posts\/1978","targetHints":{"allow":["GET"]}}],"collection":[{"href":"https:\/\/sompirineu.cat\/senderia\/wp-json\/wp\/v2\/posts"}],"about":[{"href":"https:\/\/sompirineu.cat\/senderia\/wp-json\/wp\/v2\/types\/post"}],"author":[{"embeddable":true,"href":"https:\/\/sompirineu.cat\/senderia\/wp-json\/wp\/v2\/users\/3"}],"replies":[{"embeddable":true,"href":"https:\/\/sompirineu.cat\/senderia\/wp-json\/wp\/v2\/comments?post=1978"}],"version-history":[{"count":5,"href":"https:\/\/sompirineu.cat\/senderia\/wp-json\/wp\/v2\/posts\/1978\/revisions"}],"predecessor-version":[{"id":1983,"href":"https:\/\/sompirineu.cat\/senderia\/wp-json\/wp\/v2\/posts\/1978\/revisions\/1983"}],"wp:featuredmedia":[{"embeddable":true,"href":"https:\/\/sompirineu.cat\/senderia\/wp-json\/wp\/v2\/media\/1976"}],"wp:attachment":[{"href":"https:\/\/sompirineu.cat\/senderia\/wp-json\/wp\/v2\/media?parent=1978"}],"wp:term":[{"taxonomy":"category","embeddable":true,"href":"https:\/\/sompirineu.cat\/senderia\/wp-json\/wp\/v2\/categories?post=1978"},{"taxonomy":"post_tag","embeddable":true,"href":"https:\/\/sompirineu.cat\/senderia\/wp-json\/wp\/v2\/tags?post=1978"}],"curies":[{"name":"wp","href":"https:\/\/api.w.org\/{rel}","templated":true}]}}