{"id":2043,"date":"2020-05-10T12:19:21","date_gmt":"2020-05-10T10:19:21","guid":{"rendered":"https:\/\/sompirineu.cat\/senderia\/?p=2043"},"modified":"2021-04-04T11:07:16","modified_gmt":"2021-04-04T09:07:16","slug":"2043-2","status":"publish","type":"post","link":"https:\/\/sompirineu.cat\/senderia\/2043-2\/","title":{"rendered":"Laura Mas\u00f3 &#8211; Caminant per l&#8217;Evritania"},"content":{"rendered":"<p>En aquests moments de trencar idees i rutines, ens aproximem al pa\u00eds hel\u2022l\u00e8nic tamb\u00e9 trencant t\u00f2pics, passejant-nos per les seves muntanyes i endinsant-nos en l&#8217;autenticitat de les zones rurals. I ens posem les xiruques, comprovant que siguin resistents a l&#8217;aigua, per arribar fins a la cascada de Pandavrehi.<\/p>\n<p>Des de Karpenisi, la capital de la regi\u00f3 d&#8217;Evritania, a nom\u00e9s tres hores al nord d&#8217;Atenes, comen\u00e7a la nostra ruta, que ens permetr\u00e0 con\u00e8ixer una petita part del que els grecs anomenen la su\u00efssa grega. La seva bellesa salvatge, amb la serralada de Pindous sempre present, els cims que ronden els dos mil metres, els pobles de pedra de marcat estil alp\u00ed i la pres\u00e8ncia d\u2019aigua per tot arreu ens asseguren una experi\u00e8ncia dif\u00edcil d\u2019oblidar.<\/p>\n<p>La primera part del recorregut ser\u00e0 l\u2019aproximaci\u00f3, que s\u2019ha de fer amb vehicle (aconsellable tot terreny), seguint una de les carreteres considerades m\u00e9s espectaculars del m\u00f3n per les seves panor\u00e0miques i el desnivell acumulat, que \u00e9s d\u2019uns 800 metres. Des de boscos de con\u00edferes i castanyers a avets i prats alpins, observarem un seguit de paisatges que aniran canviant fins arribar a la poblaci\u00f3 de Roska, on deixarem el cotxe i ens dirigirem al riu.<\/p>\n<p>El cam\u00ed a peu comen\u00e7a just a sota de l&#8217;antic pont militar d\u2019Stournas Roska, ara en des\u00fas, i s&#8217;endinsa seguint el congost del riu Kikeliotis durant aproximadament quaranta minuts. \u00c9s una excursi\u00f3 molt planera, f\u00e0cil i adequada per a totes les edats i \u00e8poques de l\u2019any, recomanable sobretot de juny a setembre, quan l\u2019aigua \u00e9s m\u00e9s abundant. Nom\u00e9s s&#8217;ha de vigilar de no relliscar amb les pedres que anirem trobant perqu\u00e8 sempre seguirem el curs del riu i, en moltes ocasions, fins i tot caminarem literalment per dins.<\/p>\n<p>Les piscines naturals i els salts d\u2019aigua seran els elements conductors del recorregut que ens portaran fins el nostre objectiu: la cascada de Pandavrehi. Si la visi\u00f3 d&#8217;aquest salt de m\u00e9s de vuit metres, constant tot l&#8217;any, no ens deixa sense respiraci\u00f3, podem provar de submergir-nos en les fredes aig\u00fces que l&#8217;acompanyen, o fer les dues coses al mateix temps, remullant-nos just a sota com si realment sent\u00edssim la pluja caure. L\u2019ombra que proporcionen les baumes en aquest darrer tram ens permetran agafar forces per desfer el cam\u00ed i arribar al punt d\u2019inici, equipat amb barbacoes. Un bon lloc per descansar i fer un \u00faltim bany abans de marxar.<\/p>\n<p>En definitiva, un dia de caminada prop de l\u2019aigua que ens faran repensar Gr\u00e8cia no nom\u00e9s com a pa\u00eds de sol i platja, sin\u00f3 a valorar-lo tamb\u00e9 per la seva espectacular natura. I \u00e9s que, si ja heu arribat fins a Evritania, podeu pujar al cim del Tymfristos (la muntanya m\u00e9s alta de la prefactura, de 2.315 metres); encordar-vos per la via ferrata que arriba a fins a la Cova Negra (la primera via equipada feta a Gr\u00e8cia), o fer rafting i barranquisme per les aig\u00fces dels seus rius. O atrevir-vos (simplement) a caminar pels seus camins i descobrir-ho al vostre pas.<\/p>\n<p>* Si necessiteu m\u00e9s informaci\u00f3, l&#8217;empresa <a href=\"https:\/\/trekking.gr\/en\/shop\/?toursearch=1&amp;location=karpenisi-en&amp;tour_activity=\" target=\"_blank\" rel=\"noopener\">Trekking Hellas<\/a> ofereix guiatges per la zona d\u2019Evritania.<\/p>\n","protected":false},"excerpt":{"rendered":"<p>En aquests moments de trencar idees i rutines, ens aproximem al pa\u00eds hel\u2022l\u00e8nic tamb\u00e9 trencant [&hellip;]<\/p>\n","protected":false},"author":4,"featured_media":2051,"comment_status":"closed","ping_status":"closed","sticky":false,"template":"","format":"standard","meta":{"site-sidebar-layout":"default","site-content-layout":"default","ast-site-content-layout":"","site-content-style":"default","site-sidebar-style":"default","ast-global-header-display":"","ast-banner-title-visibility":"","ast-main-header-display":"","ast-hfb-above-header-display":"","ast-hfb-below-header-display":"","ast-hfb-mobile-header-display":"","site-post-title":"","ast-breadcrumbs-content":"","ast-featured-img":"","footer-sml-layout":"","theme-transparent-header-meta":"default","adv-header-id-meta":"","stick-header-meta":"default","header-above-stick-meta":"","header-main-stick-meta":"","header-below-stick-meta":"","astra-migrate-meta-layouts":"default","ast-page-background-enabled":"default","ast-page-background-meta":{"desktop":{"background-color":"var(--ast-global-color-4)","background-image":"","background-repeat":"repeat","background-position":"center center","background-size":"auto","background-attachment":"scroll","background-type":"","background-media":"","overlay-type":"","overlay-color":"","overlay-opacity":"","overlay-gradient":""},"tablet":{"background-color":"","background-image":"","background-repeat":"repeat","background-position":"center center","background-size":"auto","background-attachment":"scroll","background-type":"","background-media":"","overlay-type":"","overlay-color":"","overlay-opacity":"","overlay-gradient":""},"mobile":{"background-color":"","background-image":"","background-repeat":"repeat","background-position":"center center","background-size":"auto","background-attachment":"scroll","background-type":"","background-media":"","overlay-type":"","overlay-color":"","overlay-opacity":"","overlay-gradient":""}},"ast-content-background-meta":{"desktop":{"background-color":"var(--ast-global-color-5)","background-image":"","background-repeat":"repeat","background-position":"center center","background-size":"auto","background-attachment":"scroll","background-type":"","background-media":"","overlay-type":"","overlay-color":"","overlay-opacity":"","overlay-gradient":""},"tablet":{"background-color":"var(--ast-global-color-5)","background-image":"","background-repeat":"repeat","background-position":"center center","background-size":"auto","background-attachment":"scroll","background-type":"","background-media":"","overlay-type":"","overlay-color":"","overlay-opacity":"","overlay-gradient":""},"mobile":{"background-color":"var(--ast-global-color-5)","background-image":"","background-repeat":"repeat","background-position":"center center","background-size":"auto","background-attachment":"scroll","background-type":"","background-media":"","overlay-type":"","overlay-color":"","overlay-opacity":"","overlay-gradient":""}},"footnotes":""},"categories":[6],"tags":[26],"class_list":["post-2043","post","type-post","status-publish","format-standard","has-post-thumbnail","hentry","category-una-caminada-amb","tag-68-maig-2020"],"_links":{"self":[{"href":"https:\/\/sompirineu.cat\/senderia\/wp-json\/wp\/v2\/posts\/2043","targetHints":{"allow":["GET"]}}],"collection":[{"href":"https:\/\/sompirineu.cat\/senderia\/wp-json\/wp\/v2\/posts"}],"about":[{"href":"https:\/\/sompirineu.cat\/senderia\/wp-json\/wp\/v2\/types\/post"}],"author":[{"embeddable":true,"href":"https:\/\/sompirineu.cat\/senderia\/wp-json\/wp\/v2\/users\/4"}],"replies":[{"embeddable":true,"href":"https:\/\/sompirineu.cat\/senderia\/wp-json\/wp\/v2\/comments?post=2043"}],"version-history":[{"count":7,"href":"https:\/\/sompirineu.cat\/senderia\/wp-json\/wp\/v2\/posts\/2043\/revisions"}],"predecessor-version":[{"id":2517,"href":"https:\/\/sompirineu.cat\/senderia\/wp-json\/wp\/v2\/posts\/2043\/revisions\/2517"}],"wp:featuredmedia":[{"embeddable":true,"href":"https:\/\/sompirineu.cat\/senderia\/wp-json\/wp\/v2\/media\/2051"}],"wp:attachment":[{"href":"https:\/\/sompirineu.cat\/senderia\/wp-json\/wp\/v2\/media?parent=2043"}],"wp:term":[{"taxonomy":"category","embeddable":true,"href":"https:\/\/sompirineu.cat\/senderia\/wp-json\/wp\/v2\/categories?post=2043"},{"taxonomy":"post_tag","embeddable":true,"href":"https:\/\/sompirineu.cat\/senderia\/wp-json\/wp\/v2\/tags?post=2043"}],"curies":[{"name":"wp","href":"https:\/\/api.w.org\/{rel}","templated":true}]}}