{"id":2184,"date":"2020-03-10T07:50:04","date_gmt":"2020-03-10T06:50:04","guid":{"rendered":"https:\/\/sompirineu.cat\/senderia\/?p=2184"},"modified":"2021-04-04T21:34:13","modified_gmt":"2021-04-04T19:34:13","slug":"senyals-sense-incidencies","status":"publish","type":"post","link":"https:\/\/sompirineu.cat\/senderia\/senyals-sense-incidencies\/","title":{"rendered":"Innovaci\u00f3 per a la senyalitzaci\u00f3 de camins. Proposta per a una nova banderola d\u2019alta muntanya (BAM)"},"content":{"rendered":"<p>Un dels \u00e0mbits d\u2019acci\u00f3 de GeOSILVA \u00e9s el disseny i desenvolupament de nous tipus de senyals que presentin algun avantatge respecte als que existeixen i s\u2019estan utilitzant. Actualment un dels reptes m\u00e9s interessants i motivadors en els quals treballem \u00e9s com superar les dificultats i problem\u00e0tiques que suposa la senyalitzaci\u00f3 direccional de camins en l\u2019alta muntanya.<\/p>\n<p>Partint d\u2019una realitat evident i for\u00e7a estesa que inclou suports doblegats i trencats, plaques malmeses i gr\u00e0fiques il\u00b7legibles, ens preguntem: hi ha alguna alternativa? Podem imaginar algun tipus de senyal que no presenti tantes incid\u00e8ncies? Som capa\u00e7os de desenvolupar una proposta m\u00e9s duradora i fiable?<\/p>\n<p><img decoding=\"async\" class=\"alignnone wp-image-2188\" src=\"https:\/\/sompirineu.cat\/senderia\/wp-content\/uploads\/2021\/03\/1-225x300.jpg\" alt=\"\" width=\"109\" height=\"145\" srcset=\"https:\/\/sompirineu.cat\/senderia\/wp-content\/uploads\/2021\/03\/1-225x300.jpg 225w, https:\/\/sompirineu.cat\/senderia\/wp-content\/uploads\/2021\/03\/1.jpg 390w\" sizes=\"(max-width: 109px) 100vw, 109px\" \/>\u00a0<img decoding=\"async\" class=\"alignnone wp-image-2189\" src=\"https:\/\/sompirineu.cat\/senderia\/wp-content\/uploads\/2021\/03\/2-300x298.jpg\" alt=\"\" width=\"146\" height=\"145\" srcset=\"https:\/\/sompirineu.cat\/senderia\/wp-content\/uploads\/2021\/03\/2-300x298.jpg 300w, https:\/\/sompirineu.cat\/senderia\/wp-content\/uploads\/2021\/03\/2-150x150.jpg 150w, https:\/\/sompirineu.cat\/senderia\/wp-content\/uploads\/2021\/03\/2.jpg 523w\" sizes=\"(max-width: 146px) 100vw, 146px\" \/> <img decoding=\"async\" class=\"alignnone wp-image-2190\" src=\"https:\/\/sompirineu.cat\/senderia\/wp-content\/uploads\/2021\/03\/3-255x300.jpg\" alt=\"\" width=\"124\" height=\"145\" srcset=\"https:\/\/sompirineu.cat\/senderia\/wp-content\/uploads\/2021\/03\/3-255x300.jpg 255w, https:\/\/sompirineu.cat\/senderia\/wp-content\/uploads\/2021\/03\/3.jpg 442w\" sizes=\"(max-width: 124px) 100vw, 124px\" \/><\/p>\n<p><span style=\"font-size: 16px;\">Els senyals direccionals amb banderola instal\u00b7lats en alta muntanya han de suportar condicions ambientals extremes com una radiaci\u00f3 solar molt elevada, vents intensos, un ampli gradient t\u00e8rmic, elevada humitat i, a l\u2019hivern, c\u00e0rrega i despla\u00e7ament de neu. Les conseq\u00fc\u00e8ncies d\u2019un entorn tan exigent acostumen a ser immediates i generalitzades: els suports es dobleguen, es trenquen i es podreixen per la base; les banderoles es deformen, es trenquen i s\u00f3n arrencades, i la part gr\u00e0fica es despr\u00e8n, es decolora i es crema. La vida dels senyals \u00e9s, per tant, limitada i aix\u00f2 implica un nombre elevat de reposicions, reposicions que s\u00f3n especialment costoses a causa de les llargues dist\u00e0ncies i la complicada accessibilitat en territoris d\u2019alta muntanya. En definitiva, la senyalitzaci\u00f3 en aquests entorns implica unes sol\u00b7licitacions t\u00e8cniques molts exigents i un cost elevat.<\/span><\/p>\n<p>Els darrers anys l\u2019equip de GeOSILVA ha estat treballant en diverses l\u00ednies per tal d\u2019incrementar la durada d\u2019aquestes banderoles i millorar-ne les prestacions. Hem substitu\u00eft els suports de fusta per suports d\u2019alumini; hem refor\u00e7at el sistema de fixaci\u00f3 entre la banderola i el suport; hem substitu\u00eft la banderola tradicional per plaf\u00f3 compacte de 8 mm de gruix i, en lloc d\u2019imprimir sobre vinil, hem gravat la gr\u00e0fica amb l\u00e0ser sobre panell fen\u00f2lic. Malgrat els esfor\u00e7os, els resultats mai han estat suficientment satisfactoris.<\/p>\n<h3>Un nou enfocament, una nova proposta<\/h3>\n<p><strong>\u00a0<\/strong>A la vista dels resultats, vam arribar a la conclusi\u00f3 que davant de les sol\u00b7licitacions a qu\u00e8 estan sotmeses aquestes banderoles -la duresa i agressivitat del medi- el que s\u2019hi imposava era un canvi d\u2019estrat\u00e8gia. L\u2019estructura del senyal que s\u2019estava utilitzant, un suport i una banderola plana, no ens servia: hav\u00edem d\u2019imaginar un altre tipus d\u2019estructura.<\/p>\n<p>L\u2019any 2017 vam crear un equip de treball per desenvolupar un nou senyal, en col\u00b7laboraci\u00f3 amb els t\u00e8cnics del Conselh Generau d\u2019Aran i del Parc Natural de l\u2019Alt Pirineu. Des de l\u2019inici, l\u2019objectiu era reduir al m\u00e0xim la interacci\u00f3 dels components del nou senyal amb l\u2019entorn. Busc\u00e0vem m\u00e9s resist\u00e8ncia, per\u00f2 sobretot menys exposici\u00f3 a les exig\u00e8ncies del medi. Finalment, hem desenvolupat un senyal que es fonamenta en quatre canvis respecte la banderola tradicional:<\/p>\n<p>&#8211; la llargada del suport s\u2019ha redu\u00eft de 300 cm a 180 cm;\u00a0 \u00a0 <img loading=\"lazy\" decoding=\"async\" class=\"wp-image-2191 alignright\" src=\"https:\/\/sompirineu.cat\/senderia\/wp-content\/uploads\/2021\/03\/4-262x300.png\" alt=\"\" width=\"188\" height=\"215\" srcset=\"https:\/\/sompirineu.cat\/senderia\/wp-content\/uploads\/2021\/03\/4-262x300.png 262w, https:\/\/sompirineu.cat\/senderia\/wp-content\/uploads\/2021\/03\/4.png 348w\" sizes=\"(max-width: 188px) 100vw, 188px\" \/><\/p>\n<p>&#8211; el material del suport ha passat de ser fusta tractada a alumini;<\/p>\n<p>&#8211; la planxa plana fixada al suport en forma de banderola s\u2019ha substitu\u00eft per un cub giratori inserit en el suport;<\/p>\n<p>&#8211; i la impressi\u00f3 gr\u00e0fica sobre la banderola ha estat substitu\u00efda per un text tallat amb l\u00e0ser en les diferents cares del cub<\/p>\n<p><img loading=\"lazy\" decoding=\"async\" class=\"alignnone wp-image-2192\" src=\"https:\/\/sompirineu.cat\/senderia\/wp-content\/uploads\/2021\/03\/5-205x300.jpg\" alt=\"\" width=\"163\" height=\"239\" srcset=\"https:\/\/sompirineu.cat\/senderia\/wp-content\/uploads\/2021\/03\/5-205x300.jpg 205w, https:\/\/sompirineu.cat\/senderia\/wp-content\/uploads\/2021\/03\/5.jpg 664w\" sizes=\"(max-width: 163px) 100vw, 163px\" \/>\u00a0 \u00a0 \u00a0 \u00a0 \u00a0<img loading=\"lazy\" decoding=\"async\" class=\"alignnone wp-image-2193\" style=\"font-weight: inherit;\" src=\"https:\/\/sompirineu.cat\/senderia\/wp-content\/uploads\/2021\/03\/6-212x300.jpg\" alt=\"\" width=\"167\" height=\"236\" srcset=\"https:\/\/sompirineu.cat\/senderia\/wp-content\/uploads\/2021\/03\/6-212x300.jpg 212w, https:\/\/sompirineu.cat\/senderia\/wp-content\/uploads\/2021\/03\/6-722x1024.jpg 722w, https:\/\/sompirineu.cat\/senderia\/wp-content\/uploads\/2021\/03\/6-768x1089.jpg 768w, https:\/\/sompirineu.cat\/senderia\/wp-content\/uploads\/2021\/03\/6.jpg 800w\" sizes=\"(max-width: 167px) 100vw, 167px\" \/><\/p>\n<p><em>Banderoles instal\u00b7lades al Coll de Calberante i a la Cabana de Guerossos<\/em><\/p>\n<h3>C\u00e0lculs i comparativa de prestacions<strong>\u00a0<\/strong><\/h3>\n<p>Amb la nova banderola d\u2019alta muntanya (BAM) hem aconseguit els principals objectius que ens hav\u00edem marcat inicialment i els c\u00e0lculs avalen els avantatges que hem estat buscant:<\/p>\n<ul>\n<li>la superf\u00edcie exposada s\u2019ha redu\u00eft,<\/li>\n<li>la tensi\u00f3 admissible s\u2019ha duplicat i el moment necessari s\u2019ha minimitzat,<\/li>\n<li>el problema del podrit de la fusta de la base ha quedat enrere,<\/li>\n<li>s\u2019ha evitat la degradaci\u00f3 de la part gr\u00e0fica<\/li>\n<\/ul>\n<table>\n<tbody>\n<tr>\n<td width=\"484\"><strong>Descripci\u00f3<\/strong><\/td>\n<td width=\"71\"><strong>Pes (Kg)<\/strong><\/td>\n<td width=\"113\"><strong>Exposici\u00f3<\/strong><\/p>\n<p><strong>(m<sup>2<\/sup>)<\/strong><\/td>\n<td width=\"85\"><strong>\u03c3<\/strong><strong>ADM<\/strong><\/p>\n<p><strong>(Mpa)<\/strong><\/td>\n<td width=\"100\"><strong>F<\/strong><strong>ADM <\/strong><strong>(N)<\/strong><\/td>\n<td width=\"78\"><strong>V<\/strong><strong>ref<\/strong> <strong>(Km\/h)<\/strong><\/td>\n<\/tr>\n<tr>\n<td width=\"484\">Senyal Val d\u2019Aran 2 lames 180\u00ba = 2 direccions<\/td>\n<td width=\"71\">17,38<\/td>\n<td width=\"113\">0,60<\/td>\n<td width=\"85\">14,81<\/td>\n<td width=\"100\">612,55<\/td>\n<td width=\"78\">132,82<\/td>\n<\/tr>\n<tr>\n<td width=\"484\">Senyal Parc Natural 2 lames 180\u00ba = 2 direccions<\/td>\n<td width=\"71\">15,60<\/td>\n<td width=\"113\">0,48<\/td>\n<td width=\"85\">14,81<\/td>\n<td width=\"100\">606,17<\/td>\n<td width=\"78\">147,72<\/td>\n<\/tr>\n<tr>\n<td width=\"484\">Senyal Alta Muntanya 2 cubs = 4 direccions<\/td>\n<td width=\"71\">7,20<\/td>\n<td width=\"113\">0,16<\/td>\n<td width=\"85\">78,26<\/td>\n<td width=\"100\">1208,04<\/td>\n<td width=\"78\">362,43<\/td>\n<\/tr>\n<\/tbody>\n<\/table>\n<p>Pes: Pes del senyal sencer<\/p>\n<p>Exposici\u00f3: Superf\u00edcie exposada del senyal<\/p>\n<p>\u03c3ADM: Tensi\u00f3 m\u00e0xima admissible de material de suport a la base despr\u00e9s d&#8217;aplicar coeficient de seguretat segons EN 12899-1<\/p>\n<p>FADM: C\u00e0rrega exterior admissible<\/p>\n<p>Vref: Velocitat de vent orientativa per efectuar la c\u00e0rrega admissible<\/p>\n<p>A m\u00e9s, la soluci\u00f3 proposada tamb\u00e9 presenta els avantatges, a l\u2019hora de la instal\u00b7laci\u00f3, d\u2019una important reducci\u00f3 del pes del conjunt, del pes de les eines necess\u00e0ries, de les dimensions de la cimentaci\u00f3 i de la freq\u00fc\u00e8ncia de les intervencions.<\/p>\n<p>Un altre avantatge \u00e9s que, en reduir les dimensions del senyal, l\u2019impacte visual tamb\u00e9 \u00e9s menor, aspecte desitjable en aquests entorns d\u2019alt valor paisatg\u00edstic.<\/p>\n<p>Pel que fa al preu, tot i que el nou sistema presenta un increment del cost de producci\u00f3, es tracta d\u2019un increment relatiu, ja que amb el temps es veu compensat per la major durada i, per tant, la menor freq\u00fc\u00e8ncia de reposicions.<\/p>\n<h3>Un nou senyal, una nova manera de senyalitzar?<strong>\u00a0<\/strong><\/h3>\n<p>El nou senyal implica un canvi en la l\u00f2gica de l\u2019organitzaci\u00f3 de la informaci\u00f3, ja que hi ha una limitaci\u00f3 en la quantitat i en el tipus. Per aix\u00f2, si es vol minimitzar el nombre de cubs que t\u00e9 cada senyal, cal repensar aspectes com si la informaci\u00f3 ha d\u2019anar a una banda o a dues o si s\u2019ha d\u2019utilitzar un top\u00f2nim per direcci\u00f3 o m\u00e9s d\u2019un. En tot cas, sigui quin sigui el criteri escollit, aquest haur\u00e0 d\u2019estar establert amb claredat a l\u2019hora de fer la presa de dades sobre el terreny, per poder indicar la disposici\u00f3 correcta dels indicadors i la informaci\u00f3 que contenen.<\/p>\n<h3>Mirant al futur\u00a0<strong>\u00a0<\/strong><\/h3>\n<p>El disseny del nou senyal d\u2019alta muntanya ha motivat tamb\u00e9 una reflexi\u00f3 profunda sobre la seva funcionalitat des d\u2019un punt de vista m\u00e9s ampli, en base a noves prestacions. Amb aquesta proposta s\u2019obre un ampli ventall de possibilitats en les que ja estem treballant, de cara a la millora de la seguretat: carregadors de bateries alimentats amb plaques solars, il\u00b7luminaci\u00f3 led de posici\u00f3, serveis d\u2019informaci\u00f3 i emerg\u00e8ncies, etc. El senyal pot esdevenir un dispositiu interactiu.<\/p>\n","protected":false},"excerpt":{"rendered":"<p>Un dels \u00e0mbits d\u2019acci\u00f3 de GeOSILVA \u00e9s el disseny i desenvolupament de nous tipus de [&hellip;]<\/p>\n","protected":false},"author":4,"featured_media":2200,"comment_status":"closed","ping_status":"closed","sticky":false,"template":"","format":"standard","meta":{"site-sidebar-layout":"default","site-content-layout":"default","ast-site-content-layout":"","site-content-style":"default","site-sidebar-style":"default","ast-global-header-display":"","ast-banner-title-visibility":"","ast-main-header-display":"","ast-hfb-above-header-display":"","ast-hfb-below-header-display":"","ast-hfb-mobile-header-display":"","site-post-title":"","ast-breadcrumbs-content":"","ast-featured-img":"","footer-sml-layout":"","theme-transparent-header-meta":"default","adv-header-id-meta":"","stick-header-meta":"default","header-above-stick-meta":"","header-main-stick-meta":"","header-below-stick-meta":"","astra-migrate-meta-layouts":"default","ast-page-background-enabled":"default","ast-page-background-meta":{"desktop":{"background-color":"var(--ast-global-color-4)","background-image":"","background-repeat":"repeat","background-position":"center center","background-size":"auto","background-attachment":"scroll","background-type":"","background-media":"","overlay-type":"","overlay-color":"","overlay-opacity":"","overlay-gradient":""},"tablet":{"background-color":"","background-image":"","background-repeat":"repeat","background-position":"center center","background-size":"auto","background-attachment":"scroll","background-type":"","background-media":"","overlay-type":"","overlay-color":"","overlay-opacity":"","overlay-gradient":""},"mobile":{"background-color":"","background-image":"","background-repeat":"repeat","background-position":"center center","background-size":"auto","background-attachment":"scroll","background-type":"","background-media":"","overlay-type":"","overlay-color":"","overlay-opacity":"","overlay-gradient":""}},"ast-content-background-meta":{"desktop":{"background-color":"var(--ast-global-color-5)","background-image":"","background-repeat":"repeat","background-position":"center center","background-size":"auto","background-attachment":"scroll","background-type":"","background-media":"","overlay-type":"","overlay-color":"","overlay-opacity":"","overlay-gradient":""},"tablet":{"background-color":"var(--ast-global-color-5)","background-image":"","background-repeat":"repeat","background-position":"center center","background-size":"auto","background-attachment":"scroll","background-type":"","background-media":"","overlay-type":"","overlay-color":"","overlay-opacity":"","overlay-gradient":""},"mobile":{"background-color":"var(--ast-global-color-5)","background-image":"","background-repeat":"repeat","background-position":"center center","background-size":"auto","background-attachment":"scroll","background-type":"","background-media":"","overlay-type":"","overlay-color":"","overlay-opacity":"","overlay-gradient":""}},"footnotes":""},"categories":[3],"tags":[28],"class_list":["post-2184","post","type-post","status-publish","format-standard","has-post-thumbnail","hentry","category-el-mirador","tag-66-marc-2020"],"_links":{"self":[{"href":"https:\/\/sompirineu.cat\/senderia\/wp-json\/wp\/v2\/posts\/2184","targetHints":{"allow":["GET"]}}],"collection":[{"href":"https:\/\/sompirineu.cat\/senderia\/wp-json\/wp\/v2\/posts"}],"about":[{"href":"https:\/\/sompirineu.cat\/senderia\/wp-json\/wp\/v2\/types\/post"}],"author":[{"embeddable":true,"href":"https:\/\/sompirineu.cat\/senderia\/wp-json\/wp\/v2\/users\/4"}],"replies":[{"embeddable":true,"href":"https:\/\/sompirineu.cat\/senderia\/wp-json\/wp\/v2\/comments?post=2184"}],"version-history":[{"count":12,"href":"https:\/\/sompirineu.cat\/senderia\/wp-json\/wp\/v2\/posts\/2184\/revisions"}],"predecessor-version":[{"id":2544,"href":"https:\/\/sompirineu.cat\/senderia\/wp-json\/wp\/v2\/posts\/2184\/revisions\/2544"}],"wp:featuredmedia":[{"embeddable":true,"href":"https:\/\/sompirineu.cat\/senderia\/wp-json\/wp\/v2\/media\/2200"}],"wp:attachment":[{"href":"https:\/\/sompirineu.cat\/senderia\/wp-json\/wp\/v2\/media?parent=2184"}],"wp:term":[{"taxonomy":"category","embeddable":true,"href":"https:\/\/sompirineu.cat\/senderia\/wp-json\/wp\/v2\/categories?post=2184"},{"taxonomy":"post_tag","embeddable":true,"href":"https:\/\/sompirineu.cat\/senderia\/wp-json\/wp\/v2\/tags?post=2184"}],"curies":[{"name":"wp","href":"https:\/\/api.w.org\/{rel}","templated":true}]}}