{"id":2202,"date":"2020-03-10T09:15:04","date_gmt":"2020-03-10T08:15:04","guid":{"rendered":"https:\/\/sompirineu.cat\/senderia\/?p=2202"},"modified":"2021-04-04T19:51:59","modified_gmt":"2021-04-04T17:51:59","slug":"xavier-mir-un-passeig-pel-planeta-mart-i-els-estanys-de-basturs","status":"publish","type":"post","link":"https:\/\/sompirineu.cat\/senderia\/xavier-mir-un-passeig-pel-planeta-mart-i-els-estanys-de-basturs\/","title":{"rendered":"Xavier Mir &#8211; Un passeig pel planeta Mart i els estanys de Basturs"},"content":{"rendered":"<p>El Mont de Conques i els Estanys de Basturs, situats dins el territori del Geoparc Mundial UNESCO Or\u00edgens, ens parlen de la pedra tosca i de les morfologies en forma de dom amb les que aquesta s\u2019expressa. Aquestes formes singulars, \u00faniques a Europa, que sorgeixen de la interacci\u00f3 de les aig\u00fces subterr\u00e0nies i el particular paisatge de la Conca Dell\u00e0, han estat estudiades en profunditat degut a la semblan\u00e7a que presenten amb morfologies descobertes al planeta Mart. I aquest paisatge singular \u00e9s l\u2019escenari pel qual transcorre la caminada que us proposo i que formar\u00e0 part de <span style=\"color: #008000;\"><strong><em>Lo Festival de Senderisme de la Conca Dell\u00e0 <\/em><\/strong><\/span>(22-24 de maig de 2020).<\/p>\n<p>El punt de sortida \u00e9s la pla\u00e7a de l\u2019esgl\u00e9sia de Conques, poble situat al bell mig de la Conca Dell\u00e0, a mig cam\u00ed entre les poblacions d\u2019Isona i Figuerola d\u2019Orcau i al peu del Mont de Conques pel seu vessant sud, a recer del vent de Port. Des d\u2019aqu\u00ed caminarem cap al castell de Conques i pujarem per un petit sender fins al Mont de Conques i, d\u2019aqu\u00ed, cap al Tossal de la Cassola, gaudint d\u2019unes magn\u00edfiques vistes de la Conca i de les serres de Comiols i de la Campaneta.<\/p>\n<p>El Tossal de la Cassola es el vestigi d\u2019un llac extint ara fa mils d\u2019anys; per aquest punt, i d\u2019altres que veurem durant el recorregut, sorgia a la superf\u00edcie l\u2019aigua subterr\u00e0nia carregada amb carbonat c\u00e0lcic que durant milers d\u2019anys va anar depositant tova calcaria i construint la plataforma de tosca que avui forma el Mont de Conques.<\/p>\n<p>Continuant cam\u00ed cap al nord passarem per l\u2019Estany del Col\u00b7lector, un altre estany extint, avui convertit en camp de cultiu i que corona el Mont de Conques. Aquesta era, ara fa uns vint mil anys, la surg\u00e8ncia principal del sistema de fonts que alimentaven aquesta zona. Seguint cam\u00ed, sempre en direcci\u00f3 nord, anirem descendint progressivament fins arribar als Estanys de Basturs. L\u2019Estany Xic, nascut ara fa uns vint- mil anys, va causar la desactivaci\u00f3 dels estanys que hem vist al Mont de Conques, convertint el que havia estat una zona plena d\u2019aigua i de vida en una paisatge \u00e0rid dominat pels matolls i els alzinars. La zona dels estanys ens permetr\u00e0 gaudir d\u2019un passeig pel bosc de pollancres i de l\u2019aire fresc que emana dels voltants de l\u2019Estany Gran.<\/p>\n<p>Recuperades les forces, tornarem cap a Conques, aquest cop seguint el cam\u00ed d\u2019Isona fins als horts de les Porques on trobarem l\u2019Estany Nou, un petit estany nascut una tardor de fa uns trenta anys. \u00c9s una mostra que aquest sistema de fonts i estanys continua viu i en constant evoluci\u00f3.<\/p>\n<p>Des d\u2019aqu\u00ed sortirem de nou cap al Mont de Conques i fins a l\u2019ermita de la Mare de D\u00e9u de les Esplugues, en l\u2019indret on, diu la tradici\u00f3, alg\u00fa va trobar una imatge. La Mare de D\u00e9u de les Esplugues era invocada en temps de sequera pels ve\u00efns de Conques i els pobles del voltant. Actualment, el dilluns de Pasqua en aquesta esplanada hi t\u00e9 lloc l\u2019aplec de les Esplugues. Aquest tamb\u00e9 va ser l\u2019escenari, el maig de 1938, d\u2019un dels episodis m\u00e9s intensos de la Guerra Civil al Pallars. Els impactes encara visibles en la seva fa\u00e7ana s\u00f3n testimoni de l\u2019ofensiva republicana.<\/p>\n<p>Finalment, seguirem per un cam\u00ed pl\u00e0cid entre alzinars i camps de cultiu fins arribar a la pla\u00e7a de l\u2019esgl\u00e9sia de Conques, on podrem gaudir de la bellesa d\u2019aquesta esgl\u00e9sia erigida amb carreus de pedra tosca extrets del Mont de Conques.<\/p>\n","protected":false},"excerpt":{"rendered":"<p>El Mont de Conques i els Estanys de Basturs, situats dins el territori del Geoparc [&hellip;]<\/p>\n","protected":false},"author":4,"featured_media":2207,"comment_status":"closed","ping_status":"closed","sticky":false,"template":"","format":"standard","meta":{"site-sidebar-layout":"default","site-content-layout":"default","ast-site-content-layout":"","site-content-style":"default","site-sidebar-style":"default","ast-global-header-display":"","ast-banner-title-visibility":"","ast-main-header-display":"","ast-hfb-above-header-display":"","ast-hfb-below-header-display":"","ast-hfb-mobile-header-display":"","site-post-title":"","ast-breadcrumbs-content":"","ast-featured-img":"","footer-sml-layout":"","theme-transparent-header-meta":"default","adv-header-id-meta":"","stick-header-meta":"default","header-above-stick-meta":"","header-main-stick-meta":"","header-below-stick-meta":"","astra-migrate-meta-layouts":"default","ast-page-background-enabled":"default","ast-page-background-meta":{"desktop":{"background-color":"var(--ast-global-color-4)","background-image":"","background-repeat":"repeat","background-position":"center center","background-size":"auto","background-attachment":"scroll","background-type":"","background-media":"","overlay-type":"","overlay-color":"","overlay-opacity":"","overlay-gradient":""},"tablet":{"background-color":"","background-image":"","background-repeat":"repeat","background-position":"center center","background-size":"auto","background-attachment":"scroll","background-type":"","background-media":"","overlay-type":"","overlay-color":"","overlay-opacity":"","overlay-gradient":""},"mobile":{"background-color":"","background-image":"","background-repeat":"repeat","background-position":"center center","background-size":"auto","background-attachment":"scroll","background-type":"","background-media":"","overlay-type":"","overlay-color":"","overlay-opacity":"","overlay-gradient":""}},"ast-content-background-meta":{"desktop":{"background-color":"var(--ast-global-color-5)","background-image":"","background-repeat":"repeat","background-position":"center center","background-size":"auto","background-attachment":"scroll","background-type":"","background-media":"","overlay-type":"","overlay-color":"","overlay-opacity":"","overlay-gradient":""},"tablet":{"background-color":"var(--ast-global-color-5)","background-image":"","background-repeat":"repeat","background-position":"center center","background-size":"auto","background-attachment":"scroll","background-type":"","background-media":"","overlay-type":"","overlay-color":"","overlay-opacity":"","overlay-gradient":""},"mobile":{"background-color":"var(--ast-global-color-5)","background-image":"","background-repeat":"repeat","background-position":"center center","background-size":"auto","background-attachment":"scroll","background-type":"","background-media":"","overlay-type":"","overlay-color":"","overlay-opacity":"","overlay-gradient":""}},"footnotes":""},"categories":[6],"tags":[28],"class_list":["post-2202","post","type-post","status-publish","format-standard","has-post-thumbnail","hentry","category-una-caminada-amb","tag-66-marc-2020"],"_links":{"self":[{"href":"https:\/\/sompirineu.cat\/senderia\/wp-json\/wp\/v2\/posts\/2202","targetHints":{"allow":["GET"]}}],"collection":[{"href":"https:\/\/sompirineu.cat\/senderia\/wp-json\/wp\/v2\/posts"}],"about":[{"href":"https:\/\/sompirineu.cat\/senderia\/wp-json\/wp\/v2\/types\/post"}],"author":[{"embeddable":true,"href":"https:\/\/sompirineu.cat\/senderia\/wp-json\/wp\/v2\/users\/4"}],"replies":[{"embeddable":true,"href":"https:\/\/sompirineu.cat\/senderia\/wp-json\/wp\/v2\/comments?post=2202"}],"version-history":[{"count":4,"href":"https:\/\/sompirineu.cat\/senderia\/wp-json\/wp\/v2\/posts\/2202\/revisions"}],"predecessor-version":[{"id":2526,"href":"https:\/\/sompirineu.cat\/senderia\/wp-json\/wp\/v2\/posts\/2202\/revisions\/2526"}],"wp:featuredmedia":[{"embeddable":true,"href":"https:\/\/sompirineu.cat\/senderia\/wp-json\/wp\/v2\/media\/2207"}],"wp:attachment":[{"href":"https:\/\/sompirineu.cat\/senderia\/wp-json\/wp\/v2\/media?parent=2202"}],"wp:term":[{"taxonomy":"category","embeddable":true,"href":"https:\/\/sompirineu.cat\/senderia\/wp-json\/wp\/v2\/categories?post=2202"},{"taxonomy":"post_tag","embeddable":true,"href":"https:\/\/sompirineu.cat\/senderia\/wp-json\/wp\/v2\/tags?post=2202"}],"curies":[{"name":"wp","href":"https:\/\/api.w.org\/{rel}","templated":true}]}}