{"id":2338,"date":"2019-12-10T12:35:28","date_gmt":"2019-12-10T11:35:28","guid":{"rendered":"https:\/\/sompirineu.cat\/senderia\/?p=2338"},"modified":"2021-03-24T12:53:33","modified_gmt":"2021-03-24T11:53:33","slug":"senders-criolls-a-lindic","status":"publish","type":"post","link":"https:\/\/sompirineu.cat\/senderia\/senders-criolls-a-lindic\/","title":{"rendered":"Senders criolls a l\u2019\u00cdndic"},"content":{"rendered":"<p>Qu\u00e8 \u00e9s un viatge, sin\u00f3 la realitzaci\u00f3 d\u2019un somni, una cosa que tens en ment des de fa temps fins que aconsegueixes poder complir-la? Aix\u00f2 ha estat per a nosaltres el viatge a l\u2019illa de la Reuni\u00f3. Situada al sud de l\u2019oce\u00e0 \u00cdndic, a l\u2019est de Madagascar, l\u2019illa pertany a l\u2019arxip\u00e8lag de les Mascarenyes, com les m\u00e9s conegudes tur\u00edsticament Seychelles i Mauricio. El primer que crida l\u2019atenci\u00f3 \u00e9s la seva extensi\u00f3, 2.500 km<sup>2<\/sup>, tot just quatre vegades la superf\u00edcie de la Val d\u2019Aran, i la seva poblaci\u00f3 de quasi 900.000 habitants. \u00c9s un territori d\u2019ultramar franc\u00e8s, amb l\u2019euro com a moneda i un ambient crioll que li confereix la seva gent: africans, europeus, hind\u00fas, xinesos, musulmans&#8230; \u00c0frica tropical amb un sabor franc\u00e8s en tota la vida quotidiana.<\/p>\n<p>I \u00e9s que van ser els francesos els que, el 1638, van ocupar i colonitzar l&#8217;illa, donant-li el nom d\u2019Ile Bourbon, en honor a la dinastia reial francesa, i va ser el 1848 quan pass\u00e0 a dir-se illa de la Reuni\u00f3. Tota una etapa fosca, amb esclavitud inclosa, al voltant de l\u2019explotaci\u00f3 de la canya de sucre i de tota una florent agricultura que es donava en les valls i planes. Ara \u00e9s el turisme la principal industria de l\u2019illa, que encara mant\u00e9 la producci\u00f3 agr\u00edcola i ramadera, per\u00f2 no aconsegueix evitar una alta taxa d\u2019atur del 30%. Reuni\u00f3 t\u00e9 un clima tropical amb una \u00e8poca seca des de maig a novembre i una de pluges de desembre a abril. Seca vol dir que plou menys, ja que a l\u2019illa hi ha dos territoris\/climes molt diferents: l\u2019est humit i l\u2019oest sec. Els vents alisis, carregats amb la humitat de l\u2019\u00cdndic, arriben a l\u2019est de l\u2019illa i provoquen n\u00favols cada dia que es converteixen en aiguats espor\u00e0dics, mentre que, al passar a l\u2019oest, aquesta nuvolositat es va diluint.<\/p>\n<p>I com una illa tan petita, a 11.000 km d\u2019Europa, aconsegueix ser coneguda en el m\u00f3n de la muntanya? Pels barrancs. Fa uns 40 anys, quan comencen a fer-se descens de barrancs de forma habitual, la illa de la Reuni\u00f3 se situa en la c\u00faspide mundial i comen\u00e7a a rebre persones \u00e0vides de complir aquesta aventura. I la difusi\u00f3 \u00e9s immediata i exponencial: parets i cascades de 600 m, barrancs com el Trou Blanc, el Takanak o el fam\u00f3s Trou de Fer, on es realitzant diversos r\u00e0pels de 100 m per parets incre\u00efbles, amb cascades, fent fins i tot bivac, converteixen Reuni\u00f3 en el parad\u00eds dels barrancs i la situen en el mapa com a una de les destinacions de muntanya.<\/p>\n<p>L\u2019illa de la Reuni\u00f3 \u00e9s d\u2019origen volc\u00e0nic i culmina a 3.070 m, al Piton des Neiges. D\u2019aquest cim es despengen tres circs de muntanyes i valls: Salazie, Mafate i Cilaos, que arriben fins les zones costeres de l\u2019\u00cdndic. La part est de la illa l\u2019ocupa el volc\u00e0 del Piton de la Fournaise. El nostre pla de viatge es fer una travessa de les tres valls durant sis dies per despr\u00e9s fer les ascensions del Piton des Neiges i del de la Fournaise.<\/p>\n<p>Despr\u00e9s de l\u2019interminable vol d\u2019onze hores des de Paris, ens dirigim a Hell-Bourg, poble situat al circ de Salazie i punt de partida per con\u00e8ixer el Trou de Fer i comen\u00e7ar la nostra travessa. Cases de colors plenes de flors, teulades vermelles, gent als carrers, m\u00fasica reggae sonant per tot arreu&#8230; ambient crioll total. La ruta al Trou de Fer ens mostra el que ser\u00e0 el caminar per tota l\u2019illa. Desnivells importants per senders tra\u00e7ats per vessants de bosc tropical, amb bamb\u00fas gegants, tamarius i avets. Humitat, una mica de fang en els senders i els n\u00favols de l\u2019est pujant de la costa. Al final del sender, un grup de gent esperant pacientment a qu\u00e8 es dissipin els n\u00favols per poder veure el nostre objectiu, fins que assumim que avui no toca. Estem a l\u2019octubre, es fa de dia a les 6 i cada dia gaudim d\u2019una meteorologia semblant: radiant al comen\u00e7ament, n\u00favols de l\u2019est que comencen a pujar a les 11 del mat\u00ed i tot tapat cap a les 3 de la tarda. Cada dia arribem a la nostre <em>g\u00eete d\u2019\u00e9tape <\/em>cap a les 4 i despr\u00e9s comen\u00e7a a aclarir-se per quedar una nit estrellada magn\u00edfica. Del circ de Salazie saltem al de Mafate, el m\u00e9s aut\u00e8ntic, potser perqu\u00e8 no hi ha ni carreteres i fins i tot la brossa l\u2019han de treure amb helic\u00f2pter.<\/p>\n<p>Cada dia de la travessa anem per senders perfectament senyalitzats, amb forts desnivells de pujada i baixada, travessant paratges d\u2019una bellesa singular: muntanyes afilades, cascades, rius, boscos, sabent que al final ens espera una <em>g\u00eete <\/em>acollidora i relaxant, on compartir amb altres senderistes de diferents or\u00edgens el <em>Cary<\/em>, menjar compost d\u2019arr\u00f2s, llenties i pollastre, amb una copa de rom inclosa. De Mafate travessem el coll de Tabit de 2.080 m i baixem a Cilaos, final de la travessa, un poble dist\u00e8s i festiu al qual s\u2019arriba, segons les guies, per una carretera de quatre-centes corbes.<\/p>\n<p><img fetchpriority=\"high\" decoding=\"async\" class=\"alignnone wp-image-2342 aligncenter\" src=\"https:\/\/sompirineu.cat\/senderia\/wp-content\/uploads\/2019\/12\/mirador1-300x225.png\" alt=\"\" width=\"375\" height=\"281\" srcset=\"https:\/\/sompirineu.cat\/senderia\/wp-content\/uploads\/2019\/12\/mirador1-300x225.png 300w, https:\/\/sompirineu.cat\/senderia\/wp-content\/uploads\/2019\/12\/mirador1-768x575.png 768w, https:\/\/sompirineu.cat\/senderia\/wp-content\/uploads\/2019\/12\/mirador1.png 913w\" sizes=\"(max-width: 375px) 100vw, 375px\" \/><\/p>\n<p><span style=\"font-size: 16px;\">Ens n\u2019anem al Piton des Neiges. Pugem per bosc fins al refugi de la caverna Dufour situat a\u00a0<\/span>2.400 m. Plou a la nit, i a les 3 de la matinada, amb els frontals i n\u00favols carregats d\u2019humitat, anem cap al cim. Arribem a les 6, no es veu r\u00e9s, plou, fa molt de fred i la sensaci\u00f3 t\u00e8rmica \u00e9s de sota cero&#8230; coses del tr\u00f2pic. De tornada al refugi, esmorzem i ens enfrontem a un descens de\u00a01.400 m que fem plovent fins la planura dels Cafres. Un dia dels que sempre es recorden a muntanya.<\/p>\n<p>I ara cap al Piton de la Fournaise, \u201cel Volc\u00e0\u201d, de 2.632 m. Fins als anys 60 s&#8217;organitzaven expedicions amb guies i portadors per arribar al cim. S&#8217;esperava a que hi hagu\u00e9s una erupci\u00f3 i llavors hi anava m\u00e9s gent. Est\u00e0 entre els m\u00e9s actius del m\u00f3n, amb el Kilauea (Hawaii) i l\u2019Etna (Sic\u00edlia). Espectacular la seva vora exterior de 13 km de llarg, a on es troba el cr\u00e0ter Dolomieu, punt culminant on s&#8217;ascendeix. El dia, amb un sol radiant i amb els n\u00favols baixos. Des del cim, el cr\u00e0ter, els rius de lava de l\u2019erupci\u00f3 del 2007 i les valls ens ofereixen un record incre\u00efble. Nom\u00e9s ens queda baixar 1800 m fins a l\u2019\u00cdndic per acabar el nostre viatge. I ja en el mar, amb la relaxaci\u00f3 de la platja, amb la barrera de corall que ens protegeix del taur\u00f3 blanc de la zona, acomiadar el sol des del poble de Saint Gilles. Gr\u00e0cies a Carmela, J\u00falia i \u00d3scar, per compartir totes les sensacions inoblidables que ens ha donat l\u2019illa de la Reuni\u00f3.<\/p>\n","protected":false},"excerpt":{"rendered":"<p>Qu\u00e8 \u00e9s un viatge, sin\u00f3 la realitzaci\u00f3 d\u2019un somni, una cosa que tens en ment [&hellip;]<\/p>\n","protected":false},"author":4,"featured_media":2340,"comment_status":"closed","ping_status":"closed","sticky":false,"template":"","format":"standard","meta":{"site-sidebar-layout":"default","site-content-layout":"default","ast-site-content-layout":"","site-content-style":"default","site-sidebar-style":"default","ast-global-header-display":"","ast-banner-title-visibility":"","ast-main-header-display":"","ast-hfb-above-header-display":"","ast-hfb-below-header-display":"","ast-hfb-mobile-header-display":"","site-post-title":"","ast-breadcrumbs-content":"","ast-featured-img":"","footer-sml-layout":"","theme-transparent-header-meta":"default","adv-header-id-meta":"","stick-header-meta":"default","header-above-stick-meta":"","header-main-stick-meta":"","header-below-stick-meta":"","astra-migrate-meta-layouts":"default","ast-page-background-enabled":"default","ast-page-background-meta":{"desktop":{"background-color":"var(--ast-global-color-4)","background-image":"","background-repeat":"repeat","background-position":"center center","background-size":"auto","background-attachment":"scroll","background-type":"","background-media":"","overlay-type":"","overlay-color":"","overlay-opacity":"","overlay-gradient":""},"tablet":{"background-color":"","background-image":"","background-repeat":"repeat","background-position":"center center","background-size":"auto","background-attachment":"scroll","background-type":"","background-media":"","overlay-type":"","overlay-color":"","overlay-opacity":"","overlay-gradient":""},"mobile":{"background-color":"","background-image":"","background-repeat":"repeat","background-position":"center center","background-size":"auto","background-attachment":"scroll","background-type":"","background-media":"","overlay-type":"","overlay-color":"","overlay-opacity":"","overlay-gradient":""}},"ast-content-background-meta":{"desktop":{"background-color":"var(--ast-global-color-5)","background-image":"","background-repeat":"repeat","background-position":"center center","background-size":"auto","background-attachment":"scroll","background-type":"","background-media":"","overlay-type":"","overlay-color":"","overlay-opacity":"","overlay-gradient":""},"tablet":{"background-color":"var(--ast-global-color-5)","background-image":"","background-repeat":"repeat","background-position":"center center","background-size":"auto","background-attachment":"scroll","background-type":"","background-media":"","overlay-type":"","overlay-color":"","overlay-opacity":"","overlay-gradient":""},"mobile":{"background-color":"var(--ast-global-color-5)","background-image":"","background-repeat":"repeat","background-position":"center center","background-size":"auto","background-attachment":"scroll","background-type":"","background-media":"","overlay-type":"","overlay-color":"","overlay-opacity":"","overlay-gradient":""}},"footnotes":""},"categories":[3],"tags":[32],"class_list":["post-2338","post","type-post","status-publish","format-standard","has-post-thumbnail","hentry","category-el-mirador","tag-63-desembre-2019"],"_links":{"self":[{"href":"https:\/\/sompirineu.cat\/senderia\/wp-json\/wp\/v2\/posts\/2338","targetHints":{"allow":["GET"]}}],"collection":[{"href":"https:\/\/sompirineu.cat\/senderia\/wp-json\/wp\/v2\/posts"}],"about":[{"href":"https:\/\/sompirineu.cat\/senderia\/wp-json\/wp\/v2\/types\/post"}],"author":[{"embeddable":true,"href":"https:\/\/sompirineu.cat\/senderia\/wp-json\/wp\/v2\/users\/4"}],"replies":[{"embeddable":true,"href":"https:\/\/sompirineu.cat\/senderia\/wp-json\/wp\/v2\/comments?post=2338"}],"version-history":[{"count":3,"href":"https:\/\/sompirineu.cat\/senderia\/wp-json\/wp\/v2\/posts\/2338\/revisions"}],"predecessor-version":[{"id":2341,"href":"https:\/\/sompirineu.cat\/senderia\/wp-json\/wp\/v2\/posts\/2338\/revisions\/2341"}],"wp:featuredmedia":[{"embeddable":true,"href":"https:\/\/sompirineu.cat\/senderia\/wp-json\/wp\/v2\/media\/2340"}],"wp:attachment":[{"href":"https:\/\/sompirineu.cat\/senderia\/wp-json\/wp\/v2\/media?parent=2338"}],"wp:term":[{"taxonomy":"category","embeddable":true,"href":"https:\/\/sompirineu.cat\/senderia\/wp-json\/wp\/v2\/categories?post=2338"},{"taxonomy":"post_tag","embeddable":true,"href":"https:\/\/sompirineu.cat\/senderia\/wp-json\/wp\/v2\/tags?post=2338"}],"curies":[{"name":"wp","href":"https:\/\/api.w.org\/{rel}","templated":true}]}}