{"id":2429,"date":"2019-10-10T12:56:33","date_gmt":"2019-10-10T10:56:33","guid":{"rendered":"https:\/\/sompirineu.cat\/senderia\/?p=2429"},"modified":"2021-03-25T13:35:17","modified_gmt":"2021-03-25T12:35:17","slug":"salvat-el-cami-ral-tivenys-el-perello-a-la-serra-de-cardo-baix-ebre","status":"publish","type":"post","link":"https:\/\/sompirineu.cat\/senderia\/salvat-el-cami-ral-tivenys-el-perello-a-la-serra-de-cardo-baix-ebre\/","title":{"rendered":"Salvat el cam\u00ed ral Tivenys &#8211; el Perell\u00f3, a la serra de Card\u00f3 (Baix Ebre)"},"content":{"rendered":"<p>A les Terres de l\u2019Ebre, on la for\u00e7a dels Ports i del Delta arrabassen bona part de l\u2019atenci\u00f3, la serra de Card\u00f3 passa m\u00e9s aviat desapercebuda. Malgrat assolir una considerable al\u00e7ada de quasi 1.000 m i eixamplar-se uns 25 km, algun conegut ge\u00f2graf les ha anomenat <em>les muntanyes invisibles<\/em>.<\/p>\n<p>Tanmateix, ja fa uns anys que gent de la regi\u00f3 considera que aquest mass\u00eds i la seua rodalia amaga un patrimoni que mereix una oportunitat i molta m\u00e9s atenci\u00f3. Especialment pel fet d\u2019integrar l\u2019antic monestir i el conjunt d\u2019ermites que constitu\u00efa el desert carmelit\u00e0 de Card\u00f3, convertit m\u00e9s endavant en balneari. El seu estat actual de precarietat ha posat en alerta diverses entitats que, amb el projecte <span style=\"color: #008000;\"><em>Reneix Card\u00f3 <\/em><\/span>(<a href=\"https:\/\/www.diaridetarragona.com\/ebre\/Ajuntaments-i-particulars-suneixen-per-rehabilitar-i-impulsar-Cardo-20181125-0021.html\" target=\"_blank\" rel=\"noopener\">clic<\/a>), impulsen la seva puixan\u00e7a.<\/p>\n<p>Com a part d\u2019aquesta revitalitzaci\u00f3 i amb l\u2019entusiasme dels voluntaris locals, fa temps que s\u2019est\u00e0 duent a terme accions de recuperaci\u00f3 de senderes, de restauraci\u00f3 d\u2019ermites, publicacions, etc. Fruit d\u2019aquesta interacci\u00f3 territorial, s\u2019ha editat fa pocs mesos una fant\u00e0stica guia escrita per Rafael L\u00f3pez- Monn\u00e9 (<a href=\"http:\/\/www.arolaeditors.com\/llibre.asp?isbn=978-84-94927-01-0\" target=\"_blank\" rel=\"noopener\">clic<\/a>) i un ampli mapa d\u2019una gran riquesa cartogr\u00e0fica i topon\u00edmica, (<u>clec<\/u>), que pretenen apropar la bellesa d\u2019aquesta zona, especialment abundosa en camins de transhum\u00e0ncia (aqu\u00ed anomenats lligallos).<\/p>\n<p>Aix\u00ed doncs, en assabentar-nos l\u2019any 2015 per casualitat, com acostuma a passar, de l\u2019exist\u00e8ncia d\u2019un projecte promogut pel Departament d\u2019Agricultura, Ramaderia, Pesca i Alimentaci\u00f3, per transformar en una llarga i \u00e0mplia pista l\u2019antic cam\u00ed ral Tivenys &#8211; el Perell\u00f3, va saltar l\u2019alerta. Aquest vell cam\u00ed \u00e9s l\u2019\u00faltim de la seua condici\u00f3 que conserva la mateixa estructura des de fa segles. Segons reconeguts experts en camins, que van aportar documentaci\u00f3 en defensa del seu valor patrimonial, \u00e9s ben estrany trobar una sendera com aquesta on es visualitzi tan clarament i tan llargament el seu disseny, ja que recorre al llarg de gaireb\u00e9 4 km un gran espai absolutament a\u00efllat i mancat de cap element hum\u00e0 distorsionador de l\u2019entorn: un d\u2019aquests espais ben escassos ja al nostre pa\u00eds on el sender embelleix el paisatge. Gr\u00e0cies a aquestes condicions especials, des de fa uns anys aquesta contrada \u00e9s l\u2019h\u00e0bitat fix d\u2019algunes de les esp\u00e8cies m\u00e9s amena\u00e7ades, entre elles l\u2019\u00e0liga cuabarrada. Una obra d\u2019aquestes dimensions anava, per tant, en direcci\u00f3 totalment contr\u00e0ria al model i valors que pret\u00e9n el territori de les Terres de l\u2019Ebre, declarat Reserva de la Biosfera.<\/p>\n<p>La primera acci\u00f3 que calia emprendre era exposar-ho i analitzar-ho amb diversa gent del territori especialment afectada o interessada. Aix\u00ed qu\u00e8, despr\u00e9s de parlar amb alguns propietaris de finques afectades, agents rurals, ca\u00e7adors, bombers i altres, vam observar que gaireb\u00e9 tothom considerava innecess\u00e0ria i molt agressiva aquesta actuaci\u00f3, fins i tot dins de la pr\u00f2pia administraci\u00f3. Algunes contradiccions en l\u2019accessibilitat (el promotor pretenia prohibir el pas, per\u00f2 a nivell local es volia obrir-lo i facilitar-lo) van afegir m\u00e9s inquietud.<\/p>\n<p>&nbsp;<\/p>\n<p>&nbsp;<\/p>\n<p>Amb aquestes sensacions positives s\u2019engeg\u00e0 una campanya de conscienciaci\u00f3 a base d\u2019articles i cartes als diaris, en qu\u00e8 es van aconseguir fins i tot portades a la premsa. Tamb\u00e9 es van entregar cartes a la Direcci\u00f3 General de Forests, presentant queixes al respecte. Ben aconsellats, es va decidir acudir a grups ecologistes de la regi\u00f3. Va ser el GEPEC (Grup d\u2019Estudis i de Protecci\u00f3 dels Ecosistemes\u00a0Catalans), que ja estava assabentat del tema, qui accept\u00e0 el repte i la responsabilitat de defensar l\u2019hist\u00f2ric cam\u00ed. De bon inici els seus serveis jur\u00eddics van adonar-se de les irregularitats del projecte: el principal i b\u00e0sic assenyalava que un Estudi d\u2019Impacte Ambiental (EIA) \u201c<em>no era necessari<\/em>\u201d i que fins i tot s\u2019havia adjudicat l\u2019obra. Aix\u00f2, malgrat que l\u2019expedient inicial d\u2019ordenaci\u00f3 forestal del 2007 ja el condicionava a presentar-lo. Cal recordar que com indica la Llei 21\/2013 art. 7.1b, qualsevol projecte que afecti espais protegits (\u201c<em>directa o indirectament<\/em>\u201d) t\u00e9 l\u2019obligaci\u00f3 de redactar una avaluaci\u00f3 ambiental. Tal era el cas de manera plena: EIN Serres de Card\u00f3-Boix i Natura 2000. El ress\u00f2 medi\u00e0tic s\u2019intensific\u00e0, arribant tamb\u00e9 als noticiaris televisius (<a href=\"https:\/\/www.ccma.cat\/tv3\/alacarta\/telenoticies-comarques\/el-gepec-en-contra-de-la-pista-forestal-entre-tivenys-i-el-perello-a-la-serra-de-cardo\/video\/5780130\/\" target=\"_blank\" rel=\"noopener\">clic<\/a>).<\/p>\n<p>Un cop aconseguit tramitar l\u2019EIA l\u2019any 2018, es descobreix que tampoc es va demanar informe al Servei d\u2019Arqueologia i Paleontologia, malgrat que l\u2019obra afectava 1.250 m lineals de marges de pedra seca, un element declarat Patrimoni Immaterial de la Humanitat per la UNESCO. Es defugia, per tant, de l\u2019exhortaci\u00f3 de l\u2019EIA d\u2019incloure mesures per minimitzar l\u2019impacte patrimonial i pressupostar-les.<\/p>\n<p>Val a dir que uns dels motius principals per actuar sobre aquesta sendera hist\u00f2rica era la necessitat de comunicacions per al transport de bombers, essent una zona molt sensible als incendis. Curiosament, el mateix EIA adverteix que aquesta actuaci\u00f3 no \u00e9s garantia de res en la tipologia d\u2019incendis a Card\u00f3. Encara m\u00e9s, els propis bombers del GRAF (amb qui vam parlar en saber del projecte) van emetre un informe on planteja \u201c<em>evitar els grans incendis NO amb la construcci\u00f3 de noves pistes, sin\u00f3 afavorint focs de baixa intensitat per eliminar aquests grans incendis i millorar l\u2019autoprotecci\u00f3<\/em>\u201d.<\/p>\n<p>Per\u00f2, sens dubte, l\u2019element definitiu que ha servit per ajudar a preservar l\u2019\u00e0rea i rebutjar l\u2019actuaci\u00f3 ha estat la seva biodiversitat: \u00e0liga cuabarrada, \u00e0liga daurada, falc\u00f3 pelegr\u00ed, duc, \u00e0liga marcenca i altres han trobat en aquesta serralada un rac\u00f3 digne per habitar. D\u2019alguna d\u2019aquestes esp\u00e8cies s\u2019hi aplega una de les concentracions m\u00e9s importats a Catalunya.<\/p>\n<p>Finalment, en data 19 de juny del 2019 el Departament de Territori i Sostenibilitat ha resolt en favor de la conservaci\u00f3 del cam\u00ed ral Tivenys-Perell\u00f3 i ha em\u00e8s una declaraci\u00f3 d\u2019impacte ambiental amb car\u00e0cter desfavorable (vegeu <a href=\"https:\/\/dogc.gencat.cat\/ca\/pdogc_canals_interns\/pdogc_resultats_fitxa\/?action=fitxa&amp;documentId=853128&amp;language=ca_ES\" target=\"_blank\" rel=\"noopener\">Resoluci\u00f3<\/a>).<\/p>\n<p>Des del territori creiem que aquesta excel\u00b7lent not\u00edcia ha de servir per posar la serra de Card\u00f3 al lloc on mereix, amb els seus valors paisatg\u00edstics, culturals, naturals i patrimonials. Tot i aix\u00f2, aquesta zona est\u00e0 encara menystinguda i maltractada per elements com el tr\u00e0nsit motoritzat. Per aquesta ra\u00f3, inspirats en iniciatives com la declaraci\u00f3 a favor dels camins tradicionals de l\u2019IDAPA o el <em>Manifest pel Canig\u00f3<\/em>, les entitats culturals i excursionistes de la contrada aviat presentaran un document que pret\u00e9n exposar tota aquesta v\u00e0lua davant la poblaci\u00f3 i exhortar al seu reconeixement i protecci\u00f3.<\/p>\n","protected":false},"excerpt":{"rendered":"<p>A les Terres de l\u2019Ebre, on la for\u00e7a dels Ports i del Delta arrabassen bona [&hellip;]<\/p>\n","protected":false},"author":4,"featured_media":2432,"comment_status":"closed","ping_status":"closed","sticky":false,"template":"","format":"standard","meta":{"site-sidebar-layout":"default","site-content-layout":"default","ast-site-content-layout":"","site-content-style":"default","site-sidebar-style":"default","ast-global-header-display":"","ast-banner-title-visibility":"","ast-main-header-display":"","ast-hfb-above-header-display":"","ast-hfb-below-header-display":"","ast-hfb-mobile-header-display":"","site-post-title":"","ast-breadcrumbs-content":"","ast-featured-img":"","footer-sml-layout":"","theme-transparent-header-meta":"default","adv-header-id-meta":"","stick-header-meta":"default","header-above-stick-meta":"","header-main-stick-meta":"","header-below-stick-meta":"","astra-migrate-meta-layouts":"default","ast-page-background-enabled":"default","ast-page-background-meta":{"desktop":{"background-color":"var(--ast-global-color-4)","background-image":"","background-repeat":"repeat","background-position":"center center","background-size":"auto","background-attachment":"scroll","background-type":"","background-media":"","overlay-type":"","overlay-color":"","overlay-opacity":"","overlay-gradient":""},"tablet":{"background-color":"","background-image":"","background-repeat":"repeat","background-position":"center center","background-size":"auto","background-attachment":"scroll","background-type":"","background-media":"","overlay-type":"","overlay-color":"","overlay-opacity":"","overlay-gradient":""},"mobile":{"background-color":"","background-image":"","background-repeat":"repeat","background-position":"center center","background-size":"auto","background-attachment":"scroll","background-type":"","background-media":"","overlay-type":"","overlay-color":"","overlay-opacity":"","overlay-gradient":""}},"ast-content-background-meta":{"desktop":{"background-color":"var(--ast-global-color-5)","background-image":"","background-repeat":"repeat","background-position":"center center","background-size":"auto","background-attachment":"scroll","background-type":"","background-media":"","overlay-type":"","overlay-color":"","overlay-opacity":"","overlay-gradient":""},"tablet":{"background-color":"var(--ast-global-color-5)","background-image":"","background-repeat":"repeat","background-position":"center center","background-size":"auto","background-attachment":"scroll","background-type":"","background-media":"","overlay-type":"","overlay-color":"","overlay-opacity":"","overlay-gradient":""},"mobile":{"background-color":"var(--ast-global-color-5)","background-image":"","background-repeat":"repeat","background-position":"center center","background-size":"auto","background-attachment":"scroll","background-type":"","background-media":"","overlay-type":"","overlay-color":"","overlay-opacity":"","overlay-gradient":""}},"footnotes":""},"categories":[3],"tags":[34],"class_list":["post-2429","post","type-post","status-publish","format-standard","has-post-thumbnail","hentry","category-el-mirador","tag-61-octubre-2019"],"_links":{"self":[{"href":"https:\/\/sompirineu.cat\/senderia\/wp-json\/wp\/v2\/posts\/2429","targetHints":{"allow":["GET"]}}],"collection":[{"href":"https:\/\/sompirineu.cat\/senderia\/wp-json\/wp\/v2\/posts"}],"about":[{"href":"https:\/\/sompirineu.cat\/senderia\/wp-json\/wp\/v2\/types\/post"}],"author":[{"embeddable":true,"href":"https:\/\/sompirineu.cat\/senderia\/wp-json\/wp\/v2\/users\/4"}],"replies":[{"embeddable":true,"href":"https:\/\/sompirineu.cat\/senderia\/wp-json\/wp\/v2\/comments?post=2429"}],"version-history":[{"count":1,"href":"https:\/\/sompirineu.cat\/senderia\/wp-json\/wp\/v2\/posts\/2429\/revisions"}],"predecessor-version":[{"id":2431,"href":"https:\/\/sompirineu.cat\/senderia\/wp-json\/wp\/v2\/posts\/2429\/revisions\/2431"}],"wp:featuredmedia":[{"embeddable":true,"href":"https:\/\/sompirineu.cat\/senderia\/wp-json\/wp\/v2\/media\/2432"}],"wp:attachment":[{"href":"https:\/\/sompirineu.cat\/senderia\/wp-json\/wp\/v2\/media?parent=2429"}],"wp:term":[{"taxonomy":"category","embeddable":true,"href":"https:\/\/sompirineu.cat\/senderia\/wp-json\/wp\/v2\/categories?post=2429"},{"taxonomy":"post_tag","embeddable":true,"href":"https:\/\/sompirineu.cat\/senderia\/wp-json\/wp\/v2\/tags?post=2429"}],"curies":[{"name":"wp","href":"https:\/\/api.w.org\/{rel}","templated":true}]}}