{"id":2555,"date":"2021-04-10T20:44:28","date_gmt":"2021-04-10T18:44:28","guid":{"rendered":"https:\/\/sompirineu.cat\/senderia\/?p=2555"},"modified":"2021-04-20T17:15:12","modified_gmt":"2021-04-20T15:15:12","slug":"daqui-a-un-mes-la-vi-edicio-dels-festivals-de-senderisme-dels-pirineus","status":"publish","type":"post","link":"https:\/\/sompirineu.cat\/senderia\/daqui-a-un-mes-la-vi-edicio-dels-festivals-de-senderisme-dels-pirineus\/","title":{"rendered":"D&#8217;aqu\u00ed a un mes, la VI edici\u00f3 dels Festivals de Senderisme dels Pirineus"},"content":{"rendered":"<p>Encara falta embastar algunes coses, per\u00f2 els tretze esdeveniments que conformen la sisena edici\u00f3 dels Festivals de Senderisme dels Pirineus ja tenen data i van tancant els programes. Obrir\u00e0 el <strong>Festival Camina el Bergued\u00e0<\/strong> (14-16 de maig) i baixar\u00e0 el tel\u00f3 el <strong>Vall de Bo\u00ed Trek Festival<\/strong> (9-12 d\u2019octubre), despr\u00e9s de gaireb\u00e9 cinc mesos d\u2019activitats i sense que es produeixi cap coincid\u00e8ncia temporal.<\/p>\n<p>A destacar les quatre noves incorporacions: el <strong>Festival Camina Pirineus Alt Urgell<\/strong>; el <strong>Senderi, Festival de Senderisme de Sort, la Vall d\u2019\u00c0ssua i el Batlliu<\/strong> i el <strong>Festival de Senderisme del Solson\u00e8s<\/strong>, a banda del <strong>Summit Val d\u2019Aran Festival<\/strong>, una derivada del ja veter\u00e0 festival aran\u00e8s, per\u00f2 exclusiu per a les cames m\u00e9s exigents.<\/p>\n<p>Com sempre, les rutes guiades i amb diferents nivells de dificultat s\u2019acompanyaran dels tasts de producte local, de les visites al patrimoni cultural, de presentacions i d\u2019altres sorpreses encara no desvetllables. Nom\u00e9s cal creuar els dits i esperar que les pand\u00e8mies, les onades i altres inconveni\u00e8ncies siguin m\u00e9s respectuoses que l\u2019any passat&#8230;<\/p>\n","protected":false},"excerpt":{"rendered":"<p>Encara falta embastar algunes coses, per\u00f2 els tretze esdeveniments que conformen la sisena edici\u00f3 dels [&hellip;]<\/p>\n","protected":false},"author":3,"featured_media":2557,"comment_status":"closed","ping_status":"closed","sticky":false,"template":"","format":"standard","meta":{"site-sidebar-layout":"default","site-content-layout":"default","ast-site-content-layout":"","site-content-style":"default","site-sidebar-style":"default","ast-global-header-display":"","ast-banner-title-visibility":"","ast-main-header-display":"","ast-hfb-above-header-display":"","ast-hfb-below-header-display":"","ast-hfb-mobile-header-display":"","site-post-title":"","ast-breadcrumbs-content":"","ast-featured-img":"","footer-sml-layout":"","theme-transparent-header-meta":"default","adv-header-id-meta":"","stick-header-meta":"default","header-above-stick-meta":"","header-main-stick-meta":"","header-below-stick-meta":"","astra-migrate-meta-layouts":"default","ast-page-background-enabled":"default","ast-page-background-meta":{"desktop":{"background-color":"var(--ast-global-color-4)","background-image":"","background-repeat":"repeat","background-position":"center center","background-size":"auto","background-attachment":"scroll","background-type":"","background-media":"","overlay-type":"","overlay-color":"","overlay-opacity":"","overlay-gradient":""},"tablet":{"background-color":"","background-image":"","background-repeat":"repeat","background-position":"center center","background-size":"auto","background-attachment":"scroll","background-type":"","background-media":"","overlay-type":"","overlay-color":"","overlay-opacity":"","overlay-gradient":""},"mobile":{"background-color":"","background-image":"","background-repeat":"repeat","background-position":"center center","background-size":"auto","background-attachment":"scroll","background-type":"","background-media":"","overlay-type":"","overlay-color":"","overlay-opacity":"","overlay-gradient":""}},"ast-content-background-meta":{"desktop":{"background-color":"var(--ast-global-color-5)","background-image":"","background-repeat":"repeat","background-position":"center center","background-size":"auto","background-attachment":"scroll","background-type":"","background-media":"","overlay-type":"","overlay-color":"","overlay-opacity":"","overlay-gradient":""},"tablet":{"background-color":"var(--ast-global-color-5)","background-image":"","background-repeat":"repeat","background-position":"center center","background-size":"auto","background-attachment":"scroll","background-type":"","background-media":"","overlay-type":"","overlay-color":"","overlay-opacity":"","overlay-gradient":""},"mobile":{"background-color":"var(--ast-global-color-5)","background-image":"","background-repeat":"repeat","background-position":"center center","background-size":"auto","background-attachment":"scroll","background-type":"","background-media":"","overlay-type":"","overlay-color":"","overlay-opacity":"","overlay-gradient":""}},"footnotes":""},"categories":[7],"tags":[31],"class_list":["post-2555","post","type-post","status-publish","format-standard","has-post-thumbnail","hentry","category-noticies","tag-78-abril-2021"],"_links":{"self":[{"href":"https:\/\/sompirineu.cat\/senderia\/wp-json\/wp\/v2\/posts\/2555","targetHints":{"allow":["GET"]}}],"collection":[{"href":"https:\/\/sompirineu.cat\/senderia\/wp-json\/wp\/v2\/posts"}],"about":[{"href":"https:\/\/sompirineu.cat\/senderia\/wp-json\/wp\/v2\/types\/post"}],"author":[{"embeddable":true,"href":"https:\/\/sompirineu.cat\/senderia\/wp-json\/wp\/v2\/users\/3"}],"replies":[{"embeddable":true,"href":"https:\/\/sompirineu.cat\/senderia\/wp-json\/wp\/v2\/comments?post=2555"}],"version-history":[{"count":2,"href":"https:\/\/sompirineu.cat\/senderia\/wp-json\/wp\/v2\/posts\/2555\/revisions"}],"predecessor-version":[{"id":2589,"href":"https:\/\/sompirineu.cat\/senderia\/wp-json\/wp\/v2\/posts\/2555\/revisions\/2589"}],"wp:featuredmedia":[{"embeddable":true,"href":"https:\/\/sompirineu.cat\/senderia\/wp-json\/wp\/v2\/media\/2557"}],"wp:attachment":[{"href":"https:\/\/sompirineu.cat\/senderia\/wp-json\/wp\/v2\/media?parent=2555"}],"wp:term":[{"taxonomy":"category","embeddable":true,"href":"https:\/\/sompirineu.cat\/senderia\/wp-json\/wp\/v2\/categories?post=2555"},{"taxonomy":"post_tag","embeddable":true,"href":"https:\/\/sompirineu.cat\/senderia\/wp-json\/wp\/v2\/tags?post=2555"}],"curies":[{"name":"wp","href":"https:\/\/api.w.org\/{rel}","templated":true}]}}