{"id":2660,"date":"2021-05-10T11:37:09","date_gmt":"2021-05-10T09:37:09","guid":{"rendered":"https:\/\/sompirineu.cat\/senderia\/?p=2660"},"modified":"2021-06-28T18:35:30","modified_gmt":"2021-06-28T16:35:30","slug":"caminant-entre-ametllers-florits","status":"publish","type":"post","link":"https:\/\/sompirineu.cat\/senderia\/caminant-entre-ametllers-florits\/","title":{"rendered":"Caminant entre ametllers florits"},"content":{"rendered":"<p>La proposta resultava atractiva, els arbres florits gaireb\u00e9 sempre els contemplem, la mirada \u00e9s l\u2019\u00fanic sentit que els hi dediquem. Els esguardem, observem, fins hi tot admirem, rara vegada penetrem al seu h\u00e0bitat per gaudir-los amb tots els sentits.<\/p>\n<p>Un temps indec\u00eds ens va donar el bon dia. A l\u2019atmosfera hi havia de tot: n\u00favols, nuvolots de color punta de llapis, retalls de cel blau que s\u2019endevinava m\u00e9s que ser eloq\u00fcent. Per\u00f2 res d\u2019aix\u00f2 ens va descoratjar i, reunint el que cal per afrontar una caminada, emprenem una nova aventura. Ens hem cal\u00e7at les botes disposats a caminar entre ametllers florits.<\/p>\n<p>Pla de Sant Rom\u00e0 d\u2019Abella, cases disperses i camp endre\u00e7at amb rectangles de diferents tons de verds i algun del que la terra encara amaga el cultiu. Dona gust contemplar el paisatge amb terreny cultivat, formant geometries que s\u2019acomoden a la mirada i et transmet sensaci\u00f3 de vitalitat. Els camins estan secs, mentre la terra sota els arbres \u00e9s flonja i humida a la pressi\u00f3 del pas. Penetrem al domini dels ametllers afilerats, estan al l\u00edmit de l\u2019ostentaci\u00f3 de les vestimentes florals entre blanc i rosat i unes fulletes d\u2019un verd primerenc treuen el cap tot deixondint-se del son hivernal. La primavera recent estrenada ens mostra el contrast del canvi i el desvetllar dels colors dia a dia. Les estacions van molt lligades a les emocions, per sentir-les has de trescar per camins, viaranys i trepitjar territori, que ve de terra: sentir-la, flairar-la, que t\u2019embriagui per estimar-la. \u00a0Caminem sense pressa, assaborint el festival dels sentits; la frag\u00e0ncia de la floresc\u00e8ncia que la brisa estimula d\u2019una dol\u00e7or suggestiva de mel de mil flors. Les r\u00e0fegues de vent que empenyen els n\u00favols fan caure els p\u00e8tals com una pluja blanca amb aspecte irreal, talment novel\u00b7lesc. M\u2019entretinc resseguint amb els dits les branques aspres amb el nusos esculpits amb el pas del temps. Llegeixo la prosa dels troncs i sembla ficci\u00f3 que puguin donar aquesta flor tan delicada, en la que ja s\u2019albiren les fulles verdes que preservaran el fruit.<\/p>\n<p>Caminar \u00e9s transitar per camps i senderis, tot cultivant la conversa. Ho fem sobre una catifa verda novella amb botons grocs que esclaten aqu\u00ed i all\u00e0 en forma de flor. Avui, els elements no s\u2019han posat d\u2019acord i ens sorprenen amb quatre gotes mal contades ara i ullades de sol m\u00e9s tard, \u00e9s un avan\u00e7 de la primavera que arraulida darrera d\u2019un d\u2019aquests nuvolots espera la seva hora, mentre treu la poteta de tant en tant.<\/p>\n<p>Dins l\u2019arbrat arrenglerat observem diferents maneres de conrear: en alguns, la t\u00e8cnica avan\u00e7a en el rec, el que fa pensar que hi ha jovent que es va obrint pas i copsem el relleu generacional.<\/p>\n<p>Un cop a la carretera seguim trobant patrimoni, l\u2019empremta de l\u2019home en un moment determinat: un b\u00fanquer mig amagat per la malesa i, si cerquem informaci\u00f3, est\u00e0 oculta per les potents branques d\u2019un arbre o mig esborrada, pel pas del temps i els elements naturals i humans que hi han transitat. Fora bo que tingu\u00e9ssim cura dels camins del Pallars, les administracions no necessiten un gran pressupost, tan sols una mica d\u2019empatia cap el territori.<\/p>\n<p>Cada caminada \u00e9s una descoberta: mentre trepitgem la terra a vegades aspre, d\u2019altres blegada pel treball de l\u2019home, els nostres sentits s\u2019afinen i sabem llegir la prosa dels arbres i la poesia de l\u2019oreig entre les branques que provoca pluges de p\u00e8tals per embriagar-nos amb els seus flaires. Tot un viatge a les ess\u00e8ncies humanes.<\/p>\n","protected":false},"excerpt":{"rendered":"<p>La proposta resultava atractiva, els arbres florits gaireb\u00e9 sempre els contemplem, la mirada \u00e9s l\u2019\u00fanic [&hellip;]<\/p>\n","protected":false},"author":3,"featured_media":2663,"comment_status":"closed","ping_status":"closed","sticky":false,"template":"","format":"standard","meta":{"site-sidebar-layout":"default","site-content-layout":"default","ast-site-content-layout":"","site-content-style":"default","site-sidebar-style":"default","ast-global-header-display":"","ast-banner-title-visibility":"","ast-main-header-display":"","ast-hfb-above-header-display":"","ast-hfb-below-header-display":"","ast-hfb-mobile-header-display":"","site-post-title":"","ast-breadcrumbs-content":"","ast-featured-img":"","footer-sml-layout":"","theme-transparent-header-meta":"default","adv-header-id-meta":"","stick-header-meta":"default","header-above-stick-meta":"","header-main-stick-meta":"","header-below-stick-meta":"","astra-migrate-meta-layouts":"default","ast-page-background-enabled":"default","ast-page-background-meta":{"desktop":{"background-color":"var(--ast-global-color-4)","background-image":"","background-repeat":"repeat","background-position":"center center","background-size":"auto","background-attachment":"scroll","background-type":"","background-media":"","overlay-type":"","overlay-color":"","overlay-opacity":"","overlay-gradient":""},"tablet":{"background-color":"","background-image":"","background-repeat":"repeat","background-position":"center center","background-size":"auto","background-attachment":"scroll","background-type":"","background-media":"","overlay-type":"","overlay-color":"","overlay-opacity":"","overlay-gradient":""},"mobile":{"background-color":"","background-image":"","background-repeat":"repeat","background-position":"center center","background-size":"auto","background-attachment":"scroll","background-type":"","background-media":"","overlay-type":"","overlay-color":"","overlay-opacity":"","overlay-gradient":""}},"ast-content-background-meta":{"desktop":{"background-color":"var(--ast-global-color-5)","background-image":"","background-repeat":"repeat","background-position":"center center","background-size":"auto","background-attachment":"scroll","background-type":"","background-media":"","overlay-type":"","overlay-color":"","overlay-opacity":"","overlay-gradient":""},"tablet":{"background-color":"var(--ast-global-color-5)","background-image":"","background-repeat":"repeat","background-position":"center center","background-size":"auto","background-attachment":"scroll","background-type":"","background-media":"","overlay-type":"","overlay-color":"","overlay-opacity":"","overlay-gradient":""},"mobile":{"background-color":"var(--ast-global-color-5)","background-image":"","background-repeat":"repeat","background-position":"center center","background-size":"auto","background-attachment":"scroll","background-type":"","background-media":"","overlay-type":"","overlay-color":"","overlay-opacity":"","overlay-gradient":""}},"footnotes":""},"categories":[3],"tags":[42],"class_list":["post-2660","post","type-post","status-publish","format-standard","has-post-thumbnail","hentry","category-el-mirador","tag-79-maig-2021"],"_links":{"self":[{"href":"https:\/\/sompirineu.cat\/senderia\/wp-json\/wp\/v2\/posts\/2660","targetHints":{"allow":["GET"]}}],"collection":[{"href":"https:\/\/sompirineu.cat\/senderia\/wp-json\/wp\/v2\/posts"}],"about":[{"href":"https:\/\/sompirineu.cat\/senderia\/wp-json\/wp\/v2\/types\/post"}],"author":[{"embeddable":true,"href":"https:\/\/sompirineu.cat\/senderia\/wp-json\/wp\/v2\/users\/3"}],"replies":[{"embeddable":true,"href":"https:\/\/sompirineu.cat\/senderia\/wp-json\/wp\/v2\/comments?post=2660"}],"version-history":[{"count":3,"href":"https:\/\/sompirineu.cat\/senderia\/wp-json\/wp\/v2\/posts\/2660\/revisions"}],"predecessor-version":[{"id":2822,"href":"https:\/\/sompirineu.cat\/senderia\/wp-json\/wp\/v2\/posts\/2660\/revisions\/2822"}],"wp:featuredmedia":[{"embeddable":true,"href":"https:\/\/sompirineu.cat\/senderia\/wp-json\/wp\/v2\/media\/2663"}],"wp:attachment":[{"href":"https:\/\/sompirineu.cat\/senderia\/wp-json\/wp\/v2\/media?parent=2660"}],"wp:term":[{"taxonomy":"category","embeddable":true,"href":"https:\/\/sompirineu.cat\/senderia\/wp-json\/wp\/v2\/categories?post=2660"},{"taxonomy":"post_tag","embeddable":true,"href":"https:\/\/sompirineu.cat\/senderia\/wp-json\/wp\/v2\/tags?post=2660"}],"curies":[{"name":"wp","href":"https:\/\/api.w.org\/{rel}","templated":true}]}}