{"id":2795,"date":"2021-05-10T22:08:09","date_gmt":"2021-05-10T20:08:09","guid":{"rendered":"https:\/\/sompirineu.cat\/senderia\/?p=2795"},"modified":"2021-05-11T10:01:43","modified_gmt":"2021-05-11T08:01:43","slug":"gemma-cots-la-volta-de-la-serra-de-freixa","status":"publish","type":"post","link":"https:\/\/sompirineu.cat\/senderia\/gemma-cots-la-volta-de-la-serra-de-freixa\/","title":{"rendered":"Gemma Cots &#8211; La volta de la serra de Freixa"},"content":{"rendered":"<p><strong>Introducci\u00f3<\/strong><\/p>\n<p><span style=\"color: #339966;\">Una de les cites setmanals gaireb\u00e9 ineludibles per als habitants de la Vall de Siarb era anar al mercat a Sort, un trajecte que, des del poble que fos (Freixa, Rubi\u00f3, Llagunes, Soriguera, Puiforniu o Tornafort) es feia caminant i, normalment, amb animals. El relat que segueix ens remet al recorregut des de Freixa, El text, creat a partir de l\u2019entrevista feta l\u2019any 2020 a la Maria Sol\u00e9 Tomas\u00f3, nascuda a Freixa el 12 d\u2019octubre de 1935, es troba incl\u00f2s dins de la guia descriptiva <em><strong>Relats de camins<\/strong><\/em>, un fullet\u00f3 que recull deu relats elaborats des de les converses amb padrins i padrines de la Vall de Siarb i que s\u2019inclouen dins del projecte Museu de Camins. En les m\u00e9s de vint entrevistes efectuades, ens parlen del patrimoni dels camins, del perqu\u00e8 els utilitzaven en la seva vida quotidiana i de com es vivia fa molt pocs anys, encara que sembli que n&#8217;han passat molts.<\/span><\/p>\n<p><strong>Els dimarts al mercat de Sort<\/strong><\/p>\n<p><em>De Freixa sortiven diversos camins, n\u2019hi havia un que anave cap a la torre que passave pels trossos, un altre que anave a Junyent, despr\u00e9s un cam\u00ed que anave a Tornafort, barranc amunt, un altre que per un altre barranc tamb\u00e9 anave cap a Tornafort, i un altre cap a Sant Sebastia, que passave per dalt pla, i despr\u00e9s el que anave cap a Ta\u00fas, que passave per sota el poble cap a baix el riu i es ficave pel bosc: tot plegat era com un circu\u00eft de camins. Per\u00f2 de tots els camins el que recordo m\u00e9s era el cam\u00ed de Llagunes, passave per sobre el poble, sortia a la serra, s\u2019agafave el bosc avall i cap a Llagunes: hi havie trossos que estave empedrat amb rocs i amb alguna paret de pedra seca.<\/em><\/p>\n<p><em>Els camins els f\u00e8vem servir per anar a Sort a comprar, agaf\u00e0vem un ruquet i a peu, quan arribaves a Sort i on hi ha ara el banc, a la pla\u00e7a, hi havia una paret i all\u00ed estac\u00e0vem els rucs i sovint els port\u00e0vem a l\u2019era de Cal Ramonet, anaves a mercat i tornar a puiar cap a casa. All\u00ed trig\u00e0vem ben b\u00e9 tres hores: tres hores anar, tres hores tornar: ens hi pass\u00e0vem tot el dia! A vegades els animals duien cartres per transportar-ho tot millor, per portar botelles, per portar de tot. I a l\u2019hivern algun cop no hi pod\u00edvem anar perqu\u00e8 estave ple de neu, fins i tot un any vam quedar a\u00efllats ben b\u00e9 quinze dies o m\u00e9s i el meu germ\u00e0 va baixar a Llagunes a buscar pa amb raquetes!<\/em><\/p>\n<p><em>Les dones f\u00e8vem la feina de casa i les del camp era segar. Les feines de la casa eren: cuinar amb el foc a terra, anar al safareig, anar a l\u2019hort&#8230; Hav\u00edem passat molt de fred anant a rentar al safareig:\u00a0 sab\u00f3 el f\u00e8vem a casa, amb sosa i amb una mica de greix i, despr\u00e9s, el rentar a dalt del safareig; i no nom\u00e9s aix\u00f2, jo recordo encara que la meva mare anave al riu a rentar amb una fusta, i \u00e9s que abans de nosaltres encara es patia molt m\u00e9s.<\/em><\/p>\n<p><em>Les condicions eren molt prec\u00e0ries: no ten\u00edem ni llum ni tel\u00e8fon, ens il\u00b7lumin\u00e0vem tan sols amb la llum que feve una bombeta, ja que a Freixa tamb\u00e9 ten\u00edvem una mola on van fer-hi una centraleta per fer la llum. Recordo que quan feven la centraleta l\u2019home que la constru\u00efa jo li feve el dinar, deuria tenir deu o dotze anys.<\/em><\/p>\n<p><em>A Junyent mai no hi havia hagut escola, era m\u00e9s o menys xic, aix\u00ed que a estudi veniven a Freixa, \u00e9rem ben b\u00e9 una vintena, nens i nenes barrejats. Per aquella escola hi van passar molts mestres, cada un o dos anys en ten\u00edvem un de diferent gaireb\u00e9: n\u2019hi va haver un que va ser-hi dos anys. Els mestres es quedaven a viure a Freixa, a l\u2019estudi, on hi havia una mica de \u201cvivenda\u201d, tot i que alguna vegada algun mestre s\u2019havia quedat a casa nostra.<\/em><\/p>\n<p><em>Tamb\u00e9 va ser emocionant el moment que vam tenir r\u00e0dio o quan va arribar la primera televisi\u00f3, que va ser a Llagunes, a Cal Bosch: molt sovint naltrus an\u00e0vem a Cal Bosch i ens ajunt\u00e0vem amb gent de Soriguera que tamb\u00e9 venive i puiaven per mirar la televisi\u00f3.<\/em><\/p>\n<p><em>Tot i veure i viure aquesta vida prec\u00e0ria, abans cant\u00e0vem molt, se sentien molts cants, tot el jovent cantava, era una \u00e8poca que es cantava molt quan es segava, ja que no hi havia res m\u00e9s que all\u00f2.<\/em><\/p>\n","protected":false},"excerpt":{"rendered":"<p>Introducci\u00f3 Una de les cites setmanals gaireb\u00e9 ineludibles per als habitants de la Vall de [&hellip;]<\/p>\n","protected":false},"author":3,"featured_media":2797,"comment_status":"closed","ping_status":"closed","sticky":false,"template":"","format":"standard","meta":{"site-sidebar-layout":"default","site-content-layout":"default","ast-site-content-layout":"","site-content-style":"default","site-sidebar-style":"default","ast-global-header-display":"","ast-banner-title-visibility":"","ast-main-header-display":"","ast-hfb-above-header-display":"","ast-hfb-below-header-display":"","ast-hfb-mobile-header-display":"","site-post-title":"","ast-breadcrumbs-content":"","ast-featured-img":"","footer-sml-layout":"","theme-transparent-header-meta":"default","adv-header-id-meta":"","stick-header-meta":"default","header-above-stick-meta":"","header-main-stick-meta":"","header-below-stick-meta":"","astra-migrate-meta-layouts":"default","ast-page-background-enabled":"default","ast-page-background-meta":{"desktop":{"background-color":"var(--ast-global-color-4)","background-image":"","background-repeat":"repeat","background-position":"center center","background-size":"auto","background-attachment":"scroll","background-type":"","background-media":"","overlay-type":"","overlay-color":"","overlay-opacity":"","overlay-gradient":""},"tablet":{"background-color":"","background-image":"","background-repeat":"repeat","background-position":"center center","background-size":"auto","background-attachment":"scroll","background-type":"","background-media":"","overlay-type":"","overlay-color":"","overlay-opacity":"","overlay-gradient":""},"mobile":{"background-color":"","background-image":"","background-repeat":"repeat","background-position":"center center","background-size":"auto","background-attachment":"scroll","background-type":"","background-media":"","overlay-type":"","overlay-color":"","overlay-opacity":"","overlay-gradient":""}},"ast-content-background-meta":{"desktop":{"background-color":"var(--ast-global-color-5)","background-image":"","background-repeat":"repeat","background-position":"center center","background-size":"auto","background-attachment":"scroll","background-type":"","background-media":"","overlay-type":"","overlay-color":"","overlay-opacity":"","overlay-gradient":""},"tablet":{"background-color":"var(--ast-global-color-5)","background-image":"","background-repeat":"repeat","background-position":"center center","background-size":"auto","background-attachment":"scroll","background-type":"","background-media":"","overlay-type":"","overlay-color":"","overlay-opacity":"","overlay-gradient":""},"mobile":{"background-color":"var(--ast-global-color-5)","background-image":"","background-repeat":"repeat","background-position":"center center","background-size":"auto","background-attachment":"scroll","background-type":"","background-media":"","overlay-type":"","overlay-color":"","overlay-opacity":"","overlay-gradient":""}},"footnotes":""},"categories":[6],"tags":[42],"class_list":["post-2795","post","type-post","status-publish","format-standard","has-post-thumbnail","hentry","category-una-caminada-amb","tag-79-maig-2021"],"_links":{"self":[{"href":"https:\/\/sompirineu.cat\/senderia\/wp-json\/wp\/v2\/posts\/2795","targetHints":{"allow":["GET"]}}],"collection":[{"href":"https:\/\/sompirineu.cat\/senderia\/wp-json\/wp\/v2\/posts"}],"about":[{"href":"https:\/\/sompirineu.cat\/senderia\/wp-json\/wp\/v2\/types\/post"}],"author":[{"embeddable":true,"href":"https:\/\/sompirineu.cat\/senderia\/wp-json\/wp\/v2\/users\/3"}],"replies":[{"embeddable":true,"href":"https:\/\/sompirineu.cat\/senderia\/wp-json\/wp\/v2\/comments?post=2795"}],"version-history":[{"count":7,"href":"https:\/\/sompirineu.cat\/senderia\/wp-json\/wp\/v2\/posts\/2795\/revisions"}],"predecessor-version":[{"id":2823,"href":"https:\/\/sompirineu.cat\/senderia\/wp-json\/wp\/v2\/posts\/2795\/revisions\/2823"}],"wp:featuredmedia":[{"embeddable":true,"href":"https:\/\/sompirineu.cat\/senderia\/wp-json\/wp\/v2\/media\/2797"}],"wp:attachment":[{"href":"https:\/\/sompirineu.cat\/senderia\/wp-json\/wp\/v2\/media?parent=2795"}],"wp:term":[{"taxonomy":"category","embeddable":true,"href":"https:\/\/sompirineu.cat\/senderia\/wp-json\/wp\/v2\/categories?post=2795"},{"taxonomy":"post_tag","embeddable":true,"href":"https:\/\/sompirineu.cat\/senderia\/wp-json\/wp\/v2\/tags?post=2795"}],"curies":[{"name":"wp","href":"https:\/\/api.w.org\/{rel}","templated":true}]}}