{"id":2906,"date":"2018-12-10T08:27:22","date_gmt":"2018-12-10T07:27:22","guid":{"rendered":"https:\/\/sompirineu.cat\/senderia\/?p=2906"},"modified":"2021-05-12T08:50:57","modified_gmt":"2021-05-12T06:50:57","slug":"calcar-se-amb-el-cap","status":"publish","type":"post","link":"https:\/\/sompirineu.cat\/senderia\/calcar-se-amb-el-cap\/","title":{"rendered":"Cal\u00e7ar-se amb el cap"},"content":{"rendered":"<p>Em vaig criar entre sabates, olor de pell i el bestiar de casa. Mon pare era sabater artes\u00e0 i <em>pegot<\/em> (arreglava sabates), i tamb\u00e9 pag\u00e8s. A finals dels anys 40 va obrir la sabateria a la Torre de Capdella, l\u2019\u00fanic poble de la Vall Fosca que en aquell moment no tenia sabater. La majoria de pobles de la vall ja en tenien. I als anys 70 l\u2019\u00fanica sabateria que quedava era la nostra.<\/p>\n<p>El principal maldecap d\u2019un sabater artes\u00e0 era que aquells clients als qui se\u2019ls havia fet unes sabates a mida, marxessin contents i amb la seguretat que se\u2019ls havia assessorat correctament, tant pel que fa al tipus de cal\u00e7at que necessitaven, com per la seva activitat i pel lloc on la desenvoluparien. Cal tenir en compte que la major part dels clients eren pastors i empleats de la companyia el\u00e8ctrica i valoraven enormement l\u2019efic\u00e0cia d\u2019un bon cal\u00e7at.<\/p>\n<p>La clientela no sempre venia a casa a comprar. Nosaltres an\u00e0vem a les fires ramaderes dels Pirineus, des de Puigcerd\u00e0 fins a Castej\u00f3n de Sos, i all\u00e0 els ramaders encarregaven les sabates. Mon pare els prenia les mides, mentre jo o ma germana <em>vigil\u00e0vom<\/em> la parada. Les sabates les feia a casa. No s\u00e9 quan tardava exactament a fer-les, per\u00f2 s\u00ed que recordo que trigava tretze hores a cosir un parell de botes.<\/p>\n<p>En els seus principis, mon pare nom\u00e9s venia sabata feta a mida per ell mateix, amb pell comprada a Igualada i a altres llocs. M\u00e9s endavant, cap als anys 60, va comen\u00e7ar a incorporar cal\u00e7at de f\u00e0brica. Coneixia tant l\u2019ofici que va acabar assessorant als fabricants, ja que els deia els defectes de les sabates i els orientava sobre com els podien solucionar.<\/p>\n<p>Jo em vaig incorporar al negoci als anys 80. L\u2019ess\u00e8ncia del m\u00f3n de les sabates la vaig aprendre al costat del meu pare, per\u00f2 els m\u00e9s de trenta anys a la botiga m\u2019han donat molts coneixements, tant dels nous materials com de les persones que utilitzen el cal\u00e7at de muntanya i les seves necessitats.<\/p>\n<p>Actualment, a la botiga, que vam ampliar i renovar al 2015, tenim principalment cal\u00e7at de muntanya i complements (bastons de senderisme, motxilles, frontals, pantalons, jaquetes, bragues, mitjons, gorres, etc.).<\/p>\n<table>\n<tbody>\n<tr>\n<td width=\"432\"><img fetchpriority=\"high\" decoding=\"async\" class=\"alignnone size-medium wp-image-2910\" src=\"https:\/\/sompirineu.cat\/senderia\/wp-content\/uploads\/2021\/05\/Villaverde_1-300x214.jpg\" alt=\"\" width=\"300\" height=\"214\" srcset=\"https:\/\/sompirineu.cat\/senderia\/wp-content\/uploads\/2021\/05\/Villaverde_1-300x214.jpg 300w, https:\/\/sompirineu.cat\/senderia\/wp-content\/uploads\/2021\/05\/Villaverde_1-1024x729.jpg 1024w, https:\/\/sompirineu.cat\/senderia\/wp-content\/uploads\/2021\/05\/Villaverde_1-768x547.jpg 768w, https:\/\/sompirineu.cat\/senderia\/wp-content\/uploads\/2021\/05\/Villaverde_1-1536x1094.jpg 1536w, https:\/\/sompirineu.cat\/senderia\/wp-content\/uploads\/2021\/05\/Villaverde_1-2048x1458.jpg 2048w\" sizes=\"(max-width: 300px) 100vw, 300px\" \/><\/td>\n<td width=\"432\"><img decoding=\"async\" class=\"alignnone size-medium wp-image-2911\" src=\"https:\/\/sompirineu.cat\/senderia\/wp-content\/uploads\/2021\/05\/Villaverde_2-300x199.jpg\" alt=\"\" width=\"300\" height=\"199\" srcset=\"https:\/\/sompirineu.cat\/senderia\/wp-content\/uploads\/2021\/05\/Villaverde_2-300x199.jpg 300w, https:\/\/sompirineu.cat\/senderia\/wp-content\/uploads\/2021\/05\/Villaverde_2-1024x678.jpg 1024w, https:\/\/sompirineu.cat\/senderia\/wp-content\/uploads\/2021\/05\/Villaverde_2-768x509.jpg 768w, https:\/\/sompirineu.cat\/senderia\/wp-content\/uploads\/2021\/05\/Villaverde_2-1536x1017.jpg 1536w, https:\/\/sompirineu.cat\/senderia\/wp-content\/uploads\/2021\/05\/Villaverde_2-2048x1357.jpg 2048w\" sizes=\"(max-width: 300px) 100vw, 300px\" \/><\/td>\n<\/tr>\n<\/tbody>\n<\/table>\n<p>Jo crec que cada caminador necessita un tipus de sabata espec\u00edfica. No \u00e9s el mateix fer baixa muntanya o senderisme, aproximacions a cims o fer un 5.000. Per a cada ocasi\u00f3 hi ha un cal\u00e7at amb unes caracter\u00edstiques diferents, i cada client \u00e9s un m\u00f3n.<\/p>\n<p>A Cal\u00e7ats Villaverde, tenim una clientela molt diversa. La majoria \u00e9s p\u00fablic catal\u00e0 i, sobretot, dels Pirineus. Tamb\u00e9 tenim clientela d\u2019Andorra, de Madrid o del Pa\u00eds Basc. Pel que fa al perfil del client, tamb\u00e9 \u00e9s molt variat. La majoria de gent que passa per la botiga s\u00f3n persones que fan muntanya el cap de setmana i no requereixen un cal\u00e7at gaire t\u00e8cnic. Despr\u00e9s tenim un gruix molt important de clients que s\u00f3n els ramaders i els ca\u00e7adors, que necessiten botes molt c\u00f2modes i duradores.<\/p>\n<p>Un altre tipus de client \u00e9s el de tota la vida, que et dona tota la confian\u00e7a perqu\u00e8 tu tri\u00efs el cal\u00e7at que necessita a cada moment, que pot ser des de fer un viatge o una expedici\u00f3 a regions de muntanya, unes vacances on far\u00e0 caminades senzilles o per a l\u2019\u00fas diari.<\/p>\n<p>I encara hi ha un grup de clients menys espec\u00edfic, que venen amb una idea molt clara, per\u00f2 quan parlem i proven diferents models, acaben comprant una bota o sabata diferent de la que havien demanat a l\u2019inici. L\u2019assessorament \u00e9s realment important per comprar un cal\u00e7at adequat.<\/p>\n<table>\n<tbody>\n<tr>\n<td width=\"432\"><img decoding=\"async\" class=\"alignnone size-medium wp-image-2914\" src=\"https:\/\/sompirineu.cat\/senderia\/wp-content\/uploads\/2021\/05\/Villaverde_5-300x199.jpg\" alt=\"\" width=\"300\" height=\"199\" srcset=\"https:\/\/sompirineu.cat\/senderia\/wp-content\/uploads\/2021\/05\/Villaverde_5-300x199.jpg 300w, https:\/\/sompirineu.cat\/senderia\/wp-content\/uploads\/2021\/05\/Villaverde_5-1024x678.jpg 1024w, https:\/\/sompirineu.cat\/senderia\/wp-content\/uploads\/2021\/05\/Villaverde_5-768x509.jpg 768w, https:\/\/sompirineu.cat\/senderia\/wp-content\/uploads\/2021\/05\/Villaverde_5-1536x1017.jpg 1536w, https:\/\/sompirineu.cat\/senderia\/wp-content\/uploads\/2021\/05\/Villaverde_5-2048x1357.jpg 2048w\" sizes=\"(max-width: 300px) 100vw, 300px\" \/><\/td>\n<td width=\"432\"><img loading=\"lazy\" decoding=\"async\" class=\"size-medium wp-image-2912\" src=\"https:\/\/sompirineu.cat\/senderia\/wp-content\/uploads\/2021\/05\/Villaverde_3-300x199.jpg\" alt=\"\" width=\"300\" height=\"199\" srcset=\"https:\/\/sompirineu.cat\/senderia\/wp-content\/uploads\/2021\/05\/Villaverde_3-300x199.jpg 300w, https:\/\/sompirineu.cat\/senderia\/wp-content\/uploads\/2021\/05\/Villaverde_3.jpg 640w\" sizes=\"(max-width: 300px) 100vw, 300px\" \/><\/td>\n<\/tr>\n<\/tbody>\n<\/table>\n<p>Consells b\u00e0sics per al gran p\u00fablic<\/p>\n<ul>\n<li>El cal\u00e7at s\u2019ha de comprar a la tarda o despr\u00e9s d\u2019unes hores d\u2019activitat.<\/li>\n<li>Quan ens emprovem una bota, hem de comprovar que picant de punta i de tal\u00f3, el peu es pot despla\u00e7ar m\u00ednimament. \u00c9s l\u2019espai de dilataci\u00f3.<\/li>\n<li>\u00c9s important que el mitj\u00f3 que s\u2019utilitzi sigui t\u00e8cnic, perqu\u00e8 el peu transpiri i per evitar tocadures.<\/li>\n<li>\u00c9s recomanable mitja canya o canya alta per evitar tor\u00e7ades de turmells.<\/li>\n<li>\u00c9s recomanable bota sense canya si patim dels genolls.<\/li>\n<li>En l\u2019ascensi\u00f3 de cims sempre \u00e9s recomanable portar canya alta.<\/li>\n<li>La sola per a un caminador que nom\u00e9s t\u00e9 un tipus de bota ha de ser el m\u00e9s polivalent possible.<\/li>\n<li>\u00c9s recomanable que la bota sigui impermeable, sobretot si nom\u00e9s en tenim un parell.<\/li>\n<\/ul>\n<p>Manteniment de la bota<\/p>\n<ul>\n<li>Despr\u00e9s d\u2019utilitzar-la, la bota s\u2019ha de netejar per fora amb aigua i un raspall, sense cap producte. S\u2019ha de deixar ventilar i eixugar, de manera natural.<\/li>\n<li>Si estan molt molles de dins perqu\u00e8 ha entrat aigua per dalt, per la canya, s\u2019han d\u2019omplir amb paper de diari.<\/li>\n<\/ul>\n<p>Si la bota \u00e9s de pell, \u00e9s convenient aplicar-li el producte recomanat pel fabricant.<\/p>\n","protected":false},"excerpt":{"rendered":"<p>Em vaig criar entre sabates, olor de pell i el bestiar de casa. Mon pare [&hellip;]<\/p>\n","protected":false},"author":3,"featured_media":2914,"comment_status":"closed","ping_status":"closed","sticky":false,"template":"","format":"standard","meta":{"site-sidebar-layout":"default","site-content-layout":"default","ast-site-content-layout":"","site-content-style":"default","site-sidebar-style":"default","ast-global-header-display":"","ast-banner-title-visibility":"","ast-main-header-display":"","ast-hfb-above-header-display":"","ast-hfb-below-header-display":"","ast-hfb-mobile-header-display":"","site-post-title":"","ast-breadcrumbs-content":"","ast-featured-img":"","footer-sml-layout":"","theme-transparent-header-meta":"default","adv-header-id-meta":"","stick-header-meta":"default","header-above-stick-meta":"","header-main-stick-meta":"","header-below-stick-meta":"","astra-migrate-meta-layouts":"default","ast-page-background-enabled":"default","ast-page-background-meta":{"desktop":{"background-color":"var(--ast-global-color-4)","background-image":"","background-repeat":"repeat","background-position":"center center","background-size":"auto","background-attachment":"scroll","background-type":"","background-media":"","overlay-type":"","overlay-color":"","overlay-opacity":"","overlay-gradient":""},"tablet":{"background-color":"","background-image":"","background-repeat":"repeat","background-position":"center center","background-size":"auto","background-attachment":"scroll","background-type":"","background-media":"","overlay-type":"","overlay-color":"","overlay-opacity":"","overlay-gradient":""},"mobile":{"background-color":"","background-image":"","background-repeat":"repeat","background-position":"center center","background-size":"auto","background-attachment":"scroll","background-type":"","background-media":"","overlay-type":"","overlay-color":"","overlay-opacity":"","overlay-gradient":""}},"ast-content-background-meta":{"desktop":{"background-color":"var(--ast-global-color-5)","background-image":"","background-repeat":"repeat","background-position":"center center","background-size":"auto","background-attachment":"scroll","background-type":"","background-media":"","overlay-type":"","overlay-color":"","overlay-opacity":"","overlay-gradient":""},"tablet":{"background-color":"var(--ast-global-color-5)","background-image":"","background-repeat":"repeat","background-position":"center center","background-size":"auto","background-attachment":"scroll","background-type":"","background-media":"","overlay-type":"","overlay-color":"","overlay-opacity":"","overlay-gradient":""},"mobile":{"background-color":"var(--ast-global-color-5)","background-image":"","background-repeat":"repeat","background-position":"center center","background-size":"auto","background-attachment":"scroll","background-type":"","background-media":"","overlay-type":"","overlay-color":"","overlay-opacity":"","overlay-gradient":""}},"footnotes":""},"categories":[3],"tags":[46],"class_list":["post-2906","post","type-post","status-publish","format-standard","has-post-thumbnail","hentry","category-el-mirador","tag-52-desembre-2018"],"_links":{"self":[{"href":"https:\/\/sompirineu.cat\/senderia\/wp-json\/wp\/v2\/posts\/2906","targetHints":{"allow":["GET"]}}],"collection":[{"href":"https:\/\/sompirineu.cat\/senderia\/wp-json\/wp\/v2\/posts"}],"about":[{"href":"https:\/\/sompirineu.cat\/senderia\/wp-json\/wp\/v2\/types\/post"}],"author":[{"embeddable":true,"href":"https:\/\/sompirineu.cat\/senderia\/wp-json\/wp\/v2\/users\/3"}],"replies":[{"embeddable":true,"href":"https:\/\/sompirineu.cat\/senderia\/wp-json\/wp\/v2\/comments?post=2906"}],"version-history":[{"count":5,"href":"https:\/\/sompirineu.cat\/senderia\/wp-json\/wp\/v2\/posts\/2906\/revisions"}],"predecessor-version":[{"id":2918,"href":"https:\/\/sompirineu.cat\/senderia\/wp-json\/wp\/v2\/posts\/2906\/revisions\/2918"}],"wp:featuredmedia":[{"embeddable":true,"href":"https:\/\/sompirineu.cat\/senderia\/wp-json\/wp\/v2\/media\/2914"}],"wp:attachment":[{"href":"https:\/\/sompirineu.cat\/senderia\/wp-json\/wp\/v2\/media?parent=2906"}],"wp:term":[{"taxonomy":"category","embeddable":true,"href":"https:\/\/sompirineu.cat\/senderia\/wp-json\/wp\/v2\/categories?post=2906"},{"taxonomy":"post_tag","embeddable":true,"href":"https:\/\/sompirineu.cat\/senderia\/wp-json\/wp\/v2\/tags?post=2906"}],"curies":[{"name":"wp","href":"https:\/\/api.w.org\/{rel}","templated":true}]}}