{"id":2951,"date":"2021-06-10T07:00:47","date_gmt":"2021-06-10T05:00:47","guid":{"rendered":"https:\/\/sompirineu.cat\/senderia\/?p=2951"},"modified":"2021-12-22T11:06:40","modified_gmt":"2021-12-22T10:06:40","slug":"de-boscuries","status":"publish","type":"post","link":"https:\/\/sompirineu.cat\/senderia\/de-boscuries\/","title":{"rendered":"De bosc\u00faries"},"content":{"rendered":"<p>Arriba un moment en la vida dels muntanyencs, en qu\u00e8 les preguntes van arribant i cada cop costa m\u00e9s respondre-les. Potser a la joventut l\u2019\u00e0nsia esportiva, el \u00a0descobriment, la competitivitat i el desig de superaci\u00f3 sempre et fan anar m\u00e9s enll\u00e0 sense gaire reflexi\u00f3. Per\u00f2 quan a la maduresa les forces comencen a marcar els seus l\u00edmits queda temps per altres espais i algunes q\u00fcestions es van perfilant cada cop amb m\u00e9s insist\u00e8ncia. Una d\u2019aquestes preguntes sense aparent resposta \u00e9s aquesta atracci\u00f3 per la natura i els espais naturals que funciona com un iman de for\u00e7a poderosa i invisible per tornar sempre cap a la muntanya. Lentament hom va constatant que m\u00e9s enll\u00e0\u00a0 de moltes raons la crida de la natura \u00e9s un dels motors de l\u2019activitat muntanyenca i excursionista. El desig de contemplaci\u00f3 i alhora de comprensi\u00f3 i connexi\u00f3 amb la natura esdev\u00e9 un nou far de les reflexions quotidianes. Per qu\u00e8 ens agrada la natura? Per qu\u00e8 ens hi sentim atrets? Quim lligam tel\u00b7l\u00faric ens hi fa tornar i retornar? I com ho combinem i equilibrem amb la nostra natura urbana inevitable? I el medi natural quin espai i sentit t\u00e9 dins \u00a0les capes de civilitzaci\u00f3 i cultura urbana? Podem anar a la natura sense el p\u00f2sit de la hist\u00f2ria dels segles de cultura occidental? Quan parlem de paisatge, qu\u00e8 estem veient, el pur medi natural o hi tenim una mirada mediatitzada per les capes culturals com a pells de ceba? Podem estar cridats a viure la natura i entendre-la des d\u2019una viv\u00e8ncia urbana i social? No ser\u00e0 aquest retorn a la natura una escapada d\u2019una civilitzaci\u00f3 envellida i gastada, per\u00f2 inevitable i de la que no sabem prescindir? Realment estem preparats per a una viv\u00e8ncia de la natura aut\u00e8ntica i pura? Perqu\u00e8, en definitiva, qu\u00e8 \u00e9s la natura per a un \u00e9sser hum\u00e0 civilitzat i culturitzat?<\/p>\n<p>Aquestes i moltes altres s\u00f3n q\u00fcestions que serveixen per anar rumiant \u00a0i per intentar respondre en aquest llarg cam\u00ed que \u00e9s la vida i l \u2018exist\u00e8ncia humana. Sempre hem llegit i cercat llibres que ens ajudessin en aquest recorregut, per\u00f2 en general sempre hem acabat decebuts per la manca de reflexi\u00f3, per la superficialitat i frivolitat d\u2019algunes an\u00e0lisi dels nostres autors preferits, que potser simplement \u00e9s incapacitat, i sovint hem hagut d\u2019anar m\u00e9s enll\u00e0, a cercar en lleng\u00fces estrangeres un discurs que per aqu\u00ed no sabem trobar. Per aix\u00f2 estem especialment contents de trobar en la nostra llengua, i d\u2019un autor proper, un text que ens ajudi i acompanyi en aquesta excursi\u00f3.<\/p>\n<p>Un mica emboscat i cridat a una pres\u00e8ncia discreta a les llibreries seria injust passar per alt aquest <span style=\"color: #008000;\"><strong><em>Bosc\u00faria<\/em><\/strong><\/span>, que ens ha acompanyat durant uns dies per uns camins lluminosos i suggerents. El seu autor, en Miquel Bassols, psicoanalista de prestigi, ha bastit un assaig s\u00f2lid i ins\u00f2lit, sorprenent i farcit de reflexions que volem compartir amb altres lectors d\u2019aquestes d\u00e8ries. Qu\u00e8 \u00e9s <strong><em>Bosc\u00faria<\/em><\/strong>? Dif\u00edcil de definir. Una llarga reflexi\u00f3 sobre la natura i la relaci\u00f3 m\u00e9s secreta, profunda i \u00edntima de l\u2019\u00e9sser hum\u00e0 amb el bosc, la muntanya, el cam\u00ed i el caminar\u00a0 i els paisatges, sobre les coses i especialment la natura de les coses. Un llibre reflexiu, especulatiu, inevitablement un punt ret\u00f2ric que obre portes i suggereix pistes, arriba a poques conclusions i evita les veritats i afirmacions contundents.<\/p>\n<p>En un joc d\u2019un dif\u00edcil equilibri entre la teoria i l\u2019experi\u00e8ncia, \u00e9s a dir, entre la cosa i la paraula o el pensament que la construeix o defineix es planteja si la paraula i el llenguatge \u00e9s una simple representaci\u00f3 de la realitat o b\u00e9 forma part d\u2019aquesta\u00a0 donant-li forma i contingut.<\/p>\n<p>El mite de la cabana, la densitat del bosc, el caminar com quelcom que va m\u00e9s enll\u00e0 del moviment, Gaud\u00ed, Verdaguer, Montserrat, la sacralitat, els boscos d\u2019Aransa i Cap del Rec, l\u2019altitud, la melancolia, el Cad\u00ed com a s\u00edmbol, la sobrenatura i la natura de les coses, s\u00f3n algunes de les idees i conceptes sobre els que reflexiona, caminant per un cam\u00ed embardissat que intenta desbrossar amb la paraula i pensament, per\u00f2 obrint tamb\u00e9 la porta a les sensacions i sentiments.<\/p>\n<p><strong><em>Bosc\u00faria<\/em><\/strong> no \u00e9s un llibre m\u00e9s de la tend\u00e8ncia actual de <em>nature writing<\/em>, un calaix de sastre on s\u2019hi barregen moltes propostes\u00a0 sense gaire criteri. \u00c9s una altra cosa, molt diferent. \u00c9s un llibre per pensar la relaci\u00f3 de l\u2019\u00e9sser hum\u00e0 amb la natura, amb una arrancada de pur m\u00e8tode aristot\u00e8lica, per\u00f2 obrint trencalls i senderes que hem de rec\u00f3rrer individualment i amb llibertat d\u2019esperit.<\/p>\n<p>I acabem amb una de les q\u00fcestions que planteja i que fa dies que ens fa rumiar: \u201cCom trobar la porta d\u2019entrada i la porta de sortida de la muntanya?\u201d. \u00a0Potser alguns que hem passat ja fa temps el llindar de la porta d\u2019entrada no volem trobar la sortida, per\u00f2 intu\u00efm que s\u2019apropa i que tard o d\u2019hora ens hi acostarem i que ser\u00e0 inevitable el seu pas, per\u00f2 encara queda cam\u00ed per gaudir i pensar. \u00a0En aquest transit aquest llibre \u00e9s una guia que ofereix pistes, marca altres senderes alternatives \u00a0i dona \u00e0nims. Potser perqu\u00e8 el pas de la persona per la vida i per la natura \u00e9s simplement un llarg cam\u00ed que comen\u00e7a i acaba amb la paraula i una flor.<\/p>\n<p>(Ressenya escrita per Enric Faura, editor)<\/p>\n","protected":false},"excerpt":{"rendered":"<p>Arriba un moment en la vida dels muntanyencs, en qu\u00e8 les preguntes van arribant i [&hellip;]<\/p>\n","protected":false},"author":3,"featured_media":2954,"comment_status":"closed","ping_status":"closed","sticky":false,"template":"","format":"standard","meta":{"site-sidebar-layout":"default","site-content-layout":"default","ast-site-content-layout":"","site-content-style":"default","site-sidebar-style":"default","ast-global-header-display":"","ast-banner-title-visibility":"","ast-main-header-display":"","ast-hfb-above-header-display":"","ast-hfb-below-header-display":"","ast-hfb-mobile-header-display":"","site-post-title":"","ast-breadcrumbs-content":"","ast-featured-img":"","footer-sml-layout":"","theme-transparent-header-meta":"default","adv-header-id-meta":"","stick-header-meta":"default","header-above-stick-meta":"","header-main-stick-meta":"","header-below-stick-meta":"","astra-migrate-meta-layouts":"default","ast-page-background-enabled":"default","ast-page-background-meta":{"desktop":{"background-color":"var(--ast-global-color-4)","background-image":"","background-repeat":"repeat","background-position":"center center","background-size":"auto","background-attachment":"scroll","background-type":"","background-media":"","overlay-type":"","overlay-color":"","overlay-opacity":"","overlay-gradient":""},"tablet":{"background-color":"","background-image":"","background-repeat":"repeat","background-position":"center center","background-size":"auto","background-attachment":"scroll","background-type":"","background-media":"","overlay-type":"","overlay-color":"","overlay-opacity":"","overlay-gradient":""},"mobile":{"background-color":"","background-image":"","background-repeat":"repeat","background-position":"center center","background-size":"auto","background-attachment":"scroll","background-type":"","background-media":"","overlay-type":"","overlay-color":"","overlay-opacity":"","overlay-gradient":""}},"ast-content-background-meta":{"desktop":{"background-color":"var(--ast-global-color-5)","background-image":"","background-repeat":"repeat","background-position":"center center","background-size":"auto","background-attachment":"scroll","background-type":"","background-media":"","overlay-type":"","overlay-color":"","overlay-opacity":"","overlay-gradient":""},"tablet":{"background-color":"var(--ast-global-color-5)","background-image":"","background-repeat":"repeat","background-position":"center center","background-size":"auto","background-attachment":"scroll","background-type":"","background-media":"","overlay-type":"","overlay-color":"","overlay-opacity":"","overlay-gradient":""},"mobile":{"background-color":"var(--ast-global-color-5)","background-image":"","background-repeat":"repeat","background-position":"center center","background-size":"auto","background-attachment":"scroll","background-type":"","background-media":"","overlay-type":"","overlay-color":"","overlay-opacity":"","overlay-gradient":""}},"footnotes":""},"categories":[4],"tags":[51],"class_list":["post-2951","post","type-post","status-publish","format-standard","has-post-thumbnail","hentry","category-sendes-literaries","tag-80-juny-2021"],"_links":{"self":[{"href":"https:\/\/sompirineu.cat\/senderia\/wp-json\/wp\/v2\/posts\/2951","targetHints":{"allow":["GET"]}}],"collection":[{"href":"https:\/\/sompirineu.cat\/senderia\/wp-json\/wp\/v2\/posts"}],"about":[{"href":"https:\/\/sompirineu.cat\/senderia\/wp-json\/wp\/v2\/types\/post"}],"author":[{"embeddable":true,"href":"https:\/\/sompirineu.cat\/senderia\/wp-json\/wp\/v2\/users\/3"}],"replies":[{"embeddable":true,"href":"https:\/\/sompirineu.cat\/senderia\/wp-json\/wp\/v2\/comments?post=2951"}],"version-history":[{"count":5,"href":"https:\/\/sompirineu.cat\/senderia\/wp-json\/wp\/v2\/posts\/2951\/revisions"}],"predecessor-version":[{"id":4603,"href":"https:\/\/sompirineu.cat\/senderia\/wp-json\/wp\/v2\/posts\/2951\/revisions\/4603"}],"wp:featuredmedia":[{"embeddable":true,"href":"https:\/\/sompirineu.cat\/senderia\/wp-json\/wp\/v2\/media\/2954"}],"wp:attachment":[{"href":"https:\/\/sompirineu.cat\/senderia\/wp-json\/wp\/v2\/media?parent=2951"}],"wp:term":[{"taxonomy":"category","embeddable":true,"href":"https:\/\/sompirineu.cat\/senderia\/wp-json\/wp\/v2\/categories?post=2951"},{"taxonomy":"post_tag","embeddable":true,"href":"https:\/\/sompirineu.cat\/senderia\/wp-json\/wp\/v2\/tags?post=2951"}],"curies":[{"name":"wp","href":"https:\/\/api.w.org\/{rel}","templated":true}]}}