{"id":2978,"date":"2018-03-10T11:58:16","date_gmt":"2018-03-10T10:58:16","guid":{"rendered":"https:\/\/sompirineu.cat\/senderia\/?p=2978"},"modified":"2021-05-31T13:45:58","modified_gmt":"2021-05-31T11:45:58","slug":"torrent-del-grau-de-los-el-tresor-amagat-de-la-cerdanya","status":"publish","type":"post","link":"https:\/\/sompirineu.cat\/senderia\/torrent-del-grau-de-los-el-tresor-amagat-de-la-cerdanya\/","title":{"rendered":"Una red articulada para los caminos tradicionales de Canarias"},"content":{"rendered":"<p>El proyecto integral denominado <span style=\"color: #008000;\"><em>Caminaria: Proyecto para la recuperaci\u00f3n y revalorizaci\u00f3n de los caminos tradicionales de Canarias (2017-2019) <\/em><\/span>que ha sido encargado por la Direcci\u00f3n General de Patrimonio Cultural del Gobierno de Canarias, tiene como objetivo principal la revalorizaci\u00f3n e identificaci\u00f3n de los principales caminos tradicionales de Canarias, con especial referencia a los caminos relacionados con la trashumancia.<\/p>\n<p>El proyecto, que se ha iniciado en el mes de octubre de 2017, tiene en cuenta varios criterios tales como la importancia hist\u00f3rica de los tramos principales, aquellos que est\u00e1n declarados espec\u00edficamente como Bienes de Inter\u00e9s Cultural o el nivel de urgencia para actuar en ellos, entre otros.<\/p>\n<p>A trav\u00e9s de este proyecto, se podr\u00e1n realizar acciones concretas y aplicadas de revalorizaci\u00f3n y recuperaci\u00f3n de los principales caminos p\u00fablicos con alto valor patrimonial que existen en cada una de las ocho islas del Archipi\u00e9lago con poblaci\u00f3n residente, as\u00ed como, una diagnosis, estado de la cuesti\u00f3n y prognosis de la caminer\u00eda<sup>i<\/sup> en Canarias.<\/p>\n<p>De esta manera, se elegir\u00e1n los principales itinerarios hist\u00f3ricos, etnogr\u00e1ficos y culturales y en ellos se realizar\u00e1 un conjunto de acciones a corto y medio plazo.<\/p>\n<p>Este proyecto se deriva, en parte, de las conclusiones que presentamos en 2016 en la tesis doctoral con menci\u00f3n internacional titulada <em>La recuperaci\u00f3n de las redes camineras: instrumentos para el desarrollo territorial en la isla de Tenerife <\/em>y que, si bien el \u00e1mbito de estudio era Tenerife, aborda otros territorios de Canarias, Europa y Am\u00e9rica.<\/p>\n<p>El proyecto Caminaria buscar ser un proyecto aplicado, esto es, que no s\u00f3lo se desarrolla un diagn\u00f3stico y propuestas de cara a la adecuaci\u00f3n y recuperaci\u00f3n f\u00edsica de los caminos, sino la revalorizaci\u00f3n de estos como s\u00edmbolos de la memoria colectiva tanto para la poblaci\u00f3n local como para el visitante, siendo un recurso tur\u00edstico- cultural.<\/p>\n<p>La idea es que los caminos sean un atractivo para nuestros visitantes pero, sobre todo, para la poblaci\u00f3n residente. Y es que la mayor\u00eda de estas v\u00edas hist\u00f3ricas se localizan en lugares desconocidos, ya que muchos de estos itinerarios est\u00e1n en desuso.<\/p>\n<p>Cabe destacar que la gran mayor\u00eda son caminos heredados de la \u00e9poca prehisp\u00e1nica empleados para la trashumancia, es decir, para el movimiento y traslado de ganado, mercanc\u00edas y personas. Por ello, una de las principales acciones previstas ser\u00e1 la creaci\u00f3n de una red de caminos trashumantes de Canarias, su internacionalizaci\u00f3n y alianzas estrat\u00e9gicas con otras regiones y pa\u00edses europeos y que, en la actualidad, ya hemos iniciado.<\/p>\n<p>Esta novedosa iniciativa que engloba, por primera vez, a todo el Archipi\u00e9lago, propiciar\u00e1 darles vida de nuevo a algunos de estos tramos que, tras su rehabilitaci\u00f3n, se convertir\u00e1n en senderos did\u00e1cticos y entrar\u00e1n a formar parte de la citada Red.<\/p>\n<p>Por otra parte, la idea es que los caminos que se recuperen incluyan una informaci\u00f3n <em>in situ<\/em>, es decir, que a trav\u00e9s de paneles explicativos o de aplicaciones m\u00f3viles, los visitantes conozcan la historia del bien y su entorno, adem\u00e1s de que pueda formar parte de las visitas guiadas de los profesionales del sector y gu\u00edas-int\u00e9rpretes.<\/p>\n<p>Los caminos tradicionales son s\u00edmbolos de la memoria colectiva y elementos de nuestra cultura como pueblo y un tipo de patrimonio \u00fanico y original, y se trata de caminos que si no se transitan y revalorizan acaban desapareciendo.<\/p>\n<p>Este proyecto regional fomenta el estudio de los principales caminos tradicionales y su interrelaci\u00f3n con el desarrollo territorial y el turismo alternativo. Se trata, por tanto, de una l\u00ednea estrat\u00e9gica que ayudar\u00e1 a mejorar la calidad de vida de la poblaci\u00f3n local como instrumento para el desarrollo regional. Adem\u00e1s, se crear\u00e1 una cartograf\u00eda in\u00e9dita y tem\u00e1tica sobre los caminos tradicionales de Canarias que ser\u00e1 objeto de futuras ampliaciones y propuestas.<\/p>\n<p>Creemos importante subrayar que esta iniciativa puede servir como base para el impulso y desarrollo de proyectos a escala insular, comarcal y municipal promovidos por las diferentes administraciones locales para el estudio de las antiguas redes camineras como factor de desarrollo territorial.<\/p>\n<h1>Desarrollo<\/h1>\n<p><strong>\u00a0<\/strong>El per\u00edodo previsto, para el desarrollo de las l\u00edneas de actuaci\u00f3n, abarca el \u00faltimo trimestre del pasado a\u00f1o 2017, todo el a\u00f1o 2018 y el primer trimestre de 2019. Se debe destacar la buena acogida y el apoyo de administraciones p\u00fablicas que est\u00e1n comprometidas con el proyecto y a las que se solicitar\u00e1 informaci\u00f3n y documentaci\u00f3n para que se pueda integrar todo el Archipi\u00e9lago, adem\u00e1s de que se trata de un proyecto que cuenta con el apoyo de profesores e investigadores de las universidades canarias y entidades relacionadas con el patrimonio caminero.<\/p>\n<h1>Fases del proyecto:<\/h1>\n<p><strong>\u00a0<\/strong>Fase 1 \u2013 estudios iniciales: octubre-diciembre 2017.<\/p>\n<ul>\n<li>Desarrollo de un sistema regional de<\/li>\n<li>Desarrollo iniciativas conjuntas con administraciones p\u00fablicas y entidades privadas: colaboraci\u00f3n con proyecto MAC \u201cRECORED\u201d y otras.<\/li>\n<li>Trabajos previos candidatura Itinerario Cultural Europeo de Canarias (a\u00f1o 2017).<\/li>\n<li>Estudio y an\u00e1lisis de los principales caminos tradicionales \u201cisla a isla\u201d (a\u00f1o 2017).<\/li>\n<li>Estudio y an\u00e1lisis de los caminos declarados espec\u00edficamente BIC en Canarias.<\/li>\n<\/ul>\n<p>Fase 2 \u2013 plan de desarrollo (I): febrero-diciembre 2018.<\/p>\n<ul>\n<li>Desarrollo iniciativas conjuntas con administraciones p\u00fablicas y entidades privadas: colaboraci\u00f3n con proyecto MAC \u201cRECORED\u201d y otras.<\/li>\n<li>Manual de Buenas Pr\u00e1cticas y an\u00e1lisis de los criterios de intervenci\u00f3n (a\u00f1o 2018).<\/li>\n<li>Trabajos previos candidatura primer Itinerario Cultural Europeo de Canarias (a\u00f1o 2018).<\/li>\n<li>Estudio y an\u00e1lisis de los caminos declarados espec\u00edficamente BIC en Canarias (a\u00f1o 2018).<\/li>\n<li>Estudio y an\u00e1lisis de los principales caminos tradicionales \u201cisla a isla\u201d (a\u00f1o 2018).<\/li>\n<\/ul>\n<p>Fase 3 \u2013 plan de desarrollo (II): Primer trimestre 2019.<\/p>\n<ul>\n<li>Propuesta para el establecimiento de una estructura\/\u00f3rgano a escala regional.<\/li>\n<li>Presentaci\u00f3n de resultados y conclusiones.<\/li>\n<\/ul>\n<p>En definitiva, este proyecto, que no ocultamos tendr\u00e1 tambi\u00e9n sus desaf\u00edos pero sobre todo crear\u00e1 oportunidades, ayudar\u00e1 a mejorar la gesti\u00f3n, el mantenimiento, la conservaci\u00f3n y la protecci\u00f3n del conjunto de caminos tradicionales insulares, as\u00ed como, los elementos patrimoniales asociados y que tienen como base la gran riqueza geol\u00f3gica, hist\u00f3rica y etnogr\u00e1fica de Canarias que debemos divulgar, proteger y gestionar.<\/p>\n<p><span style=\"color: #008000;\">Jos\u00e9 Juan Cano<\/span><\/p>\n<p>Director t\u00e9cnico del proyecto <em>Caminaria<\/em><\/p>\n<p>Doctor en Geograf\u00eda con menci\u00f3n internacional<\/p>\n<p>&nbsp;<\/p>\n<p><em><sup>i<\/sup> <strong>Caminer\u00eda:<\/strong><\/em><\/p>\n<p><em><span style=\"font-size: 16px;\">En su edici\u00f3n anual, el II Congreso Internacional de Caminer\u00eda Hisp\u00e1nica, celebrado en 1994, defini\u00f3 el concepto de caminer\u00eda como la suma de los elementos que componen el camino, el caminante y su entorno. Por otra parte, la define como el estudio de las v\u00edas de comunicaci\u00f3n, de su relaci\u00f3n con el entorno geogr\u00e1fico y social y con los itinerarios hist\u00f3ricos y literarios.<\/span><sup>i<\/sup> <strong>Caminer\u00eda:<\/strong><\/em><\/p>\n<p><em>As\u00ed mismo, el Diccionario de la Real Academia de la Lengua Espa\u00f1ola recoge la palabra caminer\u00eda en el que aparecen dos acepciones: por un lado, conjunto de caminos y, por otro, estudio de las v\u00edas de comunicaci\u00f3n en relaci\u00f3n con su entorno geogr\u00e1fico y cultural.<\/em><\/p>\n","protected":false},"excerpt":{"rendered":"<p>El proyecto integral denominado Caminaria: Proyecto para la recuperaci\u00f3n y revalorizaci\u00f3n de los caminos tradicionales [&hellip;]<\/p>\n","protected":false},"author":4,"featured_media":2979,"comment_status":"closed","ping_status":"closed","sticky":false,"template":"","format":"standard","meta":{"site-sidebar-layout":"default","site-content-layout":"default","ast-site-content-layout":"","site-content-style":"default","site-sidebar-style":"default","ast-global-header-display":"","ast-banner-title-visibility":"","ast-main-header-display":"","ast-hfb-above-header-display":"","ast-hfb-below-header-display":"","ast-hfb-mobile-header-display":"","site-post-title":"","ast-breadcrumbs-content":"","ast-featured-img":"","footer-sml-layout":"","theme-transparent-header-meta":"default","adv-header-id-meta":"","stick-header-meta":"default","header-above-stick-meta":"","header-main-stick-meta":"","header-below-stick-meta":"","astra-migrate-meta-layouts":"default","ast-page-background-enabled":"default","ast-page-background-meta":{"desktop":{"background-color":"var(--ast-global-color-4)","background-image":"","background-repeat":"repeat","background-position":"center center","background-size":"auto","background-attachment":"scroll","background-type":"","background-media":"","overlay-type":"","overlay-color":"","overlay-opacity":"","overlay-gradient":""},"tablet":{"background-color":"","background-image":"","background-repeat":"repeat","background-position":"center center","background-size":"auto","background-attachment":"scroll","background-type":"","background-media":"","overlay-type":"","overlay-color":"","overlay-opacity":"","overlay-gradient":""},"mobile":{"background-color":"","background-image":"","background-repeat":"repeat","background-position":"center center","background-size":"auto","background-attachment":"scroll","background-type":"","background-media":"","overlay-type":"","overlay-color":"","overlay-opacity":"","overlay-gradient":""}},"ast-content-background-meta":{"desktop":{"background-color":"var(--ast-global-color-5)","background-image":"","background-repeat":"repeat","background-position":"center center","background-size":"auto","background-attachment":"scroll","background-type":"","background-media":"","overlay-type":"","overlay-color":"","overlay-opacity":"","overlay-gradient":""},"tablet":{"background-color":"var(--ast-global-color-5)","background-image":"","background-repeat":"repeat","background-position":"center center","background-size":"auto","background-attachment":"scroll","background-type":"","background-media":"","overlay-type":"","overlay-color":"","overlay-opacity":"","overlay-gradient":""},"mobile":{"background-color":"var(--ast-global-color-5)","background-image":"","background-repeat":"repeat","background-position":"center center","background-size":"auto","background-attachment":"scroll","background-type":"","background-media":"","overlay-type":"","overlay-color":"","overlay-opacity":"","overlay-gradient":""}},"footnotes":""},"categories":[3],"tags":[54],"class_list":["post-2978","post","type-post","status-publish","format-standard","has-post-thumbnail","hentry","category-el-mirador","tag-44-marc-2018"],"_links":{"self":[{"href":"https:\/\/sompirineu.cat\/senderia\/wp-json\/wp\/v2\/posts\/2978","targetHints":{"allow":["GET"]}}],"collection":[{"href":"https:\/\/sompirineu.cat\/senderia\/wp-json\/wp\/v2\/posts"}],"about":[{"href":"https:\/\/sompirineu.cat\/senderia\/wp-json\/wp\/v2\/types\/post"}],"author":[{"embeddable":true,"href":"https:\/\/sompirineu.cat\/senderia\/wp-json\/wp\/v2\/users\/4"}],"replies":[{"embeddable":true,"href":"https:\/\/sompirineu.cat\/senderia\/wp-json\/wp\/v2\/comments?post=2978"}],"version-history":[{"count":3,"href":"https:\/\/sompirineu.cat\/senderia\/wp-json\/wp\/v2\/posts\/2978\/revisions"}],"predecessor-version":[{"id":2983,"href":"https:\/\/sompirineu.cat\/senderia\/wp-json\/wp\/v2\/posts\/2978\/revisions\/2983"}],"wp:featuredmedia":[{"embeddable":true,"href":"https:\/\/sompirineu.cat\/senderia\/wp-json\/wp\/v2\/media\/2979"}],"wp:attachment":[{"href":"https:\/\/sompirineu.cat\/senderia\/wp-json\/wp\/v2\/media?parent=2978"}],"wp:term":[{"taxonomy":"category","embeddable":true,"href":"https:\/\/sompirineu.cat\/senderia\/wp-json\/wp\/v2\/categories?post=2978"},{"taxonomy":"post_tag","embeddable":true,"href":"https:\/\/sompirineu.cat\/senderia\/wp-json\/wp\/v2\/tags?post=2978"}],"curies":[{"name":"wp","href":"https:\/\/api.w.org\/{rel}","templated":true}]}}