{"id":3069,"date":"2021-06-10T06:49:51","date_gmt":"2021-06-10T04:49:51","guid":{"rendered":"https:\/\/sompirineu.cat\/senderia\/?p=3069"},"modified":"2021-06-10T08:22:24","modified_gmt":"2021-06-10T06:22:24","slug":"laura-maso-del-pla-daiats-a-cabrera","status":"publish","type":"post","link":"https:\/\/sompirineu.cat\/senderia\/laura-maso-del-pla-daiats-a-cabrera\/","title":{"rendered":"Laura Mas\u00f3 &#8211; Del Pla d&#8217;Aiats a Cabrera"},"content":{"rendered":"<p>Un cl\u00e0ssic dels cl\u00e0ssics, quan no ens volem perdre pels imponents Pirineus, per\u00f2 volem quedar satisfets de natura i de vistes, \u00e9s visitar el Collsacabra. Aqu\u00ed \u00e9s on ens desplacem per fer la ruta que presentem avui i que va des del Pla d\u2019Aiats a Cabrera passant pel grau de l\u2019Escaleta. Un recorregut circular d\u2019aproximadament tres hores de durada, amb alguns trams de forts desnivells, dificultat moderada i molt agra\u00eft.<\/p>\n<p>En primer lloc, cal puntualitzar el punt de sortida. L\u2019ajuntament de l\u2019Esquirol ha preparat un aparcament a 300 metres del trencant que hi ha a peu de carretera, situat a tres quil\u00f2metres de Mas Casellas, on comen\u00e7a el nostre track. Just darrere, trobem la casa pairal d\u2019Aiats, des d\u2019on enfilarem pel grau de l\u2019Escaleta, que a mesura que agafa al\u00e7ada, ens permet observar Osona i el Cabrer\u00e8s, fins arribar a l\u2019espectacular pla de dalt de tot, el Pla d\u2019Aiats.<\/p>\n<p>L\u2019objectiu de la ruta era fotografiar un antic carro abandonat, probablement de les cabanes d\u2019Aiats on, segons expliquen, hi vivia una fam\u00edlia que cultivava patates de llavor, una varietat molt apreciada i que nom\u00e9s creix en altura. No aconseguim recon\u00e8ixer-ne cap rastre i seguim fins a la punta del Pla, un dels miradors m\u00e9s panor\u00e0mics d\u2019Osona, des d\u2019on es poden albirar no nom\u00e9s els municipis propers com Rupit, Cantonigr\u00f2s o Falgars, sin\u00f3 tamb\u00e9 Montserrat, el Pedraforca o el Puigmal.<\/p>\n<p>A partir d&#8217;aqu\u00ed, comen\u00e7a el descens amb alguns passos de cadenes fins al coll de Brams, des d\u2019on iniciarem la pujada cap a Cabrera per una bona pila d\u2019escales. Aquells que no han perdut la respiraci\u00f3, asseguren que n\u2019hi ha m\u00e9s de dues centes. Parem a observar el Santuari, que actualment funciona com a restaurant els caps de setmana i ens acostem a les restes del castell de Cabrera, encara en excavaci\u00f3 arqueol\u00f2gica. Les vistes, tant cap a Osona com a la Garrotxa, son impressionants.<\/p>\n<p>Finalment, la baixada \u00e9s agradable, passant majorit\u00e0riament per trams de fageda, per les Marrades fins al coll de Brams, i altra vegada prenem el cam\u00ed fins a Mas Caselles. Una ruta ben trepitjada des de l\u2019antiguitat que, malgrat no ens ha perm\u00e8s observar l\u2019antic carro abandonat, hem pogut petjar els camins empedrats en diversos trams, senyal evident de la seva ver\u00eddica exist\u00e8ncia.<\/p>\n","protected":false},"excerpt":{"rendered":"<p>Un cl\u00e0ssic dels cl\u00e0ssics, quan no ens volem perdre pels imponents Pirineus, per\u00f2 volem quedar [&hellip;]<\/p>\n","protected":false},"author":3,"featured_media":3074,"comment_status":"closed","ping_status":"closed","sticky":false,"template":"","format":"standard","meta":{"site-sidebar-layout":"default","site-content-layout":"default","ast-site-content-layout":"","site-content-style":"default","site-sidebar-style":"default","ast-global-header-display":"","ast-banner-title-visibility":"","ast-main-header-display":"","ast-hfb-above-header-display":"","ast-hfb-below-header-display":"","ast-hfb-mobile-header-display":"","site-post-title":"","ast-breadcrumbs-content":"","ast-featured-img":"","footer-sml-layout":"","theme-transparent-header-meta":"default","adv-header-id-meta":"","stick-header-meta":"default","header-above-stick-meta":"","header-main-stick-meta":"","header-below-stick-meta":"","astra-migrate-meta-layouts":"default","ast-page-background-enabled":"default","ast-page-background-meta":{"desktop":{"background-color":"var(--ast-global-color-4)","background-image":"","background-repeat":"repeat","background-position":"center center","background-size":"auto","background-attachment":"scroll","background-type":"","background-media":"","overlay-type":"","overlay-color":"","overlay-opacity":"","overlay-gradient":""},"tablet":{"background-color":"","background-image":"","background-repeat":"repeat","background-position":"center center","background-size":"auto","background-attachment":"scroll","background-type":"","background-media":"","overlay-type":"","overlay-color":"","overlay-opacity":"","overlay-gradient":""},"mobile":{"background-color":"","background-image":"","background-repeat":"repeat","background-position":"center center","background-size":"auto","background-attachment":"scroll","background-type":"","background-media":"","overlay-type":"","overlay-color":"","overlay-opacity":"","overlay-gradient":""}},"ast-content-background-meta":{"desktop":{"background-color":"var(--ast-global-color-5)","background-image":"","background-repeat":"repeat","background-position":"center center","background-size":"auto","background-attachment":"scroll","background-type":"","background-media":"","overlay-type":"","overlay-color":"","overlay-opacity":"","overlay-gradient":""},"tablet":{"background-color":"var(--ast-global-color-5)","background-image":"","background-repeat":"repeat","background-position":"center center","background-size":"auto","background-attachment":"scroll","background-type":"","background-media":"","overlay-type":"","overlay-color":"","overlay-opacity":"","overlay-gradient":""},"mobile":{"background-color":"var(--ast-global-color-5)","background-image":"","background-repeat":"repeat","background-position":"center center","background-size":"auto","background-attachment":"scroll","background-type":"","background-media":"","overlay-type":"","overlay-color":"","overlay-opacity":"","overlay-gradient":""}},"footnotes":""},"categories":[6],"tags":[51],"class_list":["post-3069","post","type-post","status-publish","format-standard","has-post-thumbnail","hentry","category-una-caminada-amb","tag-80-juny-2021"],"_links":{"self":[{"href":"https:\/\/sompirineu.cat\/senderia\/wp-json\/wp\/v2\/posts\/3069","targetHints":{"allow":["GET"]}}],"collection":[{"href":"https:\/\/sompirineu.cat\/senderia\/wp-json\/wp\/v2\/posts"}],"about":[{"href":"https:\/\/sompirineu.cat\/senderia\/wp-json\/wp\/v2\/types\/post"}],"author":[{"embeddable":true,"href":"https:\/\/sompirineu.cat\/senderia\/wp-json\/wp\/v2\/users\/3"}],"replies":[{"embeddable":true,"href":"https:\/\/sompirineu.cat\/senderia\/wp-json\/wp\/v2\/comments?post=3069"}],"version-history":[{"count":6,"href":"https:\/\/sompirineu.cat\/senderia\/wp-json\/wp\/v2\/posts\/3069\/revisions"}],"predecessor-version":[{"id":3077,"href":"https:\/\/sompirineu.cat\/senderia\/wp-json\/wp\/v2\/posts\/3069\/revisions\/3077"}],"wp:featuredmedia":[{"embeddable":true,"href":"https:\/\/sompirineu.cat\/senderia\/wp-json\/wp\/v2\/media\/3074"}],"wp:attachment":[{"href":"https:\/\/sompirineu.cat\/senderia\/wp-json\/wp\/v2\/media?parent=3069"}],"wp:term":[{"taxonomy":"category","embeddable":true,"href":"https:\/\/sompirineu.cat\/senderia\/wp-json\/wp\/v2\/categories?post=3069"},{"taxonomy":"post_tag","embeddable":true,"href":"https:\/\/sompirineu.cat\/senderia\/wp-json\/wp\/v2\/tags?post=3069"}],"curies":[{"name":"wp","href":"https:\/\/api.w.org\/{rel}","templated":true}]}}