{"id":3354,"date":"2021-07-10T17:00:29","date_gmt":"2021-07-10T15:00:29","guid":{"rendered":"https:\/\/sompirineu.cat\/senderia\/?p=3354"},"modified":"2021-07-14T22:47:51","modified_gmt":"2021-07-14T20:47:51","slug":"mites-llegendes-i-camins-de-la-ma-dalba-jussa","status":"publish","type":"post","link":"https:\/\/sompirineu.cat\/senderia\/mites-llegendes-i-camins-de-la-ma-dalba-jussa\/","title":{"rendered":"Mites, llegendes i camins de la m\u00e0 d&#8217;Alba Juss\u00e0"},"content":{"rendered":"<p>Alba Juss\u00e0, cooperativa sense \u00e0nim de lucre i d&#8217;iniciativa social d&#8217;atenci\u00f3 a les persones, ha organitzat un camp de treball a Sarroca \u00a0de Bellera (Pallars Juss\u00e0), en el marc de les activitats estivals que impulsa la Direcci\u00f3 General de Joventut. Amb el suggestiu nom de <em>Donem vida als nostres pobles<\/em>, una dotzena de nois i noies han treballat aquesta primera setmana de juliol en el desbrossament, condicionament i senyalitzaci\u00f3 de diversos camins del terme municipal que ens acosten als indrets associats a la mitologia i a les llegendes populars i que t\u00e9 recollides en diferents publicacions l&#8217;escriptor pallar\u00e8s Pep Coll. Camins com el que porta a l&#8217;ermita de Castellgerm\u00e0, prop de Xerallo, o a l&#8217;Esllisador del Diable, la roca amb efectes fecundants, al tur\u00f3 que corona el poble de Sarroca de Bellera.<\/p>\n<p>El que es pret\u00e9n amb la iniciativa \u00e9s apropar aquests pobles i llegendes desconegudes a la gent del Pallars i que siguin un atractiu d\u2019inter\u00e8s que perduri en el temps i serveixi com un element de descoberta del territori per als habitants de la zona i els forans.<\/p>\n<p>Acabada aquesta primera feina, suggerim a l&#8217;ajuntament que elabori i publiqui les corresponents fitxes-guies que facilitin la seva divulgaci\u00f3 i la valoraci\u00f3 d&#8217;aquest patrimoni. Els lectors del Send\u00e8ria li ho agrairem!<\/p>\n","protected":false},"excerpt":{"rendered":"<p>Alba Juss\u00e0, cooperativa sense \u00e0nim de lucre i d&#8217;iniciativa social d&#8217;atenci\u00f3 a les persones, ha [&hellip;]<\/p>\n","protected":false},"author":3,"featured_media":3357,"comment_status":"closed","ping_status":"closed","sticky":false,"template":"","format":"standard","meta":{"site-sidebar-layout":"default","site-content-layout":"default","ast-site-content-layout":"","site-content-style":"default","site-sidebar-style":"default","ast-global-header-display":"","ast-banner-title-visibility":"","ast-main-header-display":"","ast-hfb-above-header-display":"","ast-hfb-below-header-display":"","ast-hfb-mobile-header-display":"","site-post-title":"","ast-breadcrumbs-content":"","ast-featured-img":"","footer-sml-layout":"","theme-transparent-header-meta":"default","adv-header-id-meta":"","stick-header-meta":"default","header-above-stick-meta":"","header-main-stick-meta":"","header-below-stick-meta":"","astra-migrate-meta-layouts":"default","ast-page-background-enabled":"default","ast-page-background-meta":{"desktop":{"background-color":"var(--ast-global-color-4)","background-image":"","background-repeat":"repeat","background-position":"center center","background-size":"auto","background-attachment":"scroll","background-type":"","background-media":"","overlay-type":"","overlay-color":"","overlay-opacity":"","overlay-gradient":""},"tablet":{"background-color":"","background-image":"","background-repeat":"repeat","background-position":"center center","background-size":"auto","background-attachment":"scroll","background-type":"","background-media":"","overlay-type":"","overlay-color":"","overlay-opacity":"","overlay-gradient":""},"mobile":{"background-color":"","background-image":"","background-repeat":"repeat","background-position":"center center","background-size":"auto","background-attachment":"scroll","background-type":"","background-media":"","overlay-type":"","overlay-color":"","overlay-opacity":"","overlay-gradient":""}},"ast-content-background-meta":{"desktop":{"background-color":"var(--ast-global-color-5)","background-image":"","background-repeat":"repeat","background-position":"center center","background-size":"auto","background-attachment":"scroll","background-type":"","background-media":"","overlay-type":"","overlay-color":"","overlay-opacity":"","overlay-gradient":""},"tablet":{"background-color":"var(--ast-global-color-5)","background-image":"","background-repeat":"repeat","background-position":"center center","background-size":"auto","background-attachment":"scroll","background-type":"","background-media":"","overlay-type":"","overlay-color":"","overlay-opacity":"","overlay-gradient":""},"mobile":{"background-color":"var(--ast-global-color-5)","background-image":"","background-repeat":"repeat","background-position":"center center","background-size":"auto","background-attachment":"scroll","background-type":"","background-media":"","overlay-type":"","overlay-color":"","overlay-opacity":"","overlay-gradient":""}},"footnotes":""},"categories":[7],"tags":[58],"class_list":["post-3354","post","type-post","status-publish","format-standard","has-post-thumbnail","hentry","category-noticies","tag-81-juliol-agost-2021"],"_links":{"self":[{"href":"https:\/\/sompirineu.cat\/senderia\/wp-json\/wp\/v2\/posts\/3354","targetHints":{"allow":["GET"]}}],"collection":[{"href":"https:\/\/sompirineu.cat\/senderia\/wp-json\/wp\/v2\/posts"}],"about":[{"href":"https:\/\/sompirineu.cat\/senderia\/wp-json\/wp\/v2\/types\/post"}],"author":[{"embeddable":true,"href":"https:\/\/sompirineu.cat\/senderia\/wp-json\/wp\/v2\/users\/3"}],"replies":[{"embeddable":true,"href":"https:\/\/sompirineu.cat\/senderia\/wp-json\/wp\/v2\/comments?post=3354"}],"version-history":[{"count":3,"href":"https:\/\/sompirineu.cat\/senderia\/wp-json\/wp\/v2\/posts\/3354\/revisions"}],"predecessor-version":[{"id":3389,"href":"https:\/\/sompirineu.cat\/senderia\/wp-json\/wp\/v2\/posts\/3354\/revisions\/3389"}],"wp:featuredmedia":[{"embeddable":true,"href":"https:\/\/sompirineu.cat\/senderia\/wp-json\/wp\/v2\/media\/3357"}],"wp:attachment":[{"href":"https:\/\/sompirineu.cat\/senderia\/wp-json\/wp\/v2\/media?parent=3354"}],"wp:term":[{"taxonomy":"category","embeddable":true,"href":"https:\/\/sompirineu.cat\/senderia\/wp-json\/wp\/v2\/categories?post=3354"},{"taxonomy":"post_tag","embeddable":true,"href":"https:\/\/sompirineu.cat\/senderia\/wp-json\/wp\/v2\/tags?post=3354"}],"curies":[{"name":"wp","href":"https:\/\/api.w.org\/{rel}","templated":true}]}}