{"id":3379,"date":"2021-07-10T18:00:29","date_gmt":"2021-07-10T16:00:29","guid":{"rendered":"https:\/\/sompirineu.cat\/senderia\/?p=3379"},"modified":"2021-07-14T22:47:51","modified_gmt":"2021-07-14T20:47:51","slug":"amb-linventari-no-nhi-ha-prou","status":"publish","type":"post","link":"https:\/\/sompirineu.cat\/senderia\/amb-linventari-no-nhi-ha-prou\/","title":{"rendered":"Amb l&#8217;inventari no n&#8217;hi ha prou"},"content":{"rendered":"<p>Promoure l&#8217;elaboraci\u00f3 dels inventaris de camins ha estat una de les fixacions de l&#8217;IDAPA i, sobretot, de la Taula de Camins de l&#8217;Alt Pirineu i Aran des que va iniciar la seva singladura. Aix\u00ed ha quedat pal\u00e8s a trav\u00e9s de la publicaci\u00f3 de manuals (<a href=\"https:\/\/drive.google.com\/file\/d\/1DOoa9Vnqt9yGMQYcD61xCHjlR1neeEXD\/view\" target=\"_blank\" rel=\"noopener\">clic<\/a>), de la dotaci\u00f3 de l\u00ednies d&#8217;ajuts per a la seva realitzaci\u00f3 o de la divulgaci\u00f3 a trav\u00e9s del butllet\u00ed Send\u00e8ria d&#8217;aquelles not\u00edcies que reforcen la formulaci\u00f3 d&#8217;aquests registres administratius.<\/p>\n<p>I en aquesta l\u00ednia ens fem ress\u00f2 ara de l&#8217;aprovaci\u00f3, a finals d&#8217;abril, de l&#8217;inventari de camins de Mazarambroz, un municipi de la prov\u00edncia de Toledo de poc m\u00e9s de 1.200 habitants. Per\u00f2, a jutjar per la not\u00edcia publicada a la Tribuna de Toledo (<a href=\"https:\/\/www.latribunadetoledo.es\/Noticia\/ZDDA6CD7D-EB1B-8106-9E48551518FF87E1\/202107\/Mazarambroz-es-ejemplar-esto-va-a-ser-un-efecto-domino\" target=\"_blank\" rel=\"noopener\">clac<\/a>), el que ens sembla m\u00e9s remarcable \u00e9s que, despr\u00e9s de l&#8217;aprovaci\u00f3, el consistori ha iniciat un procediment per for\u00e7ar els propietaris de les finques a obrir els camins p\u00fablics (d&#8217;acord amb l&#8217;inventari) que encara romanen tancats. \u00c9s aquest pas posterior el que, en moltes ocasions, els costa emprendre als ajuntaments. Per tant, molt bon exemple, el d&#8217;aquest d&#8217;aquest municipi castell\u00e0.<\/p>\n<p>Per cert, la mateixa not\u00edcia fa refer\u00e8ncia a la tamb\u00e9 recent creaci\u00f3 de la Plataforma Caminos Libres &#8211; Tierras de Talavera, de la qual cosa ens congratulem.<\/p>\n","protected":false},"excerpt":{"rendered":"<p>Promoure l&#8217;elaboraci\u00f3 dels inventaris de camins ha estat una de les fixacions de l&#8217;IDAPA i, [&hellip;]<\/p>\n","protected":false},"author":3,"featured_media":3381,"comment_status":"closed","ping_status":"closed","sticky":false,"template":"","format":"standard","meta":{"site-sidebar-layout":"default","site-content-layout":"default","ast-site-content-layout":"","site-content-style":"default","site-sidebar-style":"default","ast-global-header-display":"","ast-banner-title-visibility":"","ast-main-header-display":"","ast-hfb-above-header-display":"","ast-hfb-below-header-display":"","ast-hfb-mobile-header-display":"","site-post-title":"","ast-breadcrumbs-content":"","ast-featured-img":"","footer-sml-layout":"","theme-transparent-header-meta":"default","adv-header-id-meta":"","stick-header-meta":"default","header-above-stick-meta":"","header-main-stick-meta":"","header-below-stick-meta":"","astra-migrate-meta-layouts":"default","ast-page-background-enabled":"default","ast-page-background-meta":{"desktop":{"background-color":"var(--ast-global-color-4)","background-image":"","background-repeat":"repeat","background-position":"center center","background-size":"auto","background-attachment":"scroll","background-type":"","background-media":"","overlay-type":"","overlay-color":"","overlay-opacity":"","overlay-gradient":""},"tablet":{"background-color":"","background-image":"","background-repeat":"repeat","background-position":"center center","background-size":"auto","background-attachment":"scroll","background-type":"","background-media":"","overlay-type":"","overlay-color":"","overlay-opacity":"","overlay-gradient":""},"mobile":{"background-color":"","background-image":"","background-repeat":"repeat","background-position":"center center","background-size":"auto","background-attachment":"scroll","background-type":"","background-media":"","overlay-type":"","overlay-color":"","overlay-opacity":"","overlay-gradient":""}},"ast-content-background-meta":{"desktop":{"background-color":"var(--ast-global-color-5)","background-image":"","background-repeat":"repeat","background-position":"center center","background-size":"auto","background-attachment":"scroll","background-type":"","background-media":"","overlay-type":"","overlay-color":"","overlay-opacity":"","overlay-gradient":""},"tablet":{"background-color":"var(--ast-global-color-5)","background-image":"","background-repeat":"repeat","background-position":"center center","background-size":"auto","background-attachment":"scroll","background-type":"","background-media":"","overlay-type":"","overlay-color":"","overlay-opacity":"","overlay-gradient":""},"mobile":{"background-color":"var(--ast-global-color-5)","background-image":"","background-repeat":"repeat","background-position":"center center","background-size":"auto","background-attachment":"scroll","background-type":"","background-media":"","overlay-type":"","overlay-color":"","overlay-opacity":"","overlay-gradient":""}},"footnotes":""},"categories":[7],"tags":[58],"class_list":["post-3379","post","type-post","status-publish","format-standard","has-post-thumbnail","hentry","category-noticies","tag-81-juliol-agost-2021"],"_links":{"self":[{"href":"https:\/\/sompirineu.cat\/senderia\/wp-json\/wp\/v2\/posts\/3379","targetHints":{"allow":["GET"]}}],"collection":[{"href":"https:\/\/sompirineu.cat\/senderia\/wp-json\/wp\/v2\/posts"}],"about":[{"href":"https:\/\/sompirineu.cat\/senderia\/wp-json\/wp\/v2\/types\/post"}],"author":[{"embeddable":true,"href":"https:\/\/sompirineu.cat\/senderia\/wp-json\/wp\/v2\/users\/3"}],"replies":[{"embeddable":true,"href":"https:\/\/sompirineu.cat\/senderia\/wp-json\/wp\/v2\/comments?post=3379"}],"version-history":[{"count":3,"href":"https:\/\/sompirineu.cat\/senderia\/wp-json\/wp\/v2\/posts\/3379\/revisions"}],"predecessor-version":[{"id":3388,"href":"https:\/\/sompirineu.cat\/senderia\/wp-json\/wp\/v2\/posts\/3379\/revisions\/3388"}],"wp:featuredmedia":[{"embeddable":true,"href":"https:\/\/sompirineu.cat\/senderia\/wp-json\/wp\/v2\/media\/3381"}],"wp:attachment":[{"href":"https:\/\/sompirineu.cat\/senderia\/wp-json\/wp\/v2\/media?parent=3379"}],"wp:term":[{"taxonomy":"category","embeddable":true,"href":"https:\/\/sompirineu.cat\/senderia\/wp-json\/wp\/v2\/categories?post=3379"},{"taxonomy":"post_tag","embeddable":true,"href":"https:\/\/sompirineu.cat\/senderia\/wp-json\/wp\/v2\/tags?post=3379"}],"curies":[{"name":"wp","href":"https:\/\/api.w.org\/{rel}","templated":true}]}}