{"id":3611,"date":"2015-12-10T15:46:07","date_gmt":"2015-12-10T14:46:07","guid":{"rendered":"https:\/\/sompirineu.cat\/senderia\/?p=3611"},"modified":"2021-08-03T15:50:05","modified_gmt":"2021-08-03T13:50:05","slug":"caminar-per-coneixer","status":"publish","type":"post","link":"https:\/\/sompirineu.cat\/senderia\/caminar-per-coneixer\/","title":{"rendered":"Caminar per con\u00e8ixer"},"content":{"rendered":"<p>La recuperaci\u00f3 d\u2019una part significativa dels camins hist\u00f2rics de l\u2019Alt Pirineu i Aran ha posat en valor un patrimoni que s\u2019havia anat fent invisible al llarg de decennis de postergaci\u00f3. Quan van entrar en des\u00fas els camins pels quals havien transitat generacions d\u2019homes, de dones i de criatures, el bosc no va trigar gaire a engolir aquelles rutes que havien perm\u00e8s anar a peu de poble en poble tot conformant una enorme xarxa de comunicaci\u00f3 vi\u00e0ria. La construcci\u00f3 de les carreteres que havien de permetre el pas dels vehicles a motor va obrir un llarg par\u00e8ntesi d\u2019oblit dels vells camins de muntanya.<\/p>\n<p>Per qu\u00e8 s\u2019han recuperat aquests camins? Evidentment, no hi ha un \u00fanic motiu per resposta. En els diversos projectes de rehabilitaci\u00f3 han conflu\u00eft, per una part, una demanda social empesa pels col\u00b7lectius excursionistes i de valoritzaci\u00f3 del patrimoni cultural i, per l\u2019altra, la sensibilitzaci\u00f3 de les administracions p\u00fabliques, les quals han vist en els camins antics un actiu de primer ordre per a la dinamitzaci\u00f3 del propi territori. Tots plegats estan fent possible una nova manera d\u2019entendre una cosa tan senzilla com \u00e9s el fet de caminar per caminar.<\/p>\n<p>Se\u2019m dir\u00e0, amb tota la ra\u00f3 del m\u00f3n, que la gent que recorre els recuperats camins de muntanya no ho fa nom\u00e9s per caminar. Efectivament. \u00c9s aqu\u00ed on volia arribar. Mai no es fan les coses perqu\u00e8 s\u00ed. Els antics usuaris d\u2019aquelles rutes caminaven per necessitat: havien de despla\u00e7ar-se per feina, per anar a estudi, per anar al metge, per anar a festa major, per anar a vistes&#8230; Els nous caminants tenen uns altres motius, que res tenen a veure amb aquells. S\u00f3n motius diversos, cadasc\u00fa pot tenir el seu, per\u00f2 jo gosaria resumir-los en un de sol: con\u00e8ixer. Caminar per con\u00e8ixer \u00e9s, amb tots els matisos que es vulguin, el que avui mou la gent a endinsar-se per qualsevol dels camins recuperats per al senderisme del segle XXI.<\/p>\n<p>Ens els darrers temps \u2014posem-hi entre deu i vint anys\u2014 a l\u2019Alt Pirineu i Aran s\u2019ha desvetllat un inter\u00e8s creixent pel qu\u00e8 hem estat. Els habitants permanents d\u2019aquest territori se senten cada vegada m\u00e9s encuriosits per saber d\u2019on v\u00e9nen, quina \u00e9s la hist\u00f2ria del poble on han nascut, qu\u00e8 expliquen les restes del que havia estat un castell, una esgl\u00e9sia, una torre de guaita, un meg\u00e0lit, una farga, un forn de cal\u00e7, un mol\u00ed fariner&#8230; I de la curiositat i l\u2019inter\u00e8s es passa, tot seguit, a la passi\u00f3 pel passat i a l\u2019orgull de pertinen\u00e7a a un determinat lloc.<\/p>\n<p>Els pirinencs i les pirinenques amb set de saber assisteixen habitualment a les jornades, cursos i xerrades de divulgaci\u00f3 de la hist\u00f2ria i el patrimoni locals que es fan arreu del territori. De la mateixa manera, llegeixen i consulten llibres que en parlen, d\u2019aquesta \u201chist\u00f2ria de proximitat\u201d. I el cercle de mitjans d\u2019acc\u00e9s a la informaci\u00f3 es tanca trepitjant pa\u00eds: sortides guiades, visites al patrimoni, participaci\u00f3 en excavacions arqueol\u00f2giques&#8230; i caminar pels camins que expliquen tamb\u00e9 el perqu\u00e8 de la hist\u00f2ria.<\/p>\n<p>Caminar per con\u00e8ixer \u00e9s un exercici apassionant. Per\u00f2 perqu\u00e8 ho sigui de veritat cal tenir tots els sentits amatents, disposats a percebre el m\u00e9s m\u00ednim dels detalls que ens podem trobar en el nostre recorregut, la m\u00e9s petita de les an\u00e8cdotes que la natura ens t\u00e9 preparada. No passem de llarg! Parem-nos a observar, per exemple, aquella paret seca que aguanta el cam\u00ed, preguntem-nos el temps que fa que \u00e9s feta, quanta gent hi deuria treballar, quant temps van trigar a tenir-la enllestida, d\u2019on van treure els rocs, amb qu\u00e8 els van transportar&#8230; I, finalment, interioritzem que, d\u2019aquella feina d\u2019aquella gent, encara avui ens en servim nosaltres. Extraordinari.<\/p>\n<p>Si recorrem els vells camins de muntanya amb aquest esperit receptiu, f\u00e0cilment arribarem a la conclusi\u00f3 que caminar \u00e9s un acte cultural, com ho s\u00f3n llegir un llibre o escoltar una confer\u00e8ncia. Al capdavall, els camins s\u00f3n tamb\u00e9 per llegir-los i per escoltar-los.<\/p>\n","protected":false},"excerpt":{"rendered":"<p>La recuperaci\u00f3 d\u2019una part significativa dels camins hist\u00f2rics de l\u2019Alt Pirineu i Aran ha posat [&hellip;]<\/p>\n","protected":false},"author":3,"featured_media":3613,"comment_status":"closed","ping_status":"closed","sticky":false,"template":"","format":"standard","meta":{"site-sidebar-layout":"default","site-content-layout":"default","ast-site-content-layout":"","site-content-style":"default","site-sidebar-style":"default","ast-global-header-display":"","ast-banner-title-visibility":"","ast-main-header-display":"","ast-hfb-above-header-display":"","ast-hfb-below-header-display":"","ast-hfb-mobile-header-display":"","site-post-title":"","ast-breadcrumbs-content":"","ast-featured-img":"","footer-sml-layout":"","theme-transparent-header-meta":"default","adv-header-id-meta":"","stick-header-meta":"default","header-above-stick-meta":"","header-main-stick-meta":"","header-below-stick-meta":"","astra-migrate-meta-layouts":"default","ast-page-background-enabled":"default","ast-page-background-meta":{"desktop":{"background-color":"var(--ast-global-color-4)","background-image":"","background-repeat":"repeat","background-position":"center center","background-size":"auto","background-attachment":"scroll","background-type":"","background-media":"","overlay-type":"","overlay-color":"","overlay-opacity":"","overlay-gradient":""},"tablet":{"background-color":"","background-image":"","background-repeat":"repeat","background-position":"center center","background-size":"auto","background-attachment":"scroll","background-type":"","background-media":"","overlay-type":"","overlay-color":"","overlay-opacity":"","overlay-gradient":""},"mobile":{"background-color":"","background-image":"","background-repeat":"repeat","background-position":"center center","background-size":"auto","background-attachment":"scroll","background-type":"","background-media":"","overlay-type":"","overlay-color":"","overlay-opacity":"","overlay-gradient":""}},"ast-content-background-meta":{"desktop":{"background-color":"var(--ast-global-color-5)","background-image":"","background-repeat":"repeat","background-position":"center center","background-size":"auto","background-attachment":"scroll","background-type":"","background-media":"","overlay-type":"","overlay-color":"","overlay-opacity":"","overlay-gradient":""},"tablet":{"background-color":"var(--ast-global-color-5)","background-image":"","background-repeat":"repeat","background-position":"center center","background-size":"auto","background-attachment":"scroll","background-type":"","background-media":"","overlay-type":"","overlay-color":"","overlay-opacity":"","overlay-gradient":""},"mobile":{"background-color":"var(--ast-global-color-5)","background-image":"","background-repeat":"repeat","background-position":"center center","background-size":"auto","background-attachment":"scroll","background-type":"","background-media":"","overlay-type":"","overlay-color":"","overlay-opacity":"","overlay-gradient":""}},"footnotes":""},"categories":[3],"tags":[76],"class_list":["post-3611","post","type-post","status-publish","format-standard","has-post-thumbnail","hentry","category-el-mirador","tag-19-desembre-2015"],"_links":{"self":[{"href":"https:\/\/sompirineu.cat\/senderia\/wp-json\/wp\/v2\/posts\/3611","targetHints":{"allow":["GET"]}}],"collection":[{"href":"https:\/\/sompirineu.cat\/senderia\/wp-json\/wp\/v2\/posts"}],"about":[{"href":"https:\/\/sompirineu.cat\/senderia\/wp-json\/wp\/v2\/types\/post"}],"author":[{"embeddable":true,"href":"https:\/\/sompirineu.cat\/senderia\/wp-json\/wp\/v2\/users\/3"}],"replies":[{"embeddable":true,"href":"https:\/\/sompirineu.cat\/senderia\/wp-json\/wp\/v2\/comments?post=3611"}],"version-history":[{"count":1,"href":"https:\/\/sompirineu.cat\/senderia\/wp-json\/wp\/v2\/posts\/3611\/revisions"}],"predecessor-version":[{"id":3612,"href":"https:\/\/sompirineu.cat\/senderia\/wp-json\/wp\/v2\/posts\/3611\/revisions\/3612"}],"wp:featuredmedia":[{"embeddable":true,"href":"https:\/\/sompirineu.cat\/senderia\/wp-json\/wp\/v2\/media\/3613"}],"wp:attachment":[{"href":"https:\/\/sompirineu.cat\/senderia\/wp-json\/wp\/v2\/media?parent=3611"}],"wp:term":[{"taxonomy":"category","embeddable":true,"href":"https:\/\/sompirineu.cat\/senderia\/wp-json\/wp\/v2\/categories?post=3611"},{"taxonomy":"post_tag","embeddable":true,"href":"https:\/\/sompirineu.cat\/senderia\/wp-json\/wp\/v2\/tags?post=3611"}],"curies":[{"name":"wp","href":"https:\/\/api.w.org\/{rel}","templated":true}]}}