{"id":3790,"date":"2021-09-10T17:26:54","date_gmt":"2021-09-10T15:26:54","guid":{"rendered":"https:\/\/sompirineu.cat\/senderia\/?p=3790"},"modified":"2021-09-21T05:20:58","modified_gmt":"2021-09-21T03:20:58","slug":"feliu-izard-estany-de-saburo","status":"publish","type":"post","link":"https:\/\/sompirineu.cat\/senderia\/feliu-izard-estany-de-saburo\/","title":{"rendered":"Feliu Izard &#8211; Estany de Sabur\u00f3"},"content":{"rendered":"<p>Us proposem una excursi\u00f3 a la Terra Incognita, a l\u2019estany de Sabur\u00f3, a la Vall Fosca.<\/p>\n<p>L\u2019estany de Sabur\u00f3 \u00e9st\u00e0 situat a 2.540 m d\u2019altura.<\/p>\n<p>Pels voltants de 1913, Energia El\u00e8ctrica de Catalunya hi va fer una petita presa de 4 metres i hi van col\u00b7locar una v\u00e0lvula per treure aigua, uns 6 metres per sota de la cota de la presa.<\/p>\n<p>L\u2019any 1925, sota la direcci\u00f3 de l&#8217;enginyer Keller, el van \u201c<em>calar<\/em>\u201d, o sigui que hi van posar una v\u00e0lvula a 61 metres sota la cota de la presa, per buidar-lo en cas de necessitat.<\/p>\n<p>Als anys 1990 es va espatllar la v\u00e0lvula de fons i l&#8217;estany es va buidar.<\/p>\n<p>Ara es pot accedir al fons de l\u2019estany i trepitjar unes terres que mai havien estat al descobert.<\/p>\n<p>Us animem a que ara, abans que els d&#8217;Endesa arreglin la v\u00e0lvula de fons, trepitgeu terra verge.<\/p>\n<p>\u00c9s un estany pluriennal, ja que per omplir-lo, en condicions de pluges normals, calen 5 anys.<\/p>\n","protected":false},"excerpt":{"rendered":"<p>Us proposem una excursi\u00f3 a la Terra Incognita, a l\u2019estany de Sabur\u00f3, a la Vall [&hellip;]<\/p>\n","protected":false},"author":3,"featured_media":3795,"comment_status":"closed","ping_status":"closed","sticky":false,"template":"","format":"standard","meta":{"site-sidebar-layout":"default","site-content-layout":"default","ast-site-content-layout":"","site-content-style":"default","site-sidebar-style":"default","ast-global-header-display":"","ast-banner-title-visibility":"","ast-main-header-display":"","ast-hfb-above-header-display":"","ast-hfb-below-header-display":"","ast-hfb-mobile-header-display":"","site-post-title":"","ast-breadcrumbs-content":"","ast-featured-img":"","footer-sml-layout":"","theme-transparent-header-meta":"default","adv-header-id-meta":"","stick-header-meta":"default","header-above-stick-meta":"","header-main-stick-meta":"","header-below-stick-meta":"","astra-migrate-meta-layouts":"default","ast-page-background-enabled":"default","ast-page-background-meta":{"desktop":{"background-color":"var(--ast-global-color-4)","background-image":"","background-repeat":"repeat","background-position":"center center","background-size":"auto","background-attachment":"scroll","background-type":"","background-media":"","overlay-type":"","overlay-color":"","overlay-opacity":"","overlay-gradient":""},"tablet":{"background-color":"","background-image":"","background-repeat":"repeat","background-position":"center center","background-size":"auto","background-attachment":"scroll","background-type":"","background-media":"","overlay-type":"","overlay-color":"","overlay-opacity":"","overlay-gradient":""},"mobile":{"background-color":"","background-image":"","background-repeat":"repeat","background-position":"center center","background-size":"auto","background-attachment":"scroll","background-type":"","background-media":"","overlay-type":"","overlay-color":"","overlay-opacity":"","overlay-gradient":""}},"ast-content-background-meta":{"desktop":{"background-color":"var(--ast-global-color-5)","background-image":"","background-repeat":"repeat","background-position":"center center","background-size":"auto","background-attachment":"scroll","background-type":"","background-media":"","overlay-type":"","overlay-color":"","overlay-opacity":"","overlay-gradient":""},"tablet":{"background-color":"var(--ast-global-color-5)","background-image":"","background-repeat":"repeat","background-position":"center center","background-size":"auto","background-attachment":"scroll","background-type":"","background-media":"","overlay-type":"","overlay-color":"","overlay-opacity":"","overlay-gradient":""},"mobile":{"background-color":"var(--ast-global-color-5)","background-image":"","background-repeat":"repeat","background-position":"center center","background-size":"auto","background-attachment":"scroll","background-type":"","background-media":"","overlay-type":"","overlay-color":"","overlay-opacity":"","overlay-gradient":""}},"footnotes":""},"categories":[6],"tags":[86],"class_list":["post-3790","post","type-post","status-publish","format-standard","has-post-thumbnail","hentry","category-una-caminada-amb","tag-82-setembre-2021"],"_links":{"self":[{"href":"https:\/\/sompirineu.cat\/senderia\/wp-json\/wp\/v2\/posts\/3790","targetHints":{"allow":["GET"]}}],"collection":[{"href":"https:\/\/sompirineu.cat\/senderia\/wp-json\/wp\/v2\/posts"}],"about":[{"href":"https:\/\/sompirineu.cat\/senderia\/wp-json\/wp\/v2\/types\/post"}],"author":[{"embeddable":true,"href":"https:\/\/sompirineu.cat\/senderia\/wp-json\/wp\/v2\/users\/3"}],"replies":[{"embeddable":true,"href":"https:\/\/sompirineu.cat\/senderia\/wp-json\/wp\/v2\/comments?post=3790"}],"version-history":[{"count":3,"href":"https:\/\/sompirineu.cat\/senderia\/wp-json\/wp\/v2\/posts\/3790\/revisions"}],"predecessor-version":[{"id":3797,"href":"https:\/\/sompirineu.cat\/senderia\/wp-json\/wp\/v2\/posts\/3790\/revisions\/3797"}],"wp:featuredmedia":[{"embeddable":true,"href":"https:\/\/sompirineu.cat\/senderia\/wp-json\/wp\/v2\/media\/3795"}],"wp:attachment":[{"href":"https:\/\/sompirineu.cat\/senderia\/wp-json\/wp\/v2\/media?parent=3790"}],"wp:term":[{"taxonomy":"category","embeddable":true,"href":"https:\/\/sompirineu.cat\/senderia\/wp-json\/wp\/v2\/categories?post=3790"},{"taxonomy":"post_tag","embeddable":true,"href":"https:\/\/sompirineu.cat\/senderia\/wp-json\/wp\/v2\/tags?post=3790"}],"curies":[{"name":"wp","href":"https:\/\/api.w.org\/{rel}","templated":true}]}}