{"id":3803,"date":"2021-09-10T16:00:18","date_gmt":"2021-09-10T14:00:18","guid":{"rendered":"https:\/\/sompirineu.cat\/senderia\/?p=3803"},"modified":"2021-09-21T05:20:58","modified_gmt":"2021-09-21T03:20:58","slug":"superant-etapes","status":"publish","type":"post","link":"https:\/\/sompirineu.cat\/senderia\/superant-etapes\/","title":{"rendered":"Superant etapes"},"content":{"rendered":"<p>Feia m\u00e9s d&#8217;un any que no ten\u00edem not\u00edcia del projecte <a href=\"http:\/\/www.alturgell.cat\/camina-pirineus\" target=\"_blank\" rel=\"noopener\">Camina Pirineus<\/a>, que impulsa el Consell Comarcal de l&#8217;Alt Urgell i compta amb finan\u00e7ament europeu a trav\u00e9s del fons FEDER. Doncs b\u00e9, en poc m\u00e9s de quinze dies, entre els mesos de juliol i agost, des del web de l&#8217;ens comarcal s&#8217;ha informat de la finalitzaci\u00f3 dels treballs en la xarxa de camins de la <a href=\"https:\/\/www.alturgell.cat\/noticies\/enllestida-la-zona-nord-de-la-xarxa-senyalitzada-de-camins-de-camina-pirineus\" target=\"_blank\" rel=\"noopener\">zona nord<\/a> i de la <a href=\"https:\/\/www.alturgell.cat\/noticies\/enllestida-la-zona-est-de-la-xarxa-senyalitzada-de-camins-de-camina-pirineus\" target=\"_blank\" rel=\"noopener\">zona est<\/a>. Aix\u00f2 vol dir, que els visitants ja poden utilitzar aquest entramat de senders, despr\u00e9s d&#8217;enllestir-ne el desbrossament i la senyalitzaci\u00f3.<\/p>\n<p>Val a dir que la selecci\u00f3 d&#8217;aquests vials ha estat laboriosa, garantida sempre la titularitat p\u00fablica i els vincles amb diferents punts d\u2019inter\u00e8s natural i patrimonial. A hores d&#8217;ara, la xarxa senyalitzada de senders abasta ja dotze del dinou municipis urgellencs, per\u00f2 el projecte va molt m\u00e9s enll\u00e0, car inclou, per exemple, accions de promoci\u00f3 i posicionament o la implantaci\u00f3 d&#8217;un model de gesti\u00f3 mitjan\u00e7ant els vetlladors del territori.<\/p>\n","protected":false},"excerpt":{"rendered":"<p>Feia m\u00e9s d&#8217;un any que no ten\u00edem not\u00edcia del projecte Camina Pirineus, que impulsa el [&hellip;]<\/p>\n","protected":false},"author":3,"featured_media":3806,"comment_status":"closed","ping_status":"closed","sticky":false,"template":"","format":"standard","meta":{"site-sidebar-layout":"default","site-content-layout":"default","ast-site-content-layout":"","site-content-style":"default","site-sidebar-style":"default","ast-global-header-display":"","ast-banner-title-visibility":"","ast-main-header-display":"","ast-hfb-above-header-display":"","ast-hfb-below-header-display":"","ast-hfb-mobile-header-display":"","site-post-title":"","ast-breadcrumbs-content":"","ast-featured-img":"","footer-sml-layout":"","theme-transparent-header-meta":"default","adv-header-id-meta":"","stick-header-meta":"default","header-above-stick-meta":"","header-main-stick-meta":"","header-below-stick-meta":"","astra-migrate-meta-layouts":"default","ast-page-background-enabled":"default","ast-page-background-meta":{"desktop":{"background-color":"var(--ast-global-color-4)","background-image":"","background-repeat":"repeat","background-position":"center center","background-size":"auto","background-attachment":"scroll","background-type":"","background-media":"","overlay-type":"","overlay-color":"","overlay-opacity":"","overlay-gradient":""},"tablet":{"background-color":"","background-image":"","background-repeat":"repeat","background-position":"center center","background-size":"auto","background-attachment":"scroll","background-type":"","background-media":"","overlay-type":"","overlay-color":"","overlay-opacity":"","overlay-gradient":""},"mobile":{"background-color":"","background-image":"","background-repeat":"repeat","background-position":"center center","background-size":"auto","background-attachment":"scroll","background-type":"","background-media":"","overlay-type":"","overlay-color":"","overlay-opacity":"","overlay-gradient":""}},"ast-content-background-meta":{"desktop":{"background-color":"var(--ast-global-color-5)","background-image":"","background-repeat":"repeat","background-position":"center center","background-size":"auto","background-attachment":"scroll","background-type":"","background-media":"","overlay-type":"","overlay-color":"","overlay-opacity":"","overlay-gradient":""},"tablet":{"background-color":"var(--ast-global-color-5)","background-image":"","background-repeat":"repeat","background-position":"center center","background-size":"auto","background-attachment":"scroll","background-type":"","background-media":"","overlay-type":"","overlay-color":"","overlay-opacity":"","overlay-gradient":""},"mobile":{"background-color":"var(--ast-global-color-5)","background-image":"","background-repeat":"repeat","background-position":"center center","background-size":"auto","background-attachment":"scroll","background-type":"","background-media":"","overlay-type":"","overlay-color":"","overlay-opacity":"","overlay-gradient":""}},"footnotes":""},"categories":[7],"tags":[86],"class_list":["post-3803","post","type-post","status-publish","format-standard","has-post-thumbnail","hentry","category-noticies","tag-82-setembre-2021"],"_links":{"self":[{"href":"https:\/\/sompirineu.cat\/senderia\/wp-json\/wp\/v2\/posts\/3803","targetHints":{"allow":["GET"]}}],"collection":[{"href":"https:\/\/sompirineu.cat\/senderia\/wp-json\/wp\/v2\/posts"}],"about":[{"href":"https:\/\/sompirineu.cat\/senderia\/wp-json\/wp\/v2\/types\/post"}],"author":[{"embeddable":true,"href":"https:\/\/sompirineu.cat\/senderia\/wp-json\/wp\/v2\/users\/3"}],"replies":[{"embeddable":true,"href":"https:\/\/sompirineu.cat\/senderia\/wp-json\/wp\/v2\/comments?post=3803"}],"version-history":[{"count":4,"href":"https:\/\/sompirineu.cat\/senderia\/wp-json\/wp\/v2\/posts\/3803\/revisions"}],"predecessor-version":[{"id":3910,"href":"https:\/\/sompirineu.cat\/senderia\/wp-json\/wp\/v2\/posts\/3803\/revisions\/3910"}],"wp:featuredmedia":[{"embeddable":true,"href":"https:\/\/sompirineu.cat\/senderia\/wp-json\/wp\/v2\/media\/3806"}],"wp:attachment":[{"href":"https:\/\/sompirineu.cat\/senderia\/wp-json\/wp\/v2\/media?parent=3803"}],"wp:term":[{"taxonomy":"category","embeddable":true,"href":"https:\/\/sompirineu.cat\/senderia\/wp-json\/wp\/v2\/categories?post=3803"},{"taxonomy":"post_tag","embeddable":true,"href":"https:\/\/sompirineu.cat\/senderia\/wp-json\/wp\/v2\/tags?post=3803"}],"curies":[{"name":"wp","href":"https:\/\/api.w.org\/{rel}","templated":true}]}}