{"id":3820,"date":"2017-12-10T09:25:17","date_gmt":"2017-12-10T08:25:17","guid":{"rendered":"https:\/\/sompirineu.cat\/senderia\/?p=3820"},"modified":"2021-09-16T10:32:13","modified_gmt":"2021-09-16T08:32:13","slug":"del-caminar-per-necessitat-al-caminar-per-sentir","status":"publish","type":"post","link":"https:\/\/sompirineu.cat\/senderia\/del-caminar-per-necessitat-al-caminar-per-sentir\/","title":{"rendered":"Del caminar per necessitat al caminar per sentir"},"content":{"rendered":"<p>D\u2019en\u00e7\u00e0 que Henry David Thoreau ja a mitjans del segle XIX exposa la seva filosofia del <em>caminar com<\/em> a l&#8217;art de fer cam\u00ed o la manera m\u00e9s intensa de desvetllar els sentits i l&#8217;\u00e0nima humana en contacte amb la natura, podr\u00edem dir que aquesta activitat tan quotidiana transcendeix i esdev\u00e9 un acte conscient.<\/p>\n<p>El treball creatiu i de recerca que desenvolupen molts residents del Centre d\u2019Art i Natura de Farrera necessita el complement del passeig, del badar, del contemplar el nostre entorn d\u2019alta muntanya com a part indissociable del proc\u00e9s de creaci\u00f3. Treballar al taller o a l\u2019habitaci\u00f3, dibuixant o escrivint, composant o estudiant, necessita de l\u2019activitat f\u00edsica per a equilibrar el propi cos i la ment. Caminar, fer un tomb, estirar les cames esdev\u00e9 una activitat gaireb\u00e9 estrat\u00e8gica que deixa la ment en blanc degut al nou escenari perceptiu: de la partitura al paisatge, de la tela al sotabosc o del full escrit al brogit de l\u2019insecte de flor en flor&#8230; Res a veure: una experi\u00e8ncia que desperta els sentits deixant que l\u2019activitat cerebral sedimenti.<\/p>\n<p>M\u00e9s enll\u00e0 d\u2019aquests residents, n\u2019hi ha uns altres que el seu objecte \u00e9s precisament la recerca i la creaci\u00f3 en la natura. Per a ells, el passeig, l\u2019excursi\u00f3, el caminar com a despla\u00e7ament \u00e9s part de l\u2019objectiu. Esdev\u00e9 una activitat central de la seva feina: descobrir l\u2019entorn, deixar-se atreure per certs racons, per la bellesa dels llocs, per la llum dels paratges, per les esp\u00e8cies dominants, per les petjades humanes, pels les traces animals, pels cursos de l\u2019aigua, per les vistes espl\u00e8ndides, pels materials de l\u2019indret&#8230;<\/p>\n<p>A l\u2019Aplec Sa\u00f3, el festival d\u2019Arts Ambientals que organitzem anualment a mig octubre des del Centre d\u2019Art i Natura, proposem com a galeria d\u2019art el nostre entorn tardorenc. Aquell dia el p\u00fablic, molt familiar i intergeneracional, passeja per la Coma de Burg per tal de localitzar les diverses intervencions art\u00edstiques. Els creadors convidats ja s\u2019han triat per ra\u00f3 del seu perfil art\u00edstic: treballs vinculats amb la natura o l\u2019ecologia, amb sensibilitat ambiental&#8230; Quan arriben a Farrera tenen un parell de setmanes per a descobrir l\u2019entorn, triar un lloc que els sedueixi per tal de preparar-hi una intervenci\u00f3 art\u00edstica: escult\u00f2rica, perform\u00e0tica, musical&#8230; \u00c9s tan important el lloc, el seu h\u00e0bitat, com la pr\u00f2pia intervenci\u00f3.<\/p>\n<p>El dia de l\u2019Aplec, vells i nous p\u00fablics s\u2019incorporen a la festa, descobreixen la riquesa i la diversitat de la vall caminant a trav\u00e9s de prats de dall, marges, camins, barrancs ombr\u00edvols, boscos de ribera, runes d\u2019antics pallers o cabanes, ecosistemes de solana o d\u2019obaga fins a albirar les peces, les intervencions, les interpretacions o les explicacions dels artistes. Cirerals, freixeres, gavarneres, sa\u00fcquers, nogueres, bedolls, ar\u00e7os, salanques, moixeres, clops, tr\u00e8mols, avellaners&#8230; s\u00f3n protagonistes pel cromatisme tardorenc de les seves fulles i fruits. Per\u00f2 tamb\u00e9 ho s\u00f3n la multidisciplinarietat de les expressions art\u00edstiques: dansa en la natura per terra i vertical, percussi\u00f3 musical descriptiva, escultures de branques, de c\u00f2dols i carrobins, i de lloses en suspensi\u00f3, paraules sortides de les flors, ginys in\u00fatils per acaronar plantes, efectes lum\u00ednics damunt la obaga, estris moguts per l\u2019energia solar, cercles que marquen petjades ecol\u00f2giques&#8230; Expressions culturals totes elles que es fonen en la natura, i amb elles els artistes de carn i ossos.<\/p>\n<p><em>Edge effects<\/em> en ecologia indica l\u2019<em>efecte vora<\/em> que es provoca amb l\u2019encontre de dos ecosistemes. En la franja de territori de trobada la biodiversitat es multiplica no solament per la suma d\u2019esp\u00e8cies de cada ecosistema, sin\u00f3 sobretot per l\u2019especificitat d\u2019aquell espai de marge, de frontera, que propicia un nou h\u00e0bitat per a moltes m\u00e9s esp\u00e8cies que solament poden sobreviuen gr\u00e0cies a les condicions de transici\u00f3.<\/p>\n<p>A la Coma de Burg, amb la forta pendent de la vall i el conseg\u00fcent efecte altitudinal, la ben comuna obaga de la cara nord i la solana de les vessants que miren al sud, els prats de dall i els boscos caducifolis, els barrancs que s\u2019acongosten, els horts i els marges de pedra seca, els pobles sobre la penya i arrecerats, els vells i els nous ve\u00efns, m\u00e9s els artistes i els investigadors que hi passegen per l\u2019exist\u00e8ncia de la resid\u00e8ncia de treball,&#8230;, es creen uns <em>efectes vora<\/em> que no nom\u00e9s enriqueixen i multipliquen la biodiversitat de la vall, sin\u00f3 tamb\u00e9 la diversitat cultural amb totes les seves expressions.<\/p>\n<p>Caminar ser\u00e0 de llarg la millor formula per a despla\u00e7ar-se i descobrir el ric entorn natural i cultural, la millor manera de sentir la natura i de prendre consci\u00e8ncia de formar part de la biosfera, primer pas indiscutible per a construir la sostenibilitat de la nostra civilitzaci\u00f3.<\/p>\n<p>&nbsp;<\/p>\n<p>&nbsp;<\/p>\n<p>&nbsp;<\/p>\n<p>&nbsp;<\/p>\n<p>&nbsp;<\/p>\n","protected":false},"excerpt":{"rendered":"<p>D\u2019en\u00e7\u00e0 que Henry David Thoreau ja a mitjans del segle XIX exposa la seva filosofia [&hellip;]<\/p>\n","protected":false},"author":4,"featured_media":3826,"comment_status":"closed","ping_status":"closed","sticky":false,"template":"","format":"standard","meta":{"site-sidebar-layout":"default","site-content-layout":"default","ast-site-content-layout":"","site-content-style":"default","site-sidebar-style":"default","ast-global-header-display":"","ast-banner-title-visibility":"","ast-main-header-display":"","ast-hfb-above-header-display":"","ast-hfb-below-header-display":"","ast-hfb-mobile-header-display":"","site-post-title":"","ast-breadcrumbs-content":"","ast-featured-img":"","footer-sml-layout":"","theme-transparent-header-meta":"default","adv-header-id-meta":"","stick-header-meta":"default","header-above-stick-meta":"","header-main-stick-meta":"","header-below-stick-meta":"","astra-migrate-meta-layouts":"default","ast-page-background-enabled":"default","ast-page-background-meta":{"desktop":{"background-color":"var(--ast-global-color-4)","background-image":"","background-repeat":"repeat","background-position":"center center","background-size":"auto","background-attachment":"scroll","background-type":"","background-media":"","overlay-type":"","overlay-color":"","overlay-opacity":"","overlay-gradient":""},"tablet":{"background-color":"","background-image":"","background-repeat":"repeat","background-position":"center center","background-size":"auto","background-attachment":"scroll","background-type":"","background-media":"","overlay-type":"","overlay-color":"","overlay-opacity":"","overlay-gradient":""},"mobile":{"background-color":"","background-image":"","background-repeat":"repeat","background-position":"center center","background-size":"auto","background-attachment":"scroll","background-type":"","background-media":"","overlay-type":"","overlay-color":"","overlay-opacity":"","overlay-gradient":""}},"ast-content-background-meta":{"desktop":{"background-color":"var(--ast-global-color-5)","background-image":"","background-repeat":"repeat","background-position":"center center","background-size":"auto","background-attachment":"scroll","background-type":"","background-media":"","overlay-type":"","overlay-color":"","overlay-opacity":"","overlay-gradient":""},"tablet":{"background-color":"var(--ast-global-color-5)","background-image":"","background-repeat":"repeat","background-position":"center center","background-size":"auto","background-attachment":"scroll","background-type":"","background-media":"","overlay-type":"","overlay-color":"","overlay-opacity":"","overlay-gradient":""},"mobile":{"background-color":"var(--ast-global-color-5)","background-image":"","background-repeat":"repeat","background-position":"center center","background-size":"auto","background-attachment":"scroll","background-type":"","background-media":"","overlay-type":"","overlay-color":"","overlay-opacity":"","overlay-gradient":""}},"footnotes":""},"categories":[3],"tags":[88],"class_list":["post-3820","post","type-post","status-publish","format-standard","has-post-thumbnail","hentry","category-el-mirador","tag-41-desembre-2017"],"_links":{"self":[{"href":"https:\/\/sompirineu.cat\/senderia\/wp-json\/wp\/v2\/posts\/3820","targetHints":{"allow":["GET"]}}],"collection":[{"href":"https:\/\/sompirineu.cat\/senderia\/wp-json\/wp\/v2\/posts"}],"about":[{"href":"https:\/\/sompirineu.cat\/senderia\/wp-json\/wp\/v2\/types\/post"}],"author":[{"embeddable":true,"href":"https:\/\/sompirineu.cat\/senderia\/wp-json\/wp\/v2\/users\/4"}],"replies":[{"embeddable":true,"href":"https:\/\/sompirineu.cat\/senderia\/wp-json\/wp\/v2\/comments?post=3820"}],"version-history":[{"count":1,"href":"https:\/\/sompirineu.cat\/senderia\/wp-json\/wp\/v2\/posts\/3820\/revisions"}],"predecessor-version":[{"id":3821,"href":"https:\/\/sompirineu.cat\/senderia\/wp-json\/wp\/v2\/posts\/3820\/revisions\/3821"}],"wp:featuredmedia":[{"embeddable":true,"href":"https:\/\/sompirineu.cat\/senderia\/wp-json\/wp\/v2\/media\/3826"}],"wp:attachment":[{"href":"https:\/\/sompirineu.cat\/senderia\/wp-json\/wp\/v2\/media?parent=3820"}],"wp:term":[{"taxonomy":"category","embeddable":true,"href":"https:\/\/sompirineu.cat\/senderia\/wp-json\/wp\/v2\/categories?post=3820"},{"taxonomy":"post_tag","embeddable":true,"href":"https:\/\/sompirineu.cat\/senderia\/wp-json\/wp\/v2\/tags?post=3820"}],"curies":[{"name":"wp","href":"https:\/\/api.w.org\/{rel}","templated":true}]}}