{"id":3827,"date":"2017-12-10T10:45:46","date_gmt":"2017-12-10T09:45:46","guid":{"rendered":"https:\/\/sompirineu.cat\/senderia\/?p=3827"},"modified":"2022-03-16T09:04:46","modified_gmt":"2022-03-16T08:04:46","slug":"maria-faura-macompanyeu-a-coneixer-els-camins-que-porten-a-bacanella","status":"publish","type":"post","link":"https:\/\/sompirineu.cat\/senderia\/maria-faura-macompanyeu-a-coneixer-els-camins-que-porten-a-bacanella\/","title":{"rendered":"Maria Faura &#8211; M\u2019acompanyeu a con\u00e8ixer els camins que porten a Bacanella?"},"content":{"rendered":"<p>Bacanella \u00e9s un collet situat a m\u00e9s de 1.800 m que, a mig cam\u00ed entre els pobles de La Vansa i F\u00f3rnols i la part m\u00e9s occidental serra del Cad\u00ed, ha estat, des de sempre, una important cru\u00eflla de camins.<\/p>\n<p>Les restes prehist\u00f2riques trobades a la zona, fan pensar que pobles n\u00f3mades s\u2019hi establien per les bones pastures de l\u2019indret i, al llarg dels anys, hi han continuat fent cam\u00ed, pastors amb els seus ramats, agricultors que hi conreaven feixes a gran altura i traginers que portaven mercaderies de tota mena entre un i altre vessant de la serra.<\/p>\n<p>Tot i la import\u00e0ncia que va tenir durant tant de temps, aquest, com molts altres camins, es va anar perdent degut al des\u00fas; per\u00f2 per sort i gr\u00e0cies a la implicaci\u00f3 de la gent dels pobles, que han treballant junt amb les administracions i diverses entitats del territori, s\u2019ha pogut recuperar.<\/p>\n<p>El primer dels projectes va venir de la m\u00e0 del Consell Comarcal de l\u2019Alt Urgell que, a trav\u00e9s d\u2019una subvenci\u00f3 del Parc Natural del Cad\u00ed-Moixer\u00f3, va arreglar els camins d\u2019acc\u00e9s a Bacanella des dels pobles de F\u00f3rnols i Cornellana.<br \/>\nAl cap d\u2019uns anys, amb l\u2019aportaci\u00f3 econ\u00f2mica de l\u2019Obra Social, es va poder restablir un cam\u00ed que unia aquests dos pobles, ja que el tradicional havia estat molt malm\u00e8s per la carretera.<br \/>\nLes darreres feines, fetes amb la brigada del Parc i en les que vaig participar activament, van consistir en repassar i senyalitzar tot el circuit, ara homologat com a PR-C 226 per part Federaci\u00f3 d\u2019Entitats Excursionistes de Catalunya, amb la col\u00b7laboraci\u00f3 de la Uni\u00f3 Excursionista Urgellenca. En aquest moment tamb\u00e9 es va unir amb el PR-C 122, de coll de Creus i Adra\u00e9n a Torreta de Cad\u00ed i les Tres Canaletes, el GR 150 que d\u00f3na la volta al Parc i el GR 150.1 que transcorre per la carena, conformant una petita xarxa de senders que uneix els pobles i punts d\u2019inter\u00e8s de la zona.<\/p>\n<p>Aix\u00ed doncs, els camins de Bacanella tornen a veure passar gent amb noves motivacions, que pugen corrent per fer esport i mantenir-se en forma, que volen estar en contacte amb la natura o simplement que hi passegen pel goig de veure un cam\u00ed, com els d\u2019abans, amb murs i marrades que en fan agradable el seu recorregut i donen fe del seu gran valor hist\u00f2ric.<\/p>\n<p><img decoding=\"async\" class=\"alignnone wp-image-3831\" src=\"https:\/\/sompirineu.cat\/senderia\/wp-content\/uploads\/2017\/12\/1-300x225.jpg\" alt=\"\" width=\"188\" height=\"142\" srcset=\"https:\/\/sompirineu.cat\/senderia\/wp-content\/uploads\/2017\/12\/1-300x225.jpg 300w, https:\/\/sompirineu.cat\/senderia\/wp-content\/uploads\/2017\/12\/1.jpg 400w\" sizes=\"(max-width: 188px) 100vw, 188px\" \/> <img decoding=\"async\" class=\"alignnone wp-image-3832\" src=\"https:\/\/sompirineu.cat\/senderia\/wp-content\/uploads\/2017\/12\/2-300x225.jpg\" alt=\"\" width=\"188\" height=\"141\" srcset=\"https:\/\/sompirineu.cat\/senderia\/wp-content\/uploads\/2017\/12\/2-300x225.jpg 300w, https:\/\/sompirineu.cat\/senderia\/wp-content\/uploads\/2017\/12\/2.jpg 400w\" sizes=\"(max-width: 188px) 100vw, 188px\" \/><\/p>\n<p><img decoding=\"async\" class=\"alignnone wp-image-3833\" src=\"https:\/\/sompirineu.cat\/senderia\/wp-content\/uploads\/2017\/12\/3-300x225.jpg\" alt=\"\" width=\"188\" height=\"141\" srcset=\"https:\/\/sompirineu.cat\/senderia\/wp-content\/uploads\/2017\/12\/3-300x225.jpg 300w, https:\/\/sompirineu.cat\/senderia\/wp-content\/uploads\/2017\/12\/3.jpg 400w\" sizes=\"(max-width: 188px) 100vw, 188px\" \/> <img loading=\"lazy\" decoding=\"async\" class=\"alignnone wp-image-3834\" style=\"font-weight: inherit;\" src=\"https:\/\/sompirineu.cat\/senderia\/wp-content\/uploads\/2017\/12\/4-300x225.jpg\" alt=\"\" width=\"188\" height=\"141\" srcset=\"https:\/\/sompirineu.cat\/senderia\/wp-content\/uploads\/2017\/12\/4-300x225.jpg 300w, https:\/\/sompirineu.cat\/senderia\/wp-content\/uploads\/2017\/12\/4.jpg 400w\" sizes=\"(max-width: 188px) 100vw, 188px\" \/><\/p>\n<p><img loading=\"lazy\" decoding=\"async\" class=\"alignnone wp-image-3835\" src=\"https:\/\/sompirineu.cat\/senderia\/wp-content\/uploads\/2017\/12\/5-300x225.jpg\" alt=\"\" width=\"186\" height=\"139\" srcset=\"https:\/\/sompirineu.cat\/senderia\/wp-content\/uploads\/2017\/12\/5-300x225.jpg 300w, https:\/\/sompirineu.cat\/senderia\/wp-content\/uploads\/2017\/12\/5.jpg 400w\" sizes=\"(max-width: 186px) 100vw, 186px\" \/> <img loading=\"lazy\" decoding=\"async\" class=\"alignnone wp-image-3836\" src=\"https:\/\/sompirineu.cat\/senderia\/wp-content\/uploads\/2017\/12\/6-300x225.jpg\" alt=\"\" width=\"188\" height=\"142\" srcset=\"https:\/\/sompirineu.cat\/senderia\/wp-content\/uploads\/2017\/12\/6-300x225.jpg 300w, https:\/\/sompirineu.cat\/senderia\/wp-content\/uploads\/2017\/12\/6.jpg 400w\" sizes=\"(max-width: 188px) 100vw, 188px\" \/><\/p>\n<p>M\u00e9s informaci\u00f3:<br \/>\n<a href=\"http:\/\/senders.feec.cat\/pr-c-226\/pr-c-226-2592\" target=\"_blank\" rel=\"noopener\">http:\/\/senders.feec.cat\/pr-c-226\/pr-c-226-2592<\/a><br \/>\n<a href=\"http:\/\/www.alturgell.cat\/senderisme\/cornellana-fornols-balcanella\" target=\"_blank\" rel=\"noopener\">http:\/\/www.alturgell.cat\/senderisme\/cornellana-fornols-balcanella<\/a><\/p>\n<p>&nbsp;<\/p>\n","protected":false},"excerpt":{"rendered":"<p>Bacanella \u00e9s un collet situat a m\u00e9s de 1.800 m que, a mig cam\u00ed entre [&hellip;]<\/p>\n","protected":false},"author":4,"featured_media":3841,"comment_status":"closed","ping_status":"closed","sticky":false,"template":"","format":"standard","meta":{"site-sidebar-layout":"default","site-content-layout":"default","ast-site-content-layout":"","site-content-style":"default","site-sidebar-style":"default","ast-global-header-display":"","ast-banner-title-visibility":"","ast-main-header-display":"","ast-hfb-above-header-display":"","ast-hfb-below-header-display":"","ast-hfb-mobile-header-display":"","site-post-title":"","ast-breadcrumbs-content":"","ast-featured-img":"","footer-sml-layout":"","theme-transparent-header-meta":"default","adv-header-id-meta":"","stick-header-meta":"default","header-above-stick-meta":"","header-main-stick-meta":"","header-below-stick-meta":"","astra-migrate-meta-layouts":"default","ast-page-background-enabled":"default","ast-page-background-meta":{"desktop":{"background-color":"var(--ast-global-color-4)","background-image":"","background-repeat":"repeat","background-position":"center center","background-size":"auto","background-attachment":"scroll","background-type":"","background-media":"","overlay-type":"","overlay-color":"","overlay-opacity":"","overlay-gradient":""},"tablet":{"background-color":"","background-image":"","background-repeat":"repeat","background-position":"center center","background-size":"auto","background-attachment":"scroll","background-type":"","background-media":"","overlay-type":"","overlay-color":"","overlay-opacity":"","overlay-gradient":""},"mobile":{"background-color":"","background-image":"","background-repeat":"repeat","background-position":"center center","background-size":"auto","background-attachment":"scroll","background-type":"","background-media":"","overlay-type":"","overlay-color":"","overlay-opacity":"","overlay-gradient":""}},"ast-content-background-meta":{"desktop":{"background-color":"var(--ast-global-color-5)","background-image":"","background-repeat":"repeat","background-position":"center center","background-size":"auto","background-attachment":"scroll","background-type":"","background-media":"","overlay-type":"","overlay-color":"","overlay-opacity":"","overlay-gradient":""},"tablet":{"background-color":"var(--ast-global-color-5)","background-image":"","background-repeat":"repeat","background-position":"center center","background-size":"auto","background-attachment":"scroll","background-type":"","background-media":"","overlay-type":"","overlay-color":"","overlay-opacity":"","overlay-gradient":""},"mobile":{"background-color":"var(--ast-global-color-5)","background-image":"","background-repeat":"repeat","background-position":"center center","background-size":"auto","background-attachment":"scroll","background-type":"","background-media":"","overlay-type":"","overlay-color":"","overlay-opacity":"","overlay-gradient":""}},"footnotes":""},"categories":[6],"tags":[88],"class_list":["post-3827","post","type-post","status-publish","format-standard","has-post-thumbnail","hentry","category-una-caminada-amb","tag-41-desembre-2017"],"_links":{"self":[{"href":"https:\/\/sompirineu.cat\/senderia\/wp-json\/wp\/v2\/posts\/3827","targetHints":{"allow":["GET"]}}],"collection":[{"href":"https:\/\/sompirineu.cat\/senderia\/wp-json\/wp\/v2\/posts"}],"about":[{"href":"https:\/\/sompirineu.cat\/senderia\/wp-json\/wp\/v2\/types\/post"}],"author":[{"embeddable":true,"href":"https:\/\/sompirineu.cat\/senderia\/wp-json\/wp\/v2\/users\/4"}],"replies":[{"embeddable":true,"href":"https:\/\/sompirineu.cat\/senderia\/wp-json\/wp\/v2\/comments?post=3827"}],"version-history":[{"count":8,"href":"https:\/\/sompirineu.cat\/senderia\/wp-json\/wp\/v2\/posts\/3827\/revisions"}],"predecessor-version":[{"id":4739,"href":"https:\/\/sompirineu.cat\/senderia\/wp-json\/wp\/v2\/posts\/3827\/revisions\/4739"}],"wp:featuredmedia":[{"embeddable":true,"href":"https:\/\/sompirineu.cat\/senderia\/wp-json\/wp\/v2\/media\/3841"}],"wp:attachment":[{"href":"https:\/\/sompirineu.cat\/senderia\/wp-json\/wp\/v2\/media?parent=3827"}],"wp:term":[{"taxonomy":"category","embeddable":true,"href":"https:\/\/sompirineu.cat\/senderia\/wp-json\/wp\/v2\/categories?post=3827"},{"taxonomy":"post_tag","embeddable":true,"href":"https:\/\/sompirineu.cat\/senderia\/wp-json\/wp\/v2\/tags?post=3827"}],"curies":[{"name":"wp","href":"https:\/\/api.w.org\/{rel}","templated":true}]}}