{"id":4157,"date":"2016-03-10T13:15:32","date_gmt":"2016-03-10T12:15:32","guid":{"rendered":"https:\/\/sompirineu.cat\/senderia\/?p=4157"},"modified":"2021-10-11T13:21:11","modified_gmt":"2021-10-11T11:21:11","slug":"el-senderisme-per-a-fer-nos-mes-savis","status":"publish","type":"post","link":"https:\/\/sompirineu.cat\/senderia\/el-senderisme-per-a-fer-nos-mes-savis\/","title":{"rendered":"El senderisme per a fer-nos m\u00e9s savis"},"content":{"rendered":"<p>Qu\u00e8 \u00e9s m\u00e9s valu\u00f3s, el conjunt d\u2019esgl\u00e9sies rom\u00e0niques del Pirineu o la xarxa de camins i senders que comunicaven la mir\u00edada de pobles de la serralada?. \u00c9s una pregunta que m\u2019he formulat sovint, sense resposta clara. El que s\u00ed que \u00e9s segur \u00e9s que la suma d\u2019ambd\u00f3s constitueix un riqu\u00edssim tresor fruit de les ambicions, els projectes i el treball de generacions d\u2019humans que s\u2019endinsen en la nit dels temps. Per\u00f2, i la <em>natura<\/em>, en el sentit en que gen\u00e8ricament s\u2019interpreta aquest mot?. Deia Arist\u00f2til que \u201c<em>la natura no fa res en va<\/em>\u201d. Si la felicitat \u00e9s l\u2019estat d\u2019\u00e0nim que es complau en la possessi\u00f3 d\u2019un b\u00e9, la natura i el paisatge (resultat en bona part de la intervenci\u00f3 de l\u2019home), s\u00f3n el m\u00e9s gran fons <em>art\u00edstic<\/em> al nostre abast.<\/p>\n<p>Us aconsello vivament que experimenteu el plaer de passejar pel bosc en aquell moment m\u00e0gic de la sortida del sol, immediatament despr\u00e9s de \u201c<em>l\u2019albada de dits rosats<\/em>\u201d que cantava el cl\u00e0ssic, quan la fauna silvestre \u00e9s m\u00e9s present, quan els arbres i les plantes es desperten i s\u2019acomoden per a rebre el nou dia que est\u00e0 naixent. \u00c9s clar, paladejar un moment tan singular s\u2019ha de fer sense presses. Gregorio Mara\u00f1\u00f3n escrivia, referint-se al segle XX: \u201c<em>En aquest segle acabarem amb les malalties, per\u00f2 ens mataran les presses<\/em>\u201d. El mateix es pot afirmar sense dubte dels nostres dies excessivament trepidants.<\/p>\n<p>Hi ha b\u00e0sicament dues maneres de con\u00e8ixer el m\u00f3n. Una \u00e9s el viatge a ex\u00f2tics destins, a pa\u00efsos llunyans als que ens atansarem de forma superficial i tur\u00edstica, col\u00b7leccionant <em>selfies<\/em> i postals. L\u2019altra, m\u00e9s tranquil\u00b7la i m\u00e9s profunda, amb la visita pausada al nostre paisatge proper, a voltes immediat, sempre m\u00e9s \u00edntim, als boscos, prats, rierols i turons familiars, amb els ulls ben oberts i les antenes posades. Observarem at\u00f2nits la bellesa dels pas ineluctable de les estacions, les variacions de la llum al llarg del dia, el di\u00e0leg constant entre la fauna i la flora, la immarcescible saviesa de la mare natura. Per a aquesta segona manera de copsar el pa\u00eds, l\u2019eina imprescindible -per fortuna!- s\u00f3n els senders, \u00e9s el senderisme. Animeu-vos!<\/p>\n","protected":false},"excerpt":{"rendered":"<p>Qu\u00e8 \u00e9s m\u00e9s valu\u00f3s, el conjunt d\u2019esgl\u00e9sies rom\u00e0niques del Pirineu o la xarxa de camins [&hellip;]<\/p>\n","protected":false},"author":4,"featured_media":4160,"comment_status":"closed","ping_status":"closed","sticky":false,"template":"","format":"standard","meta":{"site-sidebar-layout":"default","site-content-layout":"default","ast-site-content-layout":"","site-content-style":"default","site-sidebar-style":"default","ast-global-header-display":"","ast-banner-title-visibility":"","ast-main-header-display":"","ast-hfb-above-header-display":"","ast-hfb-below-header-display":"","ast-hfb-mobile-header-display":"","site-post-title":"","ast-breadcrumbs-content":"","ast-featured-img":"","footer-sml-layout":"","theme-transparent-header-meta":"default","adv-header-id-meta":"","stick-header-meta":"default","header-above-stick-meta":"","header-main-stick-meta":"","header-below-stick-meta":"","astra-migrate-meta-layouts":"default","ast-page-background-enabled":"default","ast-page-background-meta":{"desktop":{"background-color":"var(--ast-global-color-4)","background-image":"","background-repeat":"repeat","background-position":"center center","background-size":"auto","background-attachment":"scroll","background-type":"","background-media":"","overlay-type":"","overlay-color":"","overlay-opacity":"","overlay-gradient":""},"tablet":{"background-color":"","background-image":"","background-repeat":"repeat","background-position":"center center","background-size":"auto","background-attachment":"scroll","background-type":"","background-media":"","overlay-type":"","overlay-color":"","overlay-opacity":"","overlay-gradient":""},"mobile":{"background-color":"","background-image":"","background-repeat":"repeat","background-position":"center center","background-size":"auto","background-attachment":"scroll","background-type":"","background-media":"","overlay-type":"","overlay-color":"","overlay-opacity":"","overlay-gradient":""}},"ast-content-background-meta":{"desktop":{"background-color":"var(--ast-global-color-5)","background-image":"","background-repeat":"repeat","background-position":"center center","background-size":"auto","background-attachment":"scroll","background-type":"","background-media":"","overlay-type":"","overlay-color":"","overlay-opacity":"","overlay-gradient":""},"tablet":{"background-color":"var(--ast-global-color-5)","background-image":"","background-repeat":"repeat","background-position":"center center","background-size":"auto","background-attachment":"scroll","background-type":"","background-media":"","overlay-type":"","overlay-color":"","overlay-opacity":"","overlay-gradient":""},"mobile":{"background-color":"var(--ast-global-color-5)","background-image":"","background-repeat":"repeat","background-position":"center center","background-size":"auto","background-attachment":"scroll","background-type":"","background-media":"","overlay-type":"","overlay-color":"","overlay-opacity":"","overlay-gradient":""}},"footnotes":""},"categories":[3],"tags":[99],"class_list":["post-4157","post","type-post","status-publish","format-standard","has-post-thumbnail","hentry","category-el-mirador","tag-22-marc-2016"],"_links":{"self":[{"href":"https:\/\/sompirineu.cat\/senderia\/wp-json\/wp\/v2\/posts\/4157","targetHints":{"allow":["GET"]}}],"collection":[{"href":"https:\/\/sompirineu.cat\/senderia\/wp-json\/wp\/v2\/posts"}],"about":[{"href":"https:\/\/sompirineu.cat\/senderia\/wp-json\/wp\/v2\/types\/post"}],"author":[{"embeddable":true,"href":"https:\/\/sompirineu.cat\/senderia\/wp-json\/wp\/v2\/users\/4"}],"replies":[{"embeddable":true,"href":"https:\/\/sompirineu.cat\/senderia\/wp-json\/wp\/v2\/comments?post=4157"}],"version-history":[{"count":2,"href":"https:\/\/sompirineu.cat\/senderia\/wp-json\/wp\/v2\/posts\/4157\/revisions"}],"predecessor-version":[{"id":4159,"href":"https:\/\/sompirineu.cat\/senderia\/wp-json\/wp\/v2\/posts\/4157\/revisions\/4159"}],"wp:featuredmedia":[{"embeddable":true,"href":"https:\/\/sompirineu.cat\/senderia\/wp-json\/wp\/v2\/media\/4160"}],"wp:attachment":[{"href":"https:\/\/sompirineu.cat\/senderia\/wp-json\/wp\/v2\/media?parent=4157"}],"wp:term":[{"taxonomy":"category","embeddable":true,"href":"https:\/\/sompirineu.cat\/senderia\/wp-json\/wp\/v2\/categories?post=4157"},{"taxonomy":"post_tag","embeddable":true,"href":"https:\/\/sompirineu.cat\/senderia\/wp-json\/wp\/v2\/tags?post=4157"}],"curies":[{"name":"wp","href":"https:\/\/api.w.org\/{rel}","templated":true}]}}