{"id":4238,"date":"2015-06-10T11:06:19","date_gmt":"2015-06-10T09:06:19","guid":{"rendered":"https:\/\/sompirineu.cat\/senderia\/?p=4238"},"modified":"2021-10-13T11:42:17","modified_gmt":"2021-10-13T09:42:17","slug":"senders-de-laire","status":"publish","type":"post","link":"https:\/\/sompirineu.cat\/senderia\/senders-de-laire\/","title":{"rendered":"Senders de l\u2019aire"},"content":{"rendered":"<p>M\u2019agrada caminar i m\u2019agrada volar. En realitat podr\u00edem dir que m\u2019agraden les activitats a l\u2019aire lliure en general. M\u2019agrada volar pel mateix motiu que m\u2019agrada anar d\u2019excursi\u00f3: gaudir de la natura i contemplar paisatges bonics des d\u2019una perspectiva in\u00e8dita, m\u00e9s que no pas per practicar un esport d\u2019aventura, tot i que tamb\u00e9 m\u2019abelleixen les activitats d\u2019aquesta mena. Amb alguns companys algun cop hem volat junts per compartir paisatges i experi\u00e8ncies. \u00c9s especialment satisfactori volar amb algun agent rural que coneix fil per randa el territori i t\u2019explica els noms de cada prat o l\u2019\u00faltim lloc on van localitzar un \u00f3s, o amb algun paisatgista que et fa descobrir dimensions que jo seria incapa\u00e7 d\u2019endevinar, o amb un bomber que rememora des de l\u2019aire com van gestionar un incendi forestal l\u2019\u00faltim estiu.<\/p>\n<p>Sovint em plau de refer una ruta que pr\u00e8viament he fet a peu. Per exemple, si un dia pujo al Puigmal o al Carlit m\u2019agrada de tornar-hi al cap d\u2019uns dies amb avioneta i refer la ruta des de la collada de Toses, seguint la carena fins al Puigmal, deixant N\u00faria a la dreta, i seguint des del coll de Finestrelles, cap a Sallagosa i el coll de la Perxa, per endinsar-me al Capcir i acaronar el cim del Carlit. O tornar a Montserrat amb la mare sexagen\u00e0ria d\u2019uns bombers del GRAE que, quan passem volant nosaltres, despleguen una enorme pancarta de felicitaci\u00f3 d\u2019aniversari des del cim del Cavall Bernat. O refer des de l\u2019aire tota la travessa dels Carros de Foc, entre l\u2019Aran, el Pallars i l\u2019Alta Ribagor\u00e7a, despr\u00e9s d\u2019haver-hi passat una setmana caminant&#8230;..<\/p>\n<p>Per\u00f2 tamb\u00e9 \u00e9s molt bonic de resseguir la Costa Brava des de l\u2019aire, de Blanes a Roses, contemplant cada cala i cada penya-segat, mirant de recordar-ne el nom, cercant els camins de ronda que pr\u00e8viament he caminat, i despr\u00e9s vorejar el mass\u00eds del cap de Creus amb la seva infinitat de caletes i viaranys, per arribar fins a Banyuls de la Marenda, i tot remuntant la vall del Tet, arribar a la Cerdanya, deixant a la dreta Perpiny\u00e0, Mont Llu\u00eds i la serra de Madres, i a l\u2019esquerra el Canig\u00f3, les gorges de Caran\u00e7\u00e0, la vall d\u2019Eina, i Cambra d\u2019Ase, per aterrar a l\u2019aer\u00f2drom d\u2019Alp.<\/p>\n<p>Una altra ruta de gran inter\u00e8s paisatg\u00edstic \u00e9s la ruta del Segre, des del seu naixement a Llo, creuar cap a Ll\u00edvia i Puigcerd\u00e0, sobrevolar Bellver, i anar seguint el riu fins a la Seu d\u2019Urgell \u2013on, si et ve de gust, pots aterrar al nou aer\u00f2drom-, per continuar cap al pant\u00e0 d\u2019Oliana, i anar baixant cap a la Noguera i el Segri\u00e0, contemplant els rius tributaris del Segre: la Noguera Pallaresa, la Noguera Ribagor\u00e7ana, el Cinca, fins a arribar a Mequinensa, on, tot recordant Jes\u00fas Moncada, trobem l\u2019Ebre. Llavors, nom\u00e9s cal seguir la ruta del riu m\u00e9s cabal\u00f3s de Catalunya, albirant el castell de Miravet, el Montsi\u00e0, el Mont Caro, i, sobretot, el punt final de trajecte: el Delta de l\u2019Ebre.<\/p>\n<p>Podr\u00edem afegir molts d\u2019altres exemples, perqu\u00e8 les possibilitats de fer aeroturisme a Catalunya s\u00f3n infinites. Sobretot si l\u2019objectiu \u00e9s con\u00e8ixer m\u00e9s i millor el pa\u00eds, copsar una nova dimensi\u00f3 d\u2019un territori privilegiat. Si, a m\u00e9s, abans l\u2019hem trepitjat pas a pas, poble a poble, cim a cim, encara gaudirem m\u00e9s.<\/p>\n<p><strong>Informaci\u00f3 \u00fatil<\/strong><\/p>\n<p>Aeroport Andorra-la Seu\u00a0\u00a0\u00a0\u00a0\u00a0 <a href=\"http:\/\/www.aeroportandorralaseu.cat\" target=\"_blank\" rel=\"noopener\">www.aeroportandorralaseu.cat<\/a><\/p>\n<p>Aer\u00f2drom de la Cerdanya\u00a0\u00a0 \u00a0\u00a0<u><a href=\"http:\/\/www.aerodromlacerdanya.cat\/\" target=\"_blank\" rel=\"noopener\">www.aerodromlacerdanya.cat<\/a><\/u><\/p>\n<p>Aer\u00f2drom d\u2019Empuriabrava\u00a0\u00a0\u00a0 <u><a href=\"http:\/\/www.skydiveempuriabrava.com\/\" target=\"_blank\" rel=\"noopener\">www.skydiveempuriabrava.com<\/a><\/u><\/p>\n<p>Aeroclub de Lleida\u00a0\u00a0\u00a0\u00a0\u00a0\u00a0\u00a0\u00a0\u00a0\u00a0\u00a0\u00a0\u00a0\u00a0\u00a0 <u><a href=\"http:\/\/www.reialaericlublleida.org\/\" target=\"_blank\" rel=\"noopener\">www.reialaericlublleida.org<\/a><\/u><\/p>\n<p>Aeroclub de Sabadell\u00a0\u00a0\u00a0 \u00a0\u00a0\u00a0\u00a0\u00a0\u00a0\u00a0\u00a0<u><a href=\"http:\/\/www.aeroclub.es\/\" target=\"_blank\" rel=\"noopener\">www.aeroclub.es<\/a><\/u><\/p>\n<p>M\u00e9s informaci\u00f3: Valent\u00ed Sallas\u00a0 (<a href=\"mailto:vsallas@cmail.cat\" target=\"_blank\" rel=\"noopener\">vsallas@cmail.cat<\/a>)<\/p>\n<p><strong>\u00a0<\/strong><\/p>\n","protected":false},"excerpt":{"rendered":"<p>M\u2019agrada caminar i m\u2019agrada volar. En realitat podr\u00edem dir que m\u2019agraden les activitats a l\u2019aire [&hellip;]<\/p>\n","protected":false},"author":4,"featured_media":4239,"comment_status":"closed","ping_status":"closed","sticky":false,"template":"","format":"standard","meta":{"site-sidebar-layout":"default","site-content-layout":"default","ast-site-content-layout":"","site-content-style":"default","site-sidebar-style":"default","ast-global-header-display":"","ast-banner-title-visibility":"","ast-main-header-display":"","ast-hfb-above-header-display":"","ast-hfb-below-header-display":"","ast-hfb-mobile-header-display":"","site-post-title":"","ast-breadcrumbs-content":"","ast-featured-img":"","footer-sml-layout":"","theme-transparent-header-meta":"default","adv-header-id-meta":"","stick-header-meta":"default","header-above-stick-meta":"","header-main-stick-meta":"","header-below-stick-meta":"","astra-migrate-meta-layouts":"default","ast-page-background-enabled":"default","ast-page-background-meta":{"desktop":{"background-color":"var(--ast-global-color-4)","background-image":"","background-repeat":"repeat","background-position":"center center","background-size":"auto","background-attachment":"scroll","background-type":"","background-media":"","overlay-type":"","overlay-color":"","overlay-opacity":"","overlay-gradient":""},"tablet":{"background-color":"","background-image":"","background-repeat":"repeat","background-position":"center center","background-size":"auto","background-attachment":"scroll","background-type":"","background-media":"","overlay-type":"","overlay-color":"","overlay-opacity":"","overlay-gradient":""},"mobile":{"background-color":"","background-image":"","background-repeat":"repeat","background-position":"center center","background-size":"auto","background-attachment":"scroll","background-type":"","background-media":"","overlay-type":"","overlay-color":"","overlay-opacity":"","overlay-gradient":""}},"ast-content-background-meta":{"desktop":{"background-color":"var(--ast-global-color-5)","background-image":"","background-repeat":"repeat","background-position":"center center","background-size":"auto","background-attachment":"scroll","background-type":"","background-media":"","overlay-type":"","overlay-color":"","overlay-opacity":"","overlay-gradient":""},"tablet":{"background-color":"var(--ast-global-color-5)","background-image":"","background-repeat":"repeat","background-position":"center center","background-size":"auto","background-attachment":"scroll","background-type":"","background-media":"","overlay-type":"","overlay-color":"","overlay-opacity":"","overlay-gradient":""},"mobile":{"background-color":"var(--ast-global-color-5)","background-image":"","background-repeat":"repeat","background-position":"center center","background-size":"auto","background-attachment":"scroll","background-type":"","background-media":"","overlay-type":"","overlay-color":"","overlay-opacity":"","overlay-gradient":""}},"footnotes":""},"categories":[3],"tags":[102],"class_list":["post-4238","post","type-post","status-publish","format-standard","has-post-thumbnail","hentry","category-el-mirador","tag-14-juny-2015"],"_links":{"self":[{"href":"https:\/\/sompirineu.cat\/senderia\/wp-json\/wp\/v2\/posts\/4238","targetHints":{"allow":["GET"]}}],"collection":[{"href":"https:\/\/sompirineu.cat\/senderia\/wp-json\/wp\/v2\/posts"}],"about":[{"href":"https:\/\/sompirineu.cat\/senderia\/wp-json\/wp\/v2\/types\/post"}],"author":[{"embeddable":true,"href":"https:\/\/sompirineu.cat\/senderia\/wp-json\/wp\/v2\/users\/4"}],"replies":[{"embeddable":true,"href":"https:\/\/sompirineu.cat\/senderia\/wp-json\/wp\/v2\/comments?post=4238"}],"version-history":[{"count":1,"href":"https:\/\/sompirineu.cat\/senderia\/wp-json\/wp\/v2\/posts\/4238\/revisions"}],"predecessor-version":[{"id":4240,"href":"https:\/\/sompirineu.cat\/senderia\/wp-json\/wp\/v2\/posts\/4238\/revisions\/4240"}],"wp:featuredmedia":[{"embeddable":true,"href":"https:\/\/sompirineu.cat\/senderia\/wp-json\/wp\/v2\/media\/4239"}],"wp:attachment":[{"href":"https:\/\/sompirineu.cat\/senderia\/wp-json\/wp\/v2\/media?parent=4238"}],"wp:term":[{"taxonomy":"category","embeddable":true,"href":"https:\/\/sompirineu.cat\/senderia\/wp-json\/wp\/v2\/categories?post=4238"},{"taxonomy":"post_tag","embeddable":true,"href":"https:\/\/sompirineu.cat\/senderia\/wp-json\/wp\/v2\/tags?post=4238"}],"curies":[{"name":"wp","href":"https:\/\/api.w.org\/{rel}","templated":true}]}}