{"id":4287,"date":"2015-03-10T08:27:39","date_gmt":"2015-03-10T07:27:39","guid":{"rendered":"https:\/\/sompirineu.cat\/senderia\/?p=4287"},"modified":"2021-10-14T09:47:07","modified_gmt":"2021-10-14T07:47:07","slug":"caminar-comodament-els-productes-integrats-de-senderisme","status":"publish","type":"post","link":"https:\/\/sompirineu.cat\/senderia\/caminar-comodament-els-productes-integrats-de-senderisme\/","title":{"rendered":"Caminar c\u00f2modament: els productes integrats de senderisme"},"content":{"rendered":"<p>Ara ja fa uns anys em va entrar el cuquet per provar de fer alguna setmana de senderisme motivada pel meu gust per caminar i les ganes d\u2019estar a l\u2019aire lliure, tot i que era conscient de dos fets que, per a mi, actuaven com a limitacions o condicionants: un baix coneixement per orientar-me a la muntanya per mi sola i la mandra de carregar molt d\u2019embalum a l\u2019esquena. Potser per aix\u00f2 o perqu\u00e8 el primer intent va ser al Nepal, pa\u00eds desconegut i inc\u00f2gnit, vam contractar els serveis d\u2019una empresa de <em>trek<\/em> que ens va posar els guies, els cuiners, els portadors i, en definitiva, la tranquil\u00b7litat de nom\u00e9s caminar, sense pensar en res m\u00e9s que en el gaudi del lloc. D\u2019aleshores en\u00e7\u00e0, gaireb\u00e9 sempre he utilitzat els serveis de guiatge per a les meves setmanes de senderisme.<\/p>\n<p>Fins ara la meva tria s\u2019havia concentrat en ag\u00e8ncies de viatge que oferien una secci\u00f3 de productes de <em>trekking<\/em> o expedicions: efectivament, abans de l\u2019eclosi\u00f3 d\u2019empreses de guiatge especialitzades en senderisme, a Barcelona hi havia un grup d\u2019ag\u00e8ncies que es definien com a \u201calternatives\u201d (sortides en petits grups, rutes en allotjaments no convencionals, naturalistes, viatges solidaris) que oferien productes integrats per caminar generalment a l\u2019estranger i en llocs for\u00e7a remots. En aquests casos, l\u2019ag\u00e8ncia actuava com a intermedi\u00e0ria entre el client i un paquet tancat de senderisme que compraves al pa\u00eds escollit i que inclo\u00efa els guies locals, la tria dels allotjaments, els recorreguts i l\u2019organitzaci\u00f3 dels \u00e0pats.<\/p>\n<p>A data d\u2019avui haig de fer una valoraci\u00f3 molt positiva de l\u2019elecci\u00f3 de la contrapart en el lloc de destinaci\u00f3. Els programes s\u00f3n clars i especifiquen correctament la informaci\u00f3 tant a nivell t\u00e8cnic (desnivells a superar, els quil\u00f2metres a caminar en les etapes, el temps invertit en relaci\u00f3 al punt de sortida i arribada, sense que se superi massa l\u2019estimaci\u00f3 establerta,&#8230;), com a nivell log\u00edstic, de manera que la realitat s\u2019ha adequat perfectament a les expectatives pr\u00e8vies.<\/p>\n<p>Per\u00f2 quins altres avantatges comporta caminar amb aquesta modalitat?<\/p>\n<p>El primer \u00e9s la delegaci\u00f3 de les tasques de guiatge als professionals que ens acompanyen. La confian\u00e7a immediata en els guies em treu el neguit de perdre\u2019m o de mal interpretar les condicions meteorol\u00f2giques. A m\u00e9s, enriqueixen el trajecte amb un munt de continguts geogr\u00e0fics i aspectes hist\u00f2rics o, fins i tot, amb llegendes i saviesa popular. Tant \u00e9s aix\u00ed, que a Isl\u00e0ndia vam acabar conven\u00e7uts que al darrera d\u2019aquells munts de roques volc\u00e0niques d\u2019estranyes formes que conformen el paisatge hi havia \u00e9ssers fant\u00e0stics que, de tant en tant, sortien a jugar amb els islandesos,&#8230;<\/p>\n<p>Un altre avantatge \u00e9s la comoditat que suposa que em transportin l\u2019equipatge que no faig servir quan camino, que tanmateix procuro que no sigui superflu&#8230;, per\u00f2 sempre acaba havent-hi una farmaciola o el que acabo portant \u201cper si de cas\u201d: un polar de m\u00e9s per si fa m\u00e9s fred; unes segones botes per si queden xopes les habituals; unes ulleres de recanvi per si se\u2019m trenquen les titulars; una tovallola prima per si no n\u2019hi ha al lloc on es dorm. Aix\u00ed nom\u00e9s camino amb el que necessito cada dia, incl\u00f2s l\u2019avituallament energ\u00e8tic per no defallir a mig cam\u00ed. Aquesta log\u00edstica ha funcionat admirablement b\u00e9 en qualsevol lloc, fins i tot a C\u00f2rsega, on mai no vam arribar a veure qui recollia els equipatges que deix\u00e0vem a les <em>g\u00eetes d\u2019\u00e9tape<\/em> i que puntualment trob\u00e0vem al seg\u00fcent allotjament.<\/p>\n<p>En relaci\u00f3 amb altres tipus de viatges organitzats, cal destacar que els grups s\u00f3n for\u00e7a redu\u00efts. Aix\u00f2 facilita la coneixen\u00e7a r\u00e0pida de les persones que el formen i el fa m\u00e9s \u00e0gil a l\u2019hora de caminar per la muntanya, fins al punt que sovint sembla m\u00e9s una colla d\u2019amics fent senderisme que un cl\u00e0ssic viatge organitzat. I, a vegades, la complicitat augmenta, com quan s\u2019ha d\u2019ajudar en alguna de les tasques per al millor funcionament del grup, ja sigui en la preparaci\u00f3 dels picnics o a la cuina, cosa que recorda una mica les col\u00f2nies o campaments de l\u2019adolesc\u00e8ncia. Amb tot, no deixa de ser un relax que alg\u00fa altre dirigeixi l\u2019organitzaci\u00f3 di\u00e0ria de la jornada i aix\u00ed jo nom\u00e9s m\u2019haig de deixar portar,&#8230;, i b\u00e0sicament caminar, que finalment \u00e9s l\u2019objecte de la sortida.<\/p>\n<p>Moltes d\u2019aquestes setmanes caminaires han transcorregut fora de Catalunya, potser per ganes de con\u00e8ixer paisatges diferents, potser perqu\u00e8 pel nostre pa\u00eds hi he caminat for\u00e7a amb els centres excursionistes o potser perqu\u00e8 fins ara no hi havia sabut trobar sortides organitzades de manera integrada per les comarques catalanes. Tant de bo que l\u2019eclosi\u00f3 d\u2019activitats de senderisme que s\u2019ha produ\u00eft aquests darrers anys i l\u2019afici\u00f3 per caminar, que sembla que s\u2019est\u00e9n, potenci\u00ef aquest tipus de producte. \u00c9s c\u00f2mode, contribueix a moltes economies (allotjaments, guies, conductors de taxis,&#8230;) i permet la descoberta del territori de manera tranquil\u00b7la, segura i coordinada.<\/p>\n","protected":false},"excerpt":{"rendered":"<p>Ara ja fa uns anys em va entrar el cuquet per provar de fer alguna [&hellip;]<\/p>\n","protected":false},"author":4,"featured_media":4289,"comment_status":"closed","ping_status":"closed","sticky":false,"template":"","format":"standard","meta":{"site-sidebar-layout":"default","site-content-layout":"default","ast-site-content-layout":"","site-content-style":"default","site-sidebar-style":"default","ast-global-header-display":"","ast-banner-title-visibility":"","ast-main-header-display":"","ast-hfb-above-header-display":"","ast-hfb-below-header-display":"","ast-hfb-mobile-header-display":"","site-post-title":"","ast-breadcrumbs-content":"","ast-featured-img":"","footer-sml-layout":"","theme-transparent-header-meta":"default","adv-header-id-meta":"","stick-header-meta":"default","header-above-stick-meta":"","header-main-stick-meta":"","header-below-stick-meta":"","astra-migrate-meta-layouts":"default","ast-page-background-enabled":"default","ast-page-background-meta":{"desktop":{"background-color":"var(--ast-global-color-4)","background-image":"","background-repeat":"repeat","background-position":"center center","background-size":"auto","background-attachment":"scroll","background-type":"","background-media":"","overlay-type":"","overlay-color":"","overlay-opacity":"","overlay-gradient":""},"tablet":{"background-color":"","background-image":"","background-repeat":"repeat","background-position":"center center","background-size":"auto","background-attachment":"scroll","background-type":"","background-media":"","overlay-type":"","overlay-color":"","overlay-opacity":"","overlay-gradient":""},"mobile":{"background-color":"","background-image":"","background-repeat":"repeat","background-position":"center center","background-size":"auto","background-attachment":"scroll","background-type":"","background-media":"","overlay-type":"","overlay-color":"","overlay-opacity":"","overlay-gradient":""}},"ast-content-background-meta":{"desktop":{"background-color":"var(--ast-global-color-5)","background-image":"","background-repeat":"repeat","background-position":"center center","background-size":"auto","background-attachment":"scroll","background-type":"","background-media":"","overlay-type":"","overlay-color":"","overlay-opacity":"","overlay-gradient":""},"tablet":{"background-color":"var(--ast-global-color-5)","background-image":"","background-repeat":"repeat","background-position":"center center","background-size":"auto","background-attachment":"scroll","background-type":"","background-media":"","overlay-type":"","overlay-color":"","overlay-opacity":"","overlay-gradient":""},"mobile":{"background-color":"var(--ast-global-color-5)","background-image":"","background-repeat":"repeat","background-position":"center center","background-size":"auto","background-attachment":"scroll","background-type":"","background-media":"","overlay-type":"","overlay-color":"","overlay-opacity":"","overlay-gradient":""}},"footnotes":""},"categories":[3],"tags":[105],"class_list":["post-4287","post","type-post","status-publish","format-standard","has-post-thumbnail","hentry","category-el-mirador","tag-11-marc-2015"],"_links":{"self":[{"href":"https:\/\/sompirineu.cat\/senderia\/wp-json\/wp\/v2\/posts\/4287","targetHints":{"allow":["GET"]}}],"collection":[{"href":"https:\/\/sompirineu.cat\/senderia\/wp-json\/wp\/v2\/posts"}],"about":[{"href":"https:\/\/sompirineu.cat\/senderia\/wp-json\/wp\/v2\/types\/post"}],"author":[{"embeddable":true,"href":"https:\/\/sompirineu.cat\/senderia\/wp-json\/wp\/v2\/users\/4"}],"replies":[{"embeddable":true,"href":"https:\/\/sompirineu.cat\/senderia\/wp-json\/wp\/v2\/comments?post=4287"}],"version-history":[{"count":1,"href":"https:\/\/sompirineu.cat\/senderia\/wp-json\/wp\/v2\/posts\/4287\/revisions"}],"predecessor-version":[{"id":4288,"href":"https:\/\/sompirineu.cat\/senderia\/wp-json\/wp\/v2\/posts\/4287\/revisions\/4288"}],"wp:featuredmedia":[{"embeddable":true,"href":"https:\/\/sompirineu.cat\/senderia\/wp-json\/wp\/v2\/media\/4289"}],"wp:attachment":[{"href":"https:\/\/sompirineu.cat\/senderia\/wp-json\/wp\/v2\/media?parent=4287"}],"wp:term":[{"taxonomy":"category","embeddable":true,"href":"https:\/\/sompirineu.cat\/senderia\/wp-json\/wp\/v2\/categories?post=4287"},{"taxonomy":"post_tag","embeddable":true,"href":"https:\/\/sompirineu.cat\/senderia\/wp-json\/wp\/v2\/tags?post=4287"}],"curies":[{"name":"wp","href":"https:\/\/api.w.org\/{rel}","templated":true}]}}