{"id":4423,"date":"2021-10-10T08:31:53","date_gmt":"2021-10-10T06:31:53","guid":{"rendered":"https:\/\/sompirineu.cat\/senderia\/?p=4423"},"modified":"2021-10-22T13:06:04","modified_gmt":"2021-10-22T11:06:04","slug":"acces-amb-reserva-als-aparcaments-de-la-pica-destats-primeres-valoracions","status":"publish","type":"post","link":"https:\/\/sompirineu.cat\/senderia\/acces-amb-reserva-als-aparcaments-de-la-pica-destats-primeres-valoracions\/","title":{"rendered":"Acc\u00e9s amb reserva als aparcaments de la Pica d&#8217;Estats: primeres valoracions"},"content":{"rendered":"<p>Aquest estiu, i durant trenta nou dies, el Parc Natural de l&#8217;Alt Pirineu i l&#8217;entitat municipal descentralitzada d&#8217;\u00c0reu han regulat l&#8217;acc\u00e9s als quatre aparcaments que faciliten la pujada a la Pica d&#8217;Estats i a d&#8217;altres indrets propers (<a href=\"https:\/\/www.viurealspirineus.cat\/articulo\/pallars-sobira\/mes-5000-persones-accedeixen-amb-reserva-laparcament-regulat-pica-destats\/20211018172837028840.html\" target=\"_blank\" rel=\"noopener\">clic<\/a>): \u00e9s a dir, calia reservar i pagar la pla\u00e7a pr\u00e8viament a trav\u00e9s d&#8217;una p\u00e0gina web. Finalment, un poc m\u00e9s de 5.000 persones han utilitzat aquest sistema i, pel que sembla, l&#8217;han valorat prou b\u00e9.\u00a0 A m\u00e9s, nom\u00e9s en cinc dels dies s&#8217;ha arribat a la capacitat m\u00e0xima d&#8217;acollida tur\u00edstica (estimada en 198 persones, d&#8217;acord amb un estudi de l&#8217;INEFC Lleida) i la mitjana ha quedat establerta en 136 persones\/dia, bastant per sota, doncs.<\/p>\n<p>La part dolenta de la bona not\u00edcia \u00e9s que s&#8217;ha detectat un augment dels comportaments poc respectuosos amb el medi natural i amb els altres visitants. S\u00f3n els de sempre: gossos sense lligar, aparcament i acampada en llocs no autoritzats, bany als estanys alpins, abandonament de deixalles o mol\u00e8sties als ramats, pr\u00e0ctiques totes elles evidentment no permeses.<\/p>\n<p>Amb l&#8217;aplicaci\u00f3 d&#8217;aquesta mesura s&#8217;han obtingut prop de 12.000 \u20ac, que serviran per millorar els accessos. At\u00e8s que, d&#8217;acord amb un estudi recent, supera el 80 % el nombre de visitants dels parcs naturals que no \u00e9s conscient que la seva conducta pot malmetre la biodiversitat, una altra part de la partida es podria destinar, proposem, a la seva educaci\u00f3, Ara b\u00e9, potser &#8220;<span style=\"color: #808080;\"><em>aix\u00f2 no t\u00e9 arreglo<\/em><\/span>&#8220;, que diria la padrina&#8230;<\/p>\n","protected":false},"excerpt":{"rendered":"<p>Aquest estiu, i durant trenta nou dies, el Parc Natural de l&#8217;Alt Pirineu i l&#8217;entitat [&hellip;]<\/p>\n","protected":false},"author":3,"featured_media":4426,"comment_status":"closed","ping_status":"closed","sticky":false,"template":"","format":"standard","meta":{"site-sidebar-layout":"default","site-content-layout":"default","ast-site-content-layout":"","site-content-style":"default","site-sidebar-style":"default","ast-global-header-display":"","ast-banner-title-visibility":"","ast-main-header-display":"","ast-hfb-above-header-display":"","ast-hfb-below-header-display":"","ast-hfb-mobile-header-display":"","site-post-title":"","ast-breadcrumbs-content":"","ast-featured-img":"","footer-sml-layout":"","theme-transparent-header-meta":"default","adv-header-id-meta":"","stick-header-meta":"default","header-above-stick-meta":"","header-main-stick-meta":"","header-below-stick-meta":"","astra-migrate-meta-layouts":"default","ast-page-background-enabled":"default","ast-page-background-meta":{"desktop":{"background-color":"var(--ast-global-color-4)","background-image":"","background-repeat":"repeat","background-position":"center center","background-size":"auto","background-attachment":"scroll","background-type":"","background-media":"","overlay-type":"","overlay-color":"","overlay-opacity":"","overlay-gradient":""},"tablet":{"background-color":"","background-image":"","background-repeat":"repeat","background-position":"center center","background-size":"auto","background-attachment":"scroll","background-type":"","background-media":"","overlay-type":"","overlay-color":"","overlay-opacity":"","overlay-gradient":""},"mobile":{"background-color":"","background-image":"","background-repeat":"repeat","background-position":"center center","background-size":"auto","background-attachment":"scroll","background-type":"","background-media":"","overlay-type":"","overlay-color":"","overlay-opacity":"","overlay-gradient":""}},"ast-content-background-meta":{"desktop":{"background-color":"var(--ast-global-color-5)","background-image":"","background-repeat":"repeat","background-position":"center center","background-size":"auto","background-attachment":"scroll","background-type":"","background-media":"","overlay-type":"","overlay-color":"","overlay-opacity":"","overlay-gradient":""},"tablet":{"background-color":"var(--ast-global-color-5)","background-image":"","background-repeat":"repeat","background-position":"center center","background-size":"auto","background-attachment":"scroll","background-type":"","background-media":"","overlay-type":"","overlay-color":"","overlay-opacity":"","overlay-gradient":""},"mobile":{"background-color":"var(--ast-global-color-5)","background-image":"","background-repeat":"repeat","background-position":"center center","background-size":"auto","background-attachment":"scroll","background-type":"","background-media":"","overlay-type":"","overlay-color":"","overlay-opacity":"","overlay-gradient":""}},"footnotes":""},"categories":[7],"tags":[95],"class_list":["post-4423","post","type-post","status-publish","format-standard","has-post-thumbnail","hentry","category-noticies","tag-83-octubre-2021"],"_links":{"self":[{"href":"https:\/\/sompirineu.cat\/senderia\/wp-json\/wp\/v2\/posts\/4423","targetHints":{"allow":["GET"]}}],"collection":[{"href":"https:\/\/sompirineu.cat\/senderia\/wp-json\/wp\/v2\/posts"}],"about":[{"href":"https:\/\/sompirineu.cat\/senderia\/wp-json\/wp\/v2\/types\/post"}],"author":[{"embeddable":true,"href":"https:\/\/sompirineu.cat\/senderia\/wp-json\/wp\/v2\/users\/3"}],"replies":[{"embeddable":true,"href":"https:\/\/sompirineu.cat\/senderia\/wp-json\/wp\/v2\/comments?post=4423"}],"version-history":[{"count":2,"href":"https:\/\/sompirineu.cat\/senderia\/wp-json\/wp\/v2\/posts\/4423\/revisions"}],"predecessor-version":[{"id":4425,"href":"https:\/\/sompirineu.cat\/senderia\/wp-json\/wp\/v2\/posts\/4423\/revisions\/4425"}],"wp:featuredmedia":[{"embeddable":true,"href":"https:\/\/sompirineu.cat\/senderia\/wp-json\/wp\/v2\/media\/4426"}],"wp:attachment":[{"href":"https:\/\/sompirineu.cat\/senderia\/wp-json\/wp\/v2\/media?parent=4423"}],"wp:term":[{"taxonomy":"category","embeddable":true,"href":"https:\/\/sompirineu.cat\/senderia\/wp-json\/wp\/v2\/categories?post=4423"},{"taxonomy":"post_tag","embeddable":true,"href":"https:\/\/sompirineu.cat\/senderia\/wp-json\/wp\/v2\/tags?post=4423"}],"curies":[{"name":"wp","href":"https:\/\/api.w.org\/{rel}","templated":true}]}}