{"id":4463,"date":"2021-11-10T08:16:10","date_gmt":"2021-11-10T07:16:10","guid":{"rendered":"https:\/\/sompirineu.cat\/senderia\/?p=4463"},"modified":"2021-11-19T11:32:29","modified_gmt":"2021-11-19T10:32:29","slug":"oscar-aleman-el-cami-aeri-del-sender-de-la-creu","status":"publish","type":"post","link":"https:\/\/sompirineu.cat\/senderia\/oscar-aleman-el-cami-aeri-del-sender-de-la-creu\/","title":{"rendered":"\u00d2scar Alem\u00e1n &#8211; El cam\u00ed aeri del sender de la Creu"},"content":{"rendered":"<p>S\u00f3n molts els llocs de la serralada pirinenca que considero imprescindibles per a tots aquells que gaudeixen cal\u00e7ant-se unes botes i desgastant la sola. El ventall de possibilitats \u00e9s molt ampli i cada rang altitudinal t\u00e9 el seu al\u00b7licient. En aquesta ocasi\u00f3, per aix\u00f2, he escollit una ruta que discorre per cotes mitjanes, pels vols dels mil cinc-cents metres, en un espai ideal per observar les fortes relacions que la societat t\u00e9 amb la natura. I \u00e9s que aquest recorregut proposa un viatge vertigin\u00f3s per terres ribagor\u00e7anes tot descobrint elements geomorfol\u00f2gics molt rellevants, al mateix temps que un ric patrimoni industrial que no em canso mai de visitar, i mostrar.<\/p>\n<p>El Sender de la Creu \u00e9s un curt recorregut circular, per\u00f2 molt espectacular, que en gran part segueix un est\u00e8tic cam\u00ed tallat a la roca per sota del qual hi circula un canal de derivaci\u00f3 constru\u00eft a mitjans del segle XX per la desapareguda companyia hidroel\u00e8ctrica ENHER (Empresa Nacional Hidroel\u00e9ctrica del Ribagorzana), que enguany compleix setanta cinc anys de la seva fundaci\u00f3. De fet, s\u00f3n dos canals que convergeixen a la cambra de c\u00e0rrega de la central hidroel\u00e8ctrica de Senet, que, val a dir, es va inaugurar el 1951, convertint-se aix\u00ed en la primera que va posar en funcionament l&#8217;ENHER. D&#8217;una banda, un dels canals porta aigua de la Noguera Ribagor\u00e7ana, donant aix\u00ed tamb\u00e9 continu\u00eftat a l&#8217;aigua turbinada per la ve\u00efna central de Moralets, i, de l&#8217;altra, un altre canal condueix les aig\u00fces del barranc de Llauset des de l&#8217;assut de Morell\u00f3 fins a la cambra, i el consecutiu &#8220;Salto&#8221; de Senet que espetega a la central.<\/p>\n<p>Aquest ja hist\u00f2ric cam\u00ed circula per una paret d&#8217;uns dos-cents metres d&#8217;altura a la riba dreta de la Noguera Ribagor\u00e7ana, fet que li atorga unes magn\u00edfiques vistes de la vall de Barrav\u00e9s, una vall compartida entre Arag\u00f3 i Catalunya. \u00a0El punt de partida \u00e9s el poble d&#8217;Aneto, al terme municipal de Montanui, en territori aragon\u00e8s. Tanmateix, a cops, les l\u00ednies el\u00e8ctriques existents perjudiquen\u00a0 tal exuberant paisatge, per\u00f2 alhora tamb\u00e9 expliquen la import\u00e0ncia dels Pirineus en el desenvolupament industrial del pa\u00eds: i \u00e9s que aquest indret es pot considerar clarament patrimoni hidroel\u00e8ctric, amb el valor afegit de qu\u00e8 es pot gaudir practicant senderisme en una magn\u00edfica excursi\u00f3 circular.<\/p>\n<p>Aix\u00ed mateix, canviant la mirada, el paisatge que veiem aqu\u00ed \u00e9s enorme, ja que, al cap i a la fi, ens trobem al Pirineu axial, molt a prop de &#8220;gegants&#8221; de tres mil metres com el pic de Vallhiverna o el tuc de Moli\u00e8res, all\u00ed on neixen les aig\u00fces que per aqu\u00ed hi circulen i punt d&#8217;inici de les grans glaceres pleistocenes que van esculpir aquestes roques durant l&#8217;\u00faltima glaciaci\u00f3. Val a dir, que el m\u00e0xim glacial de la glaciaci\u00f3 del W\u00fcrm en aquesta zona es considera que es va produir fa uns 40.000 anys, generant-se gruixos de gel de m\u00e9s de cinc cents metres a la cubeta de sobre excavaci\u00f3 de Bono, al peu de mont del vessant per on transcorre aquest itinerari i que va albergar en la fase de retirada de les glaceres un important estany proglacial, avui en dia reblert de sediments. Per tant, els vestigis del modelatge glacial s\u00f3n omnipresents en aquesta ruta, als quals podem afegir la forma de &#8220;U&#8221; de la vall, aix\u00ed com l&#8217;evident relleu esglaonat i l&#8217;elevada pres\u00e8ncia d&#8217;escarpaments en els flancs.<\/p>\n<p>Finalment, per gaudir d&#8217;aquest itinerari extraordinari haureu d&#8217;invertir un mat\u00ed o a una tarda agradable de bon temps i no patir vertigen, tot i que el tram m\u00e9s aeri est\u00e0 protegit per una barana. En conjunt, podem dir que es tracta d&#8217;un sender de bon caminar, ben senyalitzat i amb molts al\u00b7licients per sorprendre als m\u00e9s exigents.<\/p>\n<p><img decoding=\"async\" class=\"alignnone wp-image-4467\" src=\"https:\/\/sompirineu.cat\/senderia\/wp-content\/uploads\/2021\/11\/OA_2_Caminada-300x225.png\" alt=\"\" width=\"234\" height=\"175\" srcset=\"https:\/\/sompirineu.cat\/senderia\/wp-content\/uploads\/2021\/11\/OA_2_Caminada-300x225.png 300w, https:\/\/sompirineu.cat\/senderia\/wp-content\/uploads\/2021\/11\/OA_2_Caminada-1024x768.png 1024w, https:\/\/sompirineu.cat\/senderia\/wp-content\/uploads\/2021\/11\/OA_2_Caminada-768x576.png 768w, https:\/\/sompirineu.cat\/senderia\/wp-content\/uploads\/2021\/11\/OA_2_Caminada.png 1246w\" sizes=\"(max-width: 234px) 100vw, 234px\" \/> <img decoding=\"async\" class=\"alignnone wp-image-4468\" src=\"https:\/\/sompirineu.cat\/senderia\/wp-content\/uploads\/2021\/11\/OA_3_Caminada-300x200.jpg\" alt=\"\" width=\"254\" height=\"169\" srcset=\"https:\/\/sompirineu.cat\/senderia\/wp-content\/uploads\/2021\/11\/OA_3_Caminada-300x200.jpg 300w, https:\/\/sompirineu.cat\/senderia\/wp-content\/uploads\/2021\/11\/OA_3_Caminada-1024x682.jpg 1024w, https:\/\/sompirineu.cat\/senderia\/wp-content\/uploads\/2021\/11\/OA_3_Caminada-768x511.jpg 768w, https:\/\/sompirineu.cat\/senderia\/wp-content\/uploads\/2021\/11\/OA_3_Caminada.jpg 1299w\" sizes=\"(max-width: 254px) 100vw, 254px\" \/><\/p>\n<p><strong>Descripci<\/strong><strong>\u00f3<\/strong><strong> de l&#8217;itinerari<\/strong><\/p>\n<p>El punt de partida \u00e9s la pla\u00e7a del poble de l&#8217;Aneto, al costat de l&#8217;esgl\u00e9sia, per tot seguit pujar pel carrer on es troba el centre d&#8217;interpretaci\u00f3 del Parc Natural Posets \u2013 Maladeta, fins al restaurant Nestui, on s&#8217;empla\u00e7a el panell informatiu de l&#8217;inici del Sender de la Creu (S-12). El cam\u00ed comen\u00e7a cap a l&#8217;esquerra amb un suau pendent entre parets de pedra seca i un bonic passad\u00eds de boixos. \u00a0Aviat, trobarem una s\u00e8rie de pilarets amb diferents sants amb els que cada 17 de gener, per Sant Antoni, la gent del poble hi passa en romeria. Aix\u00ed mateix, les vistes s\u00f3n \u00e0mplies: mirant cap al nord es poden veure els cims del tuc de la Contesa de 2.778m i el Tossal d&#8217;Escobedieso de 2.764m. Tamb\u00e9, a l&#8217;altre costat de la vall, s&#8217;endevina el poble de Senet i la seva famosa Esbornada, un enorme despreniment de materials mor\u00e8nics de l&#8217;antiga glacera pleistocena que va des del pla de l&#8217;Artigalonga, i pel barranc de Runada, fins a la conflu\u00e8ncia amb el riu de la Noguera Ribagor\u00e7ana.<\/p>\n<p>Una mica m\u00e9s endavant, despr\u00e9s d&#8217;un giravolt, s&#8217;obre la vall cap al sud, cap als extrems de la vall de Barrav\u00e9s, divisant-se, fins i tot, la Serra de Sis. En aquest punt, situat m\u00e9s de dos cent metres de desnivell per sobre del fons de vall, les vistes s\u00f3n magn\u00edfiques i \u00e9s, conseq\u00fcentment, un mirador excepcional del relleu glacial, amb la cubeta de Bono en primer terme, que, a m\u00e9s, disposa d&#8217;un bon panell explicatiu. D&#8217;altra banda, a partir d&#8217;aqu\u00ed el cam\u00ed guanya en inclinaci\u00f3 fins a trobar la pista asfaltada de\u00a0 l&#8217;embassament de Llauset, des d&#8217;on, despr\u00e9s d&#8217;una hora de caminar contemplativament, ja es pot veure el profund barranc de Llauset.<\/p>\n<p>Tot seguit, un senyal indica que l&#8217;itinerari segueix a l&#8217;esquerra en fort descens cap al barranc fins a l&#8217;assut de Morell\u00f3, una petita presa de la qual surt el canal de derivaci\u00f3 que va cap a la cambra de c\u00e0rrega de la central hidroel\u00e8ctrica de Senet. Aix\u00ed doncs, durant els seg\u00fcents 15 minuts, el cam\u00ed transcorre per un bell bosc de freixes, faigs, avellaners i alguns avets, fins arribar al canal i a la presa, punt mig de la nostra excursi\u00f3.<\/p>\n<p>A partir d&#8217;aqu\u00ed, en suau pendent, les obres hidroel\u00e8ctriques seran una constant, aix\u00ed com l&#8217;espectacularitat i certa exposici\u00f3 del cam\u00ed. De fet, una s\u00e8rie de cartells alerten del perill de caiguda de pedres i del risc de relliscada, per la qual cosa s&#8217;ha d&#8217;evitar fer aquesta ruta amb neu o pluja. R\u00e0pidament arriba la primera curiositat, un t\u00fanel perforat a la roca d&#8217;uns quaranta metres de longitud que dona pas a un cam\u00ed tallat amb baranes que protegeixen de caure al profund congost. A partir d&#8217;ara, i en tot moment, els nostres passos se succeiran a sobre del canal soterrat com una canonada gegant, que de tant en tant surt a la superf\u00edcie. D&#8217;altra banda, conforme avancem, les vistes s&#8217;engrandeixen amb la pres\u00e8ncia de la vall principal de la Noguera Ribagor\u00e7ana en detriment de l&#8217;encaixonat barranc de Llauset i, al mateix temps, el cam\u00ed es va tornant m\u00e9s aeri.<\/p>\n<p>Finalment, despr\u00e9s de mitja hora de caminar entre parets, arribem a la cambra de c\u00e0rrega i al tub que baixa bruscament cap a la central del Senet, fet que no \u00e9s d&#8217;estranyar que coincideixi amb el punt de major verticalitat i desnivell de tot el recorregut. \u00c9s important destacar que cal creuar les instal\u00b7lacions amb respecte i cura, tal com s&#8217;adverteix a l&#8217;entrada. Despr\u00e9s, reprendrem el tram final del sender, de nou per sobre d&#8217;un canal, per\u00f2 ara aquest porta les aig\u00fces de la Noguera Ribagor\u00e7ana. Noteu tamb\u00e9, que mentre caminem per sobre dels canals el pendent \u00e9s molt suau fins arribar sota del poble d&#8217;Aneto, punt en el qual, ara s\u00ed, ens veurem obligats a pujar uns pocs m\u00e9s de quaranta metres de desnivell per tornar al punt de partida.<\/p>\n<p>(Fotos: \u00d2scar Alem\u00e1n)<\/p>\n","protected":false},"excerpt":{"rendered":"<p>S\u00f3n molts els llocs de la serralada pirinenca que considero imprescindibles per a tots aquells [&hellip;]<\/p>\n","protected":false},"author":3,"featured_media":4466,"comment_status":"closed","ping_status":"closed","sticky":false,"template":"","format":"standard","meta":{"site-sidebar-layout":"default","site-content-layout":"default","ast-site-content-layout":"","site-content-style":"default","site-sidebar-style":"default","ast-global-header-display":"","ast-banner-title-visibility":"","ast-main-header-display":"","ast-hfb-above-header-display":"","ast-hfb-below-header-display":"","ast-hfb-mobile-header-display":"","site-post-title":"","ast-breadcrumbs-content":"","ast-featured-img":"","footer-sml-layout":"","theme-transparent-header-meta":"default","adv-header-id-meta":"","stick-header-meta":"default","header-above-stick-meta":"","header-main-stick-meta":"","header-below-stick-meta":"","astra-migrate-meta-layouts":"default","ast-page-background-enabled":"default","ast-page-background-meta":{"desktop":{"background-color":"var(--ast-global-color-4)","background-image":"","background-repeat":"repeat","background-position":"center center","background-size":"auto","background-attachment":"scroll","background-type":"","background-media":"","overlay-type":"","overlay-color":"","overlay-opacity":"","overlay-gradient":""},"tablet":{"background-color":"","background-image":"","background-repeat":"repeat","background-position":"center center","background-size":"auto","background-attachment":"scroll","background-type":"","background-media":"","overlay-type":"","overlay-color":"","overlay-opacity":"","overlay-gradient":""},"mobile":{"background-color":"","background-image":"","background-repeat":"repeat","background-position":"center center","background-size":"auto","background-attachment":"scroll","background-type":"","background-media":"","overlay-type":"","overlay-color":"","overlay-opacity":"","overlay-gradient":""}},"ast-content-background-meta":{"desktop":{"background-color":"var(--ast-global-color-5)","background-image":"","background-repeat":"repeat","background-position":"center center","background-size":"auto","background-attachment":"scroll","background-type":"","background-media":"","overlay-type":"","overlay-color":"","overlay-opacity":"","overlay-gradient":""},"tablet":{"background-color":"var(--ast-global-color-5)","background-image":"","background-repeat":"repeat","background-position":"center center","background-size":"auto","background-attachment":"scroll","background-type":"","background-media":"","overlay-type":"","overlay-color":"","overlay-opacity":"","overlay-gradient":""},"mobile":{"background-color":"var(--ast-global-color-5)","background-image":"","background-repeat":"repeat","background-position":"center center","background-size":"auto","background-attachment":"scroll","background-type":"","background-media":"","overlay-type":"","overlay-color":"","overlay-opacity":"","overlay-gradient":""}},"footnotes":""},"categories":[6],"tags":[112],"class_list":["post-4463","post","type-post","status-publish","format-standard","has-post-thumbnail","hentry","category-una-caminada-amb","tag-84-novembre-2021"],"_links":{"self":[{"href":"https:\/\/sompirineu.cat\/senderia\/wp-json\/wp\/v2\/posts\/4463","targetHints":{"allow":["GET"]}}],"collection":[{"href":"https:\/\/sompirineu.cat\/senderia\/wp-json\/wp\/v2\/posts"}],"about":[{"href":"https:\/\/sompirineu.cat\/senderia\/wp-json\/wp\/v2\/types\/post"}],"author":[{"embeddable":true,"href":"https:\/\/sompirineu.cat\/senderia\/wp-json\/wp\/v2\/users\/3"}],"replies":[{"embeddable":true,"href":"https:\/\/sompirineu.cat\/senderia\/wp-json\/wp\/v2\/comments?post=4463"}],"version-history":[{"count":3,"href":"https:\/\/sompirineu.cat\/senderia\/wp-json\/wp\/v2\/posts\/4463\/revisions"}],"predecessor-version":[{"id":4471,"href":"https:\/\/sompirineu.cat\/senderia\/wp-json\/wp\/v2\/posts\/4463\/revisions\/4471"}],"wp:featuredmedia":[{"embeddable":true,"href":"https:\/\/sompirineu.cat\/senderia\/wp-json\/wp\/v2\/media\/4466"}],"wp:attachment":[{"href":"https:\/\/sompirineu.cat\/senderia\/wp-json\/wp\/v2\/media?parent=4463"}],"wp:term":[{"taxonomy":"category","embeddable":true,"href":"https:\/\/sompirineu.cat\/senderia\/wp-json\/wp\/v2\/categories?post=4463"},{"taxonomy":"post_tag","embeddable":true,"href":"https:\/\/sompirineu.cat\/senderia\/wp-json\/wp\/v2\/tags?post=4463"}],"curies":[{"name":"wp","href":"https:\/\/api.w.org\/{rel}","templated":true}]}}