{"id":4477,"date":"2021-11-10T18:30:04","date_gmt":"2021-11-10T17:30:04","guid":{"rendered":"https:\/\/sompirineu.cat\/senderia\/?p=4477"},"modified":"2021-11-19T11:25:18","modified_gmt":"2021-11-19T10:25:18","slug":"i-una-altra-exposicio-mapes-i-literatura","status":"publish","type":"post","link":"https:\/\/sompirineu.cat\/senderia\/i-una-altra-exposicio-mapes-i-literatura\/","title":{"rendered":"I una altra exposici\u00f3: mapes i literatura"},"content":{"rendered":"<p>Tot i que no hi ha publicat (creiem) cap mapa de l&#8217;editorial Alpina que ens pugui guiar fins a la porta, no ens ser\u00e0 dif\u00edcil arribar a la biblioteca Jaume Fuster, a la pla\u00e7a Lesseps de Barcelona. All\u00e0 ens espera, fins el 18 de gener de 2022, una exposici\u00f3 que fa molt bona pinta. Es diu aix\u00ed: <strong>ALPINA. Mapes. Literatura. Paisatge<\/strong>.<\/p>\n<p>Segurament amb el t\u00edtol n&#8217;hi ha prou per atraure bona part d&#8217;aquells que hem caminat i crescut amb l&#8217;editorial de Granollers (que va complir 75 anys el passat mes de febrer)\u00a0 i no calgui afegir res m\u00e9s. Per\u00f2 no ens resistim a reproduir uns par\u00e0grafs del text de presentaci\u00f3 i que la fan\u00a0encara m\u00e9s llaminera: <span style=\"color: #999999;\"><em style=\"color: #999999;\">Aquesta exposici\u00f3, i el llibre que l\u2019acompanya, examina com ha canviat la manera de fer els mapes i en subratlla la dimensi\u00f3 cultural, amb vint-i-cinc recorreguts que combinen textos dels cl\u00e0ssics catalans amb els mapes Alpina<\/em> <\/span><span style=\"color: #000000;\"><span style=\"color: #999999;\"><em>(&#8230;): un text de Josep Pla sobre els incendis forestals amb un mapa de Calonge; el fragment on Salvador Dal\u00ed explica que marxa de Cadaqu\u00e9s desheretat pel pare i un mapa del Cap de Creus&#8230;<\/em><\/span><\/span><\/p>\n<p><span style=\"color: #000000;\">Ah, i l&#8217;escriptor Juli\u00e0 Guillamon s&#8217;ha encarregat de la tria, que -diuen- trenca tots els esquemes.\u00a0<\/span><\/p>\n","protected":false},"excerpt":{"rendered":"<p>Tot i que no hi ha publicat (creiem) cap mapa de l&#8217;editorial Alpina que ens [&hellip;]<\/p>\n","protected":false},"author":3,"featured_media":4479,"comment_status":"closed","ping_status":"closed","sticky":false,"template":"","format":"standard","meta":{"site-sidebar-layout":"default","site-content-layout":"default","ast-site-content-layout":"","site-content-style":"default","site-sidebar-style":"default","ast-global-header-display":"","ast-banner-title-visibility":"","ast-main-header-display":"","ast-hfb-above-header-display":"","ast-hfb-below-header-display":"","ast-hfb-mobile-header-display":"","site-post-title":"","ast-breadcrumbs-content":"","ast-featured-img":"","footer-sml-layout":"","theme-transparent-header-meta":"default","adv-header-id-meta":"","stick-header-meta":"default","header-above-stick-meta":"","header-main-stick-meta":"","header-below-stick-meta":"","astra-migrate-meta-layouts":"default","ast-page-background-enabled":"default","ast-page-background-meta":{"desktop":{"background-color":"var(--ast-global-color-4)","background-image":"","background-repeat":"repeat","background-position":"center center","background-size":"auto","background-attachment":"scroll","background-type":"","background-media":"","overlay-type":"","overlay-color":"","overlay-opacity":"","overlay-gradient":""},"tablet":{"background-color":"","background-image":"","background-repeat":"repeat","background-position":"center center","background-size":"auto","background-attachment":"scroll","background-type":"","background-media":"","overlay-type":"","overlay-color":"","overlay-opacity":"","overlay-gradient":""},"mobile":{"background-color":"","background-image":"","background-repeat":"repeat","background-position":"center center","background-size":"auto","background-attachment":"scroll","background-type":"","background-media":"","overlay-type":"","overlay-color":"","overlay-opacity":"","overlay-gradient":""}},"ast-content-background-meta":{"desktop":{"background-color":"var(--ast-global-color-5)","background-image":"","background-repeat":"repeat","background-position":"center center","background-size":"auto","background-attachment":"scroll","background-type":"","background-media":"","overlay-type":"","overlay-color":"","overlay-opacity":"","overlay-gradient":""},"tablet":{"background-color":"var(--ast-global-color-5)","background-image":"","background-repeat":"repeat","background-position":"center center","background-size":"auto","background-attachment":"scroll","background-type":"","background-media":"","overlay-type":"","overlay-color":"","overlay-opacity":"","overlay-gradient":""},"mobile":{"background-color":"var(--ast-global-color-5)","background-image":"","background-repeat":"repeat","background-position":"center center","background-size":"auto","background-attachment":"scroll","background-type":"","background-media":"","overlay-type":"","overlay-color":"","overlay-opacity":"","overlay-gradient":""}},"footnotes":""},"categories":[7],"tags":[112],"class_list":["post-4477","post","type-post","status-publish","format-standard","has-post-thumbnail","hentry","category-noticies","tag-84-novembre-2021"],"_links":{"self":[{"href":"https:\/\/sompirineu.cat\/senderia\/wp-json\/wp\/v2\/posts\/4477","targetHints":{"allow":["GET"]}}],"collection":[{"href":"https:\/\/sompirineu.cat\/senderia\/wp-json\/wp\/v2\/posts"}],"about":[{"href":"https:\/\/sompirineu.cat\/senderia\/wp-json\/wp\/v2\/types\/post"}],"author":[{"embeddable":true,"href":"https:\/\/sompirineu.cat\/senderia\/wp-json\/wp\/v2\/users\/3"}],"replies":[{"embeddable":true,"href":"https:\/\/sompirineu.cat\/senderia\/wp-json\/wp\/v2\/comments?post=4477"}],"version-history":[{"count":3,"href":"https:\/\/sompirineu.cat\/senderia\/wp-json\/wp\/v2\/posts\/4477\/revisions"}],"predecessor-version":[{"id":4481,"href":"https:\/\/sompirineu.cat\/senderia\/wp-json\/wp\/v2\/posts\/4477\/revisions\/4481"}],"wp:featuredmedia":[{"embeddable":true,"href":"https:\/\/sompirineu.cat\/senderia\/wp-json\/wp\/v2\/media\/4479"}],"wp:attachment":[{"href":"https:\/\/sompirineu.cat\/senderia\/wp-json\/wp\/v2\/media?parent=4477"}],"wp:term":[{"taxonomy":"category","embeddable":true,"href":"https:\/\/sompirineu.cat\/senderia\/wp-json\/wp\/v2\/categories?post=4477"},{"taxonomy":"post_tag","embeddable":true,"href":"https:\/\/sompirineu.cat\/senderia\/wp-json\/wp\/v2\/tags?post=4477"}],"curies":[{"name":"wp","href":"https:\/\/api.w.org\/{rel}","templated":true}]}}