{"id":4534,"date":"2021-12-15T10:00:44","date_gmt":"2021-12-15T09:00:44","guid":{"rendered":"https:\/\/sompirineu.cat\/senderia\/?p=4534"},"modified":"2021-12-22T06:07:54","modified_gmt":"2021-12-22T05:07:54","slug":"els-festivals-de-senderisme-dels-pirineus-intercanvien-experiencies","status":"publish","type":"post","link":"https:\/\/sompirineu.cat\/senderia\/els-festivals-de-senderisme-dels-pirineus-intercanvien-experiencies\/","title":{"rendered":"Els Festivals de Senderisme dels Pirineus intercanvien experi\u00e8ncies"},"content":{"rendered":"<p>Enguany s&#8217;ha celebrat la sisena edici\u00f3 dels Festivals de Senderisme dels Pirineus amb resultats molt satisfactoris, segons es despr\u00e8n de l&#8217;habitual sessi\u00f3 de balan\u00e7 anual (<a href=\"https:\/\/www.sompirineu.cat\/els-festivals-de-senderisme-dels-pirineus-tornen-a-superar-els-2-000-visitants-en-ledicio-2021\/\" target=\"_blank\" rel=\"noopener\">clic<\/a>): els tretze esdeveniments han cobert totes i cadascuna de les 11 comarques que configuren la marca Pirineus, han acollit m\u00e9s de 2.000 visitants i moltes activitats han obtingut la plena ocupaci\u00f3. Recordem que incrementar aquestes xifres no \u00e9s, per\u00f2, l&#8217;objectiu principal dels organitzadors, que estableixen unes r\u00e0tios visitants\/guia redu\u00efdes per, sobretot, millorar la qualitat de la caminada i dels guiatges.<\/p>\n<p>Fet el balan\u00e7, i sota l&#8217;organitzaci\u00f3 i coordinaci\u00f3 de la Taula de Camins de l&#8217;Alt Pirineu i Aran i la cooperativa lusitana QRER, s&#8217;ha celebrat, el 14 de desembre, la jornada t\u00e8cnica <em><strong>Intercanvi d\u2019experi\u00e8ncies i bones pr\u00e0ctiques entre organitzadors de festivals de senderisme. Algarve Walking Season (Portugal) i Festival de Senderisme dels Pirineus (Catalunya) <\/strong><\/em>per con\u00e8ixer els diferents models, prendre nota dels aspectes que poden comportar millores en la gesti\u00f3 i desplegament dels respectius esdeveniments i explorar f\u00f3rmules de col\u00b7laboraci\u00f3 futura. La sessi\u00f3 va aplegar una vintena de participants i podeu escoltar-la <a href=\"https:\/\/drive.google.com\/file\/d\/1C7VxJViu7YPPphiAAB5wJ0IFbp0S4emi\/view\" target=\"_blank\" rel=\"noopener\">aqu\u00ed<\/a>.<\/p>\n","protected":false},"excerpt":{"rendered":"<p>Enguany s&#8217;ha celebrat la sisena edici\u00f3 dels Festivals de Senderisme dels Pirineus amb resultats molt [&hellip;]<\/p>\n","protected":false},"author":3,"featured_media":4536,"comment_status":"closed","ping_status":"closed","sticky":false,"template":"","format":"standard","meta":{"site-sidebar-layout":"default","site-content-layout":"default","ast-site-content-layout":"","site-content-style":"default","site-sidebar-style":"default","ast-global-header-display":"","ast-banner-title-visibility":"","ast-main-header-display":"","ast-hfb-above-header-display":"","ast-hfb-below-header-display":"","ast-hfb-mobile-header-display":"","site-post-title":"","ast-breadcrumbs-content":"","ast-featured-img":"","footer-sml-layout":"","theme-transparent-header-meta":"default","adv-header-id-meta":"","stick-header-meta":"default","header-above-stick-meta":"","header-main-stick-meta":"","header-below-stick-meta":"","astra-migrate-meta-layouts":"default","ast-page-background-enabled":"default","ast-page-background-meta":{"desktop":{"background-color":"var(--ast-global-color-4)","background-image":"","background-repeat":"repeat","background-position":"center center","background-size":"auto","background-attachment":"scroll","background-type":"","background-media":"","overlay-type":"","overlay-color":"","overlay-opacity":"","overlay-gradient":""},"tablet":{"background-color":"","background-image":"","background-repeat":"repeat","background-position":"center center","background-size":"auto","background-attachment":"scroll","background-type":"","background-media":"","overlay-type":"","overlay-color":"","overlay-opacity":"","overlay-gradient":""},"mobile":{"background-color":"","background-image":"","background-repeat":"repeat","background-position":"center center","background-size":"auto","background-attachment":"scroll","background-type":"","background-media":"","overlay-type":"","overlay-color":"","overlay-opacity":"","overlay-gradient":""}},"ast-content-background-meta":{"desktop":{"background-color":"var(--ast-global-color-5)","background-image":"","background-repeat":"repeat","background-position":"center center","background-size":"auto","background-attachment":"scroll","background-type":"","background-media":"","overlay-type":"","overlay-color":"","overlay-opacity":"","overlay-gradient":""},"tablet":{"background-color":"var(--ast-global-color-5)","background-image":"","background-repeat":"repeat","background-position":"center center","background-size":"auto","background-attachment":"scroll","background-type":"","background-media":"","overlay-type":"","overlay-color":"","overlay-opacity":"","overlay-gradient":""},"mobile":{"background-color":"var(--ast-global-color-5)","background-image":"","background-repeat":"repeat","background-position":"center center","background-size":"auto","background-attachment":"scroll","background-type":"","background-media":"","overlay-type":"","overlay-color":"","overlay-opacity":"","overlay-gradient":""}},"footnotes":""},"categories":[7],"tags":[114],"class_list":["post-4534","post","type-post","status-publish","format-standard","has-post-thumbnail","hentry","category-noticies","tag-85-desembre-2021"],"_links":{"self":[{"href":"https:\/\/sompirineu.cat\/senderia\/wp-json\/wp\/v2\/posts\/4534","targetHints":{"allow":["GET"]}}],"collection":[{"href":"https:\/\/sompirineu.cat\/senderia\/wp-json\/wp\/v2\/posts"}],"about":[{"href":"https:\/\/sompirineu.cat\/senderia\/wp-json\/wp\/v2\/types\/post"}],"author":[{"embeddable":true,"href":"https:\/\/sompirineu.cat\/senderia\/wp-json\/wp\/v2\/users\/3"}],"replies":[{"embeddable":true,"href":"https:\/\/sompirineu.cat\/senderia\/wp-json\/wp\/v2\/comments?post=4534"}],"version-history":[{"count":4,"href":"https:\/\/sompirineu.cat\/senderia\/wp-json\/wp\/v2\/posts\/4534\/revisions"}],"predecessor-version":[{"id":4539,"href":"https:\/\/sompirineu.cat\/senderia\/wp-json\/wp\/v2\/posts\/4534\/revisions\/4539"}],"wp:featuredmedia":[{"embeddable":true,"href":"https:\/\/sompirineu.cat\/senderia\/wp-json\/wp\/v2\/media\/4536"}],"wp:attachment":[{"href":"https:\/\/sompirineu.cat\/senderia\/wp-json\/wp\/v2\/media?parent=4534"}],"wp:term":[{"taxonomy":"category","embeddable":true,"href":"https:\/\/sompirineu.cat\/senderia\/wp-json\/wp\/v2\/categories?post=4534"},{"taxonomy":"post_tag","embeddable":true,"href":"https:\/\/sompirineu.cat\/senderia\/wp-json\/wp\/v2\/tags?post=4534"}],"curies":[{"name":"wp","href":"https:\/\/api.w.org\/{rel}","templated":true}]}}