{"id":4540,"date":"2021-12-15T11:00:53","date_gmt":"2021-12-15T10:00:53","guid":{"rendered":"https:\/\/sompirineu.cat\/senderia\/?p=4540"},"modified":"2021-12-22T06:07:54","modified_gmt":"2021-12-22T05:07:54","slug":"un-passeig-connectara-els-nuclis-de-larbocar-a-avinyonet-del-penedes","status":"publish","type":"post","link":"https:\/\/sompirineu.cat\/senderia\/un-passeig-connectara-els-nuclis-de-larbocar-a-avinyonet-del-penedes\/","title":{"rendered":"Un passeig connectar\u00e0 els nuclis de l&#8217;Arbo\u00e7ar a Avinyonet del Pened\u00e8s"},"content":{"rendered":"<p>Cert que el t\u00edtol de la not\u00edcia no dona massa pistes. Potser el subt\u00edtol despertar\u00e0 l&#8217;inter\u00e8s: &#8220;<em><span style=\"color: #999999;\">Es recupera aix\u00ed un tram de l&#8217;antic cam\u00ed de transhum\u00e0ncia entre la Cerdanya i el Pened\u00e8s<\/span>&#8220;.\u00a0<\/em>Ep, i si llegim una mica en diagonal? L&#8217;Incas\u00f2l&#8230;132.000 \u20ac&#8230; l&#8217;Arbo\u00e7ar de Dalt i l&#8217;Arbo\u00e7ar de les Roques&#8230; Ostres! I aquest par\u00e0graf? &#8220;<span style=\"color: #999999;\"><em>L\u2019objecte de la intervenci\u00f3 \u00e9s la urbanitzaci\u00f3, recuperaci\u00f3 i millora d\u2019un cam\u00ed rural, limitat per marges de pedra seca, amb valors de car\u00e0cter paisatg\u00edstic, cultural i patrimonial que ens permet interpretar i llegir l\u2019evoluci\u00f3 hist\u00f2rica i sociocultural del lloc. Aquest recorregut s\u2019utilitza com a element de connexi\u00f3 per a vianants entre els dos nuclis de l\u2019Arbo\u00e7ar<\/em><\/span>&#8220;. I aquest altra?: &#8220;<span style=\"color: #999999;\"><em>El Cam\u00ed Ramader de Marina, de la Cerdanya al Pened\u00e8s \u00e9s el cam\u00ed referenciat m\u00e9s antic de Catalunya, citat al Diplomatari del Monestir de Santa Maria de Poblet l&#8217;any 1055<\/em><\/span><span style=\"color: #000000;\">&#8220;. B\u00e9, definitivament, potser val la pena llegir la not\u00edcia sencera, no? (<a href=\"https:\/\/territori.gencat.cat\/ca\/actualitat\/noticies-de-lincasol\/nota-premsa\/?id=427916\" target=\"_blank\" rel=\"noopener\">clic<\/a>)<\/span><\/p>\n","protected":false},"excerpt":{"rendered":"<p>Cert que el t\u00edtol de la not\u00edcia no dona massa pistes. Potser el subt\u00edtol despertar\u00e0 [&hellip;]<\/p>\n","protected":false},"author":3,"featured_media":4542,"comment_status":"closed","ping_status":"closed","sticky":false,"template":"","format":"standard","meta":{"site-sidebar-layout":"default","site-content-layout":"default","ast-site-content-layout":"","site-content-style":"default","site-sidebar-style":"default","ast-global-header-display":"","ast-banner-title-visibility":"","ast-main-header-display":"","ast-hfb-above-header-display":"","ast-hfb-below-header-display":"","ast-hfb-mobile-header-display":"","site-post-title":"","ast-breadcrumbs-content":"","ast-featured-img":"","footer-sml-layout":"","theme-transparent-header-meta":"default","adv-header-id-meta":"","stick-header-meta":"default","header-above-stick-meta":"","header-main-stick-meta":"","header-below-stick-meta":"","astra-migrate-meta-layouts":"default","ast-page-background-enabled":"default","ast-page-background-meta":{"desktop":{"background-color":"var(--ast-global-color-4)","background-image":"","background-repeat":"repeat","background-position":"center center","background-size":"auto","background-attachment":"scroll","background-type":"","background-media":"","overlay-type":"","overlay-color":"","overlay-opacity":"","overlay-gradient":""},"tablet":{"background-color":"","background-image":"","background-repeat":"repeat","background-position":"center center","background-size":"auto","background-attachment":"scroll","background-type":"","background-media":"","overlay-type":"","overlay-color":"","overlay-opacity":"","overlay-gradient":""},"mobile":{"background-color":"","background-image":"","background-repeat":"repeat","background-position":"center center","background-size":"auto","background-attachment":"scroll","background-type":"","background-media":"","overlay-type":"","overlay-color":"","overlay-opacity":"","overlay-gradient":""}},"ast-content-background-meta":{"desktop":{"background-color":"var(--ast-global-color-5)","background-image":"","background-repeat":"repeat","background-position":"center center","background-size":"auto","background-attachment":"scroll","background-type":"","background-media":"","overlay-type":"","overlay-color":"","overlay-opacity":"","overlay-gradient":""},"tablet":{"background-color":"var(--ast-global-color-5)","background-image":"","background-repeat":"repeat","background-position":"center center","background-size":"auto","background-attachment":"scroll","background-type":"","background-media":"","overlay-type":"","overlay-color":"","overlay-opacity":"","overlay-gradient":""},"mobile":{"background-color":"var(--ast-global-color-5)","background-image":"","background-repeat":"repeat","background-position":"center center","background-size":"auto","background-attachment":"scroll","background-type":"","background-media":"","overlay-type":"","overlay-color":"","overlay-opacity":"","overlay-gradient":""}},"footnotes":""},"categories":[7],"tags":[114],"class_list":["post-4540","post","type-post","status-publish","format-standard","has-post-thumbnail","hentry","category-noticies","tag-85-desembre-2021"],"_links":{"self":[{"href":"https:\/\/sompirineu.cat\/senderia\/wp-json\/wp\/v2\/posts\/4540","targetHints":{"allow":["GET"]}}],"collection":[{"href":"https:\/\/sompirineu.cat\/senderia\/wp-json\/wp\/v2\/posts"}],"about":[{"href":"https:\/\/sompirineu.cat\/senderia\/wp-json\/wp\/v2\/types\/post"}],"author":[{"embeddable":true,"href":"https:\/\/sompirineu.cat\/senderia\/wp-json\/wp\/v2\/users\/3"}],"replies":[{"embeddable":true,"href":"https:\/\/sompirineu.cat\/senderia\/wp-json\/wp\/v2\/comments?post=4540"}],"version-history":[{"count":3,"href":"https:\/\/sompirineu.cat\/senderia\/wp-json\/wp\/v2\/posts\/4540\/revisions"}],"predecessor-version":[{"id":4572,"href":"https:\/\/sompirineu.cat\/senderia\/wp-json\/wp\/v2\/posts\/4540\/revisions\/4572"}],"wp:featuredmedia":[{"embeddable":true,"href":"https:\/\/sompirineu.cat\/senderia\/wp-json\/wp\/v2\/media\/4542"}],"wp:attachment":[{"href":"https:\/\/sompirineu.cat\/senderia\/wp-json\/wp\/v2\/media?parent=4540"}],"wp:term":[{"taxonomy":"category","embeddable":true,"href":"https:\/\/sompirineu.cat\/senderia\/wp-json\/wp\/v2\/categories?post=4540"},{"taxonomy":"post_tag","embeddable":true,"href":"https:\/\/sompirineu.cat\/senderia\/wp-json\/wp\/v2\/tags?post=4540"}],"curies":[{"name":"wp","href":"https:\/\/api.w.org\/{rel}","templated":true}]}}