{"id":4550,"date":"2021-12-15T12:00:11","date_gmt":"2021-12-15T11:00:11","guid":{"rendered":"https:\/\/sompirineu.cat\/senderia\/?p=4550"},"modified":"2021-12-22T06:07:54","modified_gmt":"2021-12-22T05:07:54","slug":"millores-a-litinerari-de-coll-de-creus","status":"publish","type":"post","link":"https:\/\/sompirineu.cat\/senderia\/millores-a-litinerari-de-coll-de-creus\/","title":{"rendered":"Millores a l&#8217;itinerari de coll de Creus"},"content":{"rendered":"<p>Continuen desplegant-se les actuacions del projecte <strong>Camina Pirineus<\/strong>, l&#8217;eina de posicionament ecotur\u00edstic de l&#8217;Alt Urgell. Ara, amb el suport del Parc Natural del Cad\u00ed-Moixer\u00f3, s&#8217;ha constru\u00eft una passera volada en un punt de dif\u00edcil acc\u00e9s que permet fer circular un recorregut lineal ja existent que havia dissenyat el propi parc ja fa uns anys, l&#8217;itinerari geol\u00f2gic del coll de creus (<a href=\"https:\/\/parcsnaturals.gencat.cat\/web\/.content\/home\/cadi_moixero\/visitans\/equipaments_i_itineraris\/itineraris\/Itineraris_geologics\/Coll-de-Creus\/Coll-de-Creus.pdf\" target=\"_blank\" rel=\"noopener\">clic<\/a>).\u00a0 A banda de la instal\u00b7laci\u00f3 de la passera, s&#8217;han efectuat altres treballs de consolidaci\u00f3 del tra\u00e7at i d&#8217;ordenaci\u00f3 de la zona d&#8217;aparcament de la Trava, on hi ha un mirador i una zona de picnic (m\u00e9s detalls, <a href=\"https:\/\/www.alturgell.cat\/noticies\/nova-passera-volada-l%E2%80%99itinerari-geologic-de-coll-de-creus-de-camina-pirineus\" target=\"_blank\" rel=\"noopener\">aqu\u00ed<\/a>).<\/p>\n<p>Quant a l&#8217;estat del projecte, a hores d&#8217;ara, s&#8217;ha enllestit la feina de disseny de la xarxa de camins senyalitzada (consensuada amb els ajuntaments) i s&#8217;est\u00e0 avan\u00e7ant en l&#8217;arranjament dels senders i en la implantaci\u00f3 de senyalitzaci\u00f3, mitjan\u00e7ant una brigada de tres treballadors (feta la meitat nord de la comarca, resten la part central i la meridional). Paral\u00b7lelament, es col\u00b7loca senyalitzaci\u00f3 interpretativa en punts panor\u00e0mics i, en breu, s&#8217;iniciar\u00e0 el procediment administratiu per a la realitzaci\u00f3 del web i de l&#8217;aplicatiu.<\/p>\n","protected":false},"excerpt":{"rendered":"<p>Continuen desplegant-se les actuacions del projecte Camina Pirineus, l&#8217;eina de posicionament ecotur\u00edstic de l&#8217;Alt Urgell. [&hellip;]<\/p>\n","protected":false},"author":3,"featured_media":4552,"comment_status":"closed","ping_status":"closed","sticky":false,"template":"","format":"standard","meta":{"site-sidebar-layout":"default","site-content-layout":"default","ast-site-content-layout":"","site-content-style":"default","site-sidebar-style":"default","ast-global-header-display":"","ast-banner-title-visibility":"","ast-main-header-display":"","ast-hfb-above-header-display":"","ast-hfb-below-header-display":"","ast-hfb-mobile-header-display":"","site-post-title":"","ast-breadcrumbs-content":"","ast-featured-img":"","footer-sml-layout":"","theme-transparent-header-meta":"default","adv-header-id-meta":"","stick-header-meta":"default","header-above-stick-meta":"","header-main-stick-meta":"","header-below-stick-meta":"","astra-migrate-meta-layouts":"default","ast-page-background-enabled":"default","ast-page-background-meta":{"desktop":{"background-color":"var(--ast-global-color-4)","background-image":"","background-repeat":"repeat","background-position":"center center","background-size":"auto","background-attachment":"scroll","background-type":"","background-media":"","overlay-type":"","overlay-color":"","overlay-opacity":"","overlay-gradient":""},"tablet":{"background-color":"","background-image":"","background-repeat":"repeat","background-position":"center center","background-size":"auto","background-attachment":"scroll","background-type":"","background-media":"","overlay-type":"","overlay-color":"","overlay-opacity":"","overlay-gradient":""},"mobile":{"background-color":"","background-image":"","background-repeat":"repeat","background-position":"center center","background-size":"auto","background-attachment":"scroll","background-type":"","background-media":"","overlay-type":"","overlay-color":"","overlay-opacity":"","overlay-gradient":""}},"ast-content-background-meta":{"desktop":{"background-color":"var(--ast-global-color-5)","background-image":"","background-repeat":"repeat","background-position":"center center","background-size":"auto","background-attachment":"scroll","background-type":"","background-media":"","overlay-type":"","overlay-color":"","overlay-opacity":"","overlay-gradient":""},"tablet":{"background-color":"var(--ast-global-color-5)","background-image":"","background-repeat":"repeat","background-position":"center center","background-size":"auto","background-attachment":"scroll","background-type":"","background-media":"","overlay-type":"","overlay-color":"","overlay-opacity":"","overlay-gradient":""},"mobile":{"background-color":"var(--ast-global-color-5)","background-image":"","background-repeat":"repeat","background-position":"center center","background-size":"auto","background-attachment":"scroll","background-type":"","background-media":"","overlay-type":"","overlay-color":"","overlay-opacity":"","overlay-gradient":""}},"footnotes":""},"categories":[7],"tags":[114],"class_list":["post-4550","post","type-post","status-publish","format-standard","has-post-thumbnail","hentry","category-noticies","tag-85-desembre-2021"],"_links":{"self":[{"href":"https:\/\/sompirineu.cat\/senderia\/wp-json\/wp\/v2\/posts\/4550","targetHints":{"allow":["GET"]}}],"collection":[{"href":"https:\/\/sompirineu.cat\/senderia\/wp-json\/wp\/v2\/posts"}],"about":[{"href":"https:\/\/sompirineu.cat\/senderia\/wp-json\/wp\/v2\/types\/post"}],"author":[{"embeddable":true,"href":"https:\/\/sompirineu.cat\/senderia\/wp-json\/wp\/v2\/users\/3"}],"replies":[{"embeddable":true,"href":"https:\/\/sompirineu.cat\/senderia\/wp-json\/wp\/v2\/comments?post=4550"}],"version-history":[{"count":3,"href":"https:\/\/sompirineu.cat\/senderia\/wp-json\/wp\/v2\/posts\/4550\/revisions"}],"predecessor-version":[{"id":4555,"href":"https:\/\/sompirineu.cat\/senderia\/wp-json\/wp\/v2\/posts\/4550\/revisions\/4555"}],"wp:featuredmedia":[{"embeddable":true,"href":"https:\/\/sompirineu.cat\/senderia\/wp-json\/wp\/v2\/media\/4552"}],"wp:attachment":[{"href":"https:\/\/sompirineu.cat\/senderia\/wp-json\/wp\/v2\/media?parent=4550"}],"wp:term":[{"taxonomy":"category","embeddable":true,"href":"https:\/\/sompirineu.cat\/senderia\/wp-json\/wp\/v2\/categories?post=4550"},{"taxonomy":"post_tag","embeddable":true,"href":"https:\/\/sompirineu.cat\/senderia\/wp-json\/wp\/v2\/tags?post=4550"}],"curies":[{"name":"wp","href":"https:\/\/api.w.org\/{rel}","templated":true}]}}