{"id":4556,"date":"2021-12-20T11:16:42","date_gmt":"2021-12-20T10:16:42","guid":{"rendered":"https:\/\/sompirineu.cat\/senderia\/?p=4556"},"modified":"2021-12-22T06:07:54","modified_gmt":"2021-12-22T05:07:54","slug":"la-pedra-seca-i-un-manual-ocult","status":"publish","type":"post","link":"https:\/\/sompirineu.cat\/senderia\/la-pedra-seca-i-un-manual-ocult\/","title":{"rendered":"La pedra seca i un manual &#8220;ocult&#8221;"},"content":{"rendered":"<p>El Diari d&#8217;Andorra del 16 de desembre publica una interessant entrevista a l&#8217;arquitecte i editor Xavier Reb\u00e9s, de traject\u00f2ria professional molt vinculada a la pedra seca (<a href=\"https:\/\/www.diariandorra.ad\/noticies\/la_contra\/2021\/12\/16\/pedra_seca_avantatges_que_fan_competitiva_192158_1135.html\" target=\"_blank\" rel=\"noopener\">clic<\/a>). La conversa gira al voltant d&#8217;un llibre, d&#8217;un manual su\u00eds publicat el 1996, que ara ha tradu\u00eft Reb\u00e9s i que properament es presentar\u00e0. El cas \u00e9s que enlloc no diu, o almenys no l&#8217;hem sabut trobar, el t\u00edtol d&#8217;aquest llibre i fins que no se&#8217;ns ha acudit ampliar la imatge que il\u00b7lustra la not\u00edcia no hem vist la llum. A partir d&#8217;aqu\u00ed, una mica d&#8217;investigaci\u00f3 per les xarxes i ja tenim unes quantes pistes: <strong><em>Parets de pedra seca<\/em><\/strong>, editat per Editorial Andorra, \u00e9s la traducci\u00f3 d&#8217;un cl\u00e0ssic manual obra de quatre autors entre els quals l&#8217;escoc\u00e8s Richard Tufnell, un dels pioners, com reflecteix l&#8217;article publicat en el diari gratu\u00eft BonDia, tamb\u00e9 del principat (<a href=\"https:\/\/www.bondia.ad\/cultura\/literatura-walden-la-crida-del-bosc\" target=\"_blank\" rel=\"noopener\">clac<\/a>). Pel que \u00e9s veu en la fotografia, el format del llibre, min\u00fascul i farcit de dibuixos, \u00e9s del tot semblant a les seves edicions en franc\u00e8s i alemany.<\/p>\n<p>Ansiosos per tenir-lo a les mans, fem des d&#8217;aqu\u00ed una crida: si alg\u00fa ja en disposa, l&#8217;ha llegit i ens vol fer arribar una ressenya, la publicarem en el proper n\u00famero del Send\u00e8ria.<\/p>\n","protected":false},"excerpt":{"rendered":"<p>El Diari d&#8217;Andorra del 16 de desembre publica una interessant entrevista a l&#8217;arquitecte i editor [&hellip;]<\/p>\n","protected":false},"author":3,"featured_media":4558,"comment_status":"closed","ping_status":"closed","sticky":false,"template":"","format":"standard","meta":{"site-sidebar-layout":"default","site-content-layout":"default","ast-site-content-layout":"","site-content-style":"default","site-sidebar-style":"default","ast-global-header-display":"","ast-banner-title-visibility":"","ast-main-header-display":"","ast-hfb-above-header-display":"","ast-hfb-below-header-display":"","ast-hfb-mobile-header-display":"","site-post-title":"","ast-breadcrumbs-content":"","ast-featured-img":"","footer-sml-layout":"","theme-transparent-header-meta":"default","adv-header-id-meta":"","stick-header-meta":"default","header-above-stick-meta":"","header-main-stick-meta":"","header-below-stick-meta":"","astra-migrate-meta-layouts":"default","ast-page-background-enabled":"default","ast-page-background-meta":{"desktop":{"background-color":"var(--ast-global-color-4)","background-image":"","background-repeat":"repeat","background-position":"center center","background-size":"auto","background-attachment":"scroll","background-type":"","background-media":"","overlay-type":"","overlay-color":"","overlay-opacity":"","overlay-gradient":""},"tablet":{"background-color":"","background-image":"","background-repeat":"repeat","background-position":"center center","background-size":"auto","background-attachment":"scroll","background-type":"","background-media":"","overlay-type":"","overlay-color":"","overlay-opacity":"","overlay-gradient":""},"mobile":{"background-color":"","background-image":"","background-repeat":"repeat","background-position":"center center","background-size":"auto","background-attachment":"scroll","background-type":"","background-media":"","overlay-type":"","overlay-color":"","overlay-opacity":"","overlay-gradient":""}},"ast-content-background-meta":{"desktop":{"background-color":"var(--ast-global-color-5)","background-image":"","background-repeat":"repeat","background-position":"center center","background-size":"auto","background-attachment":"scroll","background-type":"","background-media":"","overlay-type":"","overlay-color":"","overlay-opacity":"","overlay-gradient":""},"tablet":{"background-color":"var(--ast-global-color-5)","background-image":"","background-repeat":"repeat","background-position":"center center","background-size":"auto","background-attachment":"scroll","background-type":"","background-media":"","overlay-type":"","overlay-color":"","overlay-opacity":"","overlay-gradient":""},"mobile":{"background-color":"var(--ast-global-color-5)","background-image":"","background-repeat":"repeat","background-position":"center center","background-size":"auto","background-attachment":"scroll","background-type":"","background-media":"","overlay-type":"","overlay-color":"","overlay-opacity":"","overlay-gradient":""}},"footnotes":""},"categories":[7],"tags":[114],"class_list":["post-4556","post","type-post","status-publish","format-standard","has-post-thumbnail","hentry","category-noticies","tag-85-desembre-2021"],"_links":{"self":[{"href":"https:\/\/sompirineu.cat\/senderia\/wp-json\/wp\/v2\/posts\/4556","targetHints":{"allow":["GET"]}}],"collection":[{"href":"https:\/\/sompirineu.cat\/senderia\/wp-json\/wp\/v2\/posts"}],"about":[{"href":"https:\/\/sompirineu.cat\/senderia\/wp-json\/wp\/v2\/types\/post"}],"author":[{"embeddable":true,"href":"https:\/\/sompirineu.cat\/senderia\/wp-json\/wp\/v2\/users\/3"}],"replies":[{"embeddable":true,"href":"https:\/\/sompirineu.cat\/senderia\/wp-json\/wp\/v2\/comments?post=4556"}],"version-history":[{"count":4,"href":"https:\/\/sompirineu.cat\/senderia\/wp-json\/wp\/v2\/posts\/4556\/revisions"}],"predecessor-version":[{"id":4573,"href":"https:\/\/sompirineu.cat\/senderia\/wp-json\/wp\/v2\/posts\/4556\/revisions\/4573"}],"wp:featuredmedia":[{"embeddable":true,"href":"https:\/\/sompirineu.cat\/senderia\/wp-json\/wp\/v2\/media\/4558"}],"wp:attachment":[{"href":"https:\/\/sompirineu.cat\/senderia\/wp-json\/wp\/v2\/media?parent=4556"}],"wp:term":[{"taxonomy":"category","embeddable":true,"href":"https:\/\/sompirineu.cat\/senderia\/wp-json\/wp\/v2\/categories?post=4556"},{"taxonomy":"post_tag","embeddable":true,"href":"https:\/\/sompirineu.cat\/senderia\/wp-json\/wp\/v2\/tags?post=4556"}],"curies":[{"name":"wp","href":"https:\/\/api.w.org\/{rel}","templated":true}]}}