{"id":4699,"date":"2022-02-20T13:15:18","date_gmt":"2022-02-20T12:15:18","guid":{"rendered":"https:\/\/sompirineu.cat\/senderia\/?p=4699"},"modified":"2022-02-25T01:45:55","modified_gmt":"2022-02-25T00:45:55","slug":"karina-behar-de-gosol-al-comabona-passant-pel-pas-dels-gosolans","status":"publish","type":"post","link":"https:\/\/sompirineu.cat\/senderia\/karina-behar-de-gosol-al-comabona-passant-pel-pas-dels-gosolans\/","title":{"rendered":"Karina Behar &#8211; De G\u00f3sol al Comabona, passant pel pas dels Gosolans"},"content":{"rendered":"<p>Us proposo una ruta que em va enamorar quan vaig arribar a viure a G\u00f3sol, l\u2019estiu del 2004, ja fa divuit anys, quan tenia 25 anyets! Em\u00a0 va meravellar la bellesa d\u2019aquest nou lloc que la vida m\u2019havia triat per viure, la vall de G\u00f3sol i la zona del Pedraforca.<\/p>\n<p>Tenia molt\u00edssimes\u00a0 ganes de descobrir les muntanyes, de fer els cims i de rec\u00f3rrer les valls que veia al meu voltant. Seguint la crida de les muntanyes properes, de seguida vaig pujar el Pedraforca, la Gallina Pelada i la serra d\u2019Ensija, la serra del Verd, per\u00f2 la serra del Cad\u00ed em va\u00a0 agradar especialment i la sensaci\u00f3 de llibertat, de plenitud, sempre la recordar\u00e9 de manera especial.<\/p>\n<p>Aquesta cresta muntanyosa\u00a0 tan contrastada envoltada de prats verds, que per la cara sud \u00e9s tan suau i per la cara nord tan incre\u00efblement escarpada com si fos una gegantina muralla de roca, em va corprendre.<\/p>\n<p>A m\u00e9s, em sentia encuriosida per \u00a0les hist\u00f2ries de segadors, contrabandistes, c\u00e0tars, m\u00fasics i pintors, amors i desamors que havia sentit que havien passat pel pas dels Gosolans<strong>,<\/strong> un coll de la serra del Cad\u00ed\u00a0 que connecta el Bergued\u00e0 amb la Cerdanya, situat a\u00a02.426 m d\u2019altitud, ubicat entre el\u00a0Pic de Costa Cabirolera\u00a0i el de\u00a0Comabona.<strong>\u00a0<\/strong><\/p>\n<p>La ruta comen\u00e7a al bonic poble de G\u00f3sol (1.422 m), on podeu visitar les runes de l\u2019antic Castell que gaudeix d\u2019unes vistes privilegiades de tota la vall. Un petit poble que va triar Picasso al 1906 per passar la primavera, inspirar-se (l\u2019\u00e8poca dels <em>Ocres de G\u00f3sol)<\/em> i\u00a0 on va comen\u00e7ar a gestar la seva \u00e8poca cubista posterior: va ser un <em>Estiu per a la modernitat,<\/em> com ho relata la Jessica Jacques en el seu llibre. Podreu veure les reproduccions de les seves obres al Centre Picasso del poble de G\u00f3sol.<\/p>\n<p>Agafeu el\u00a0 Cam\u00ed dels Bons Homes, GR107, des de \u00a0la pla\u00e7a Major, i us dirigiu al nord pel carrer de l&#8217;esquerra de l&#8217;Ajuntament. A la pla\u00e7a Agust\u00ed Pere i Pons gireu a l&#8217;esquerra cap al nord-oest i sortireu als afores de la poblaci\u00f3. Seguint els senyals, un cam\u00ed s&#8217;enfila cap al nord, i al cap d\u2019uns 1,7 km (1.629 m), uns 30 minuts, arribeu\u00a0 a\u00a0 la collada i \u00e0rea de lleure de Font Terrers on podeu carregar aigua d\u2019una font ben fresqueta.<\/p>\n<p>Continueu pujant fins al coll de les Bassotes, punt on es divideixen les aig\u00fces de dues conques, la del Segre (riu de Cerneres, cap al riu de la Vansa) i la del Llobregat (riu de Gresolet i cap al riu de Saldes). Aquest \u00e9s\u00a0 un indret amb grans vistes d\u2019aquestes dues valls, de la serra de Cad\u00ed, aix\u00ed com de la cara mes desconeguda del Pedraforca, la seva cara nord.<\/p>\n<p>Despr\u00e9s de Font Terrers seguiu cap al nord i uns 400 m despr\u00e9s es deixa, a m\u00e0 dreta, el cam\u00ed que puja al Pedraforca per la collada del Verdet; es passa el torrent de la Coma dels Caners i es puja als prats del serrat de la Portella (km 2,5). El cam\u00ed es desdibuixa. Cal anar girant cap al nord per passar per una escletxa del serrat, una veritable portella que serveix de pas.<\/p>\n<p>Al cap de 2,7 km (1.754 m) arribeu al pas de la Portella i, caminant una estona, m\u00e9s veureu els enormes i erms lloms del vessant sud del Cad\u00ed que cauen suaument sobre la vall de Josa, passareu la font de la Roca, surg\u00e8ncia natural que sempre brolla, i continueu flanquejant cap al nord-est fins arribar al proper coll del Collell, i m\u00e9s endavant el de les Bassotes.<\/p>\n<p>A partir d\u2019aqu\u00ed, agafeu l\u2019antiga pista que comen\u00e7a ascendir des del coll a m\u00e0 esquerra seguint les marques del PR-C 124. Pugeu seguint el tra\u00e7at de la pista evitant fer dreceres que provoquen l&#8217;erosi\u00f3 del terreny i veureu que, gr\u00e0cies a les ziga-zagues que fa, es remunta de manera m\u00e9s suau l\u2019accentuat pendent. Passareu primer per\u00a0prat Toixones\u00a0i despr\u00e9s per\u00a0prat Socarrat, dos planells on, si us hi entreteniu, trobareu varies estructures de pedra seca, antigues barraques de pastors de temps passats que aprofitaven aquests planells d\u2019herba fresca per alimentar el bestiar. De fet, tota la serra del Cad\u00ed est\u00e0 plena de pletes i antigues barraques, rastres d\u2019aquest passat no tant lluny\u00e0.<\/p>\n<p>Continueu pujant per la pista fins que aquesta s\u2019acaba. Esteu a prat Llong, un extens prat limitat al nord per una zona molt pedregosa, que li d\u00f3na el nom de serra Pedregosa. Aquest \u00e9s un punt on cal estar atent: el cam\u00ed que marxa a la dreta cap a la serra esmentada \u00e9s per on baixareu. Ara cal que prengueu el cam\u00ed tamb\u00e9 fitat que puja directe cap al nord; un cop arribeu a la carena, comen\u00e7ar\u00e0 a descendir cap al torrent dels Cortils. Cal creuar-lo i de nou pujar el repetj\u00f3 sempre cap al nord, fins arribar al Cortal dels Cortils, una barraca que en cas de necessitat es pot fer servir de refugi lliure.<\/p>\n<p>A partir d\u2019aqu\u00ed trobareu marques del GR 150.1 -una variant de la Volta al Cad\u00ed-. Seguiu el GR a m\u00e0 dreta primer pel torrent de Pic Llobateres i de seguida enfilant-vos a la carena per arribar per un cam\u00ed for\u00e7a planer fins al pas dels Gosolans, pas hist\u00f2ric del cam\u00ed de Cerdanya del que hem parlat abans.<\/p>\n<p>La vostra ruta, per\u00f2, no continua cap a Cerdanya, sin\u00f3 que us cal carenejar cap a l\u2019est, pel cam\u00ed fitat que s\u2019enfila per sobre el GR passant pel cim d\u2019Aguil\u00f3, el collet de Comabona i, finalment, remuntar el planell per arribar al cim del Comabona<strong>\u00a0 (<\/strong>2.548 m). Podeu gaudir de les vistes d\u2019aquest agra\u00eft cim!<\/p>\n<p>El descens es proposa fer-lo per serra Pedregosa, per\u00f2 per no baixar directe, carenegeu encara una mica m\u00e9s direcci\u00f3 orient fins la canal de Comabona. En aquest punt s\u2019hi ajunten tant els camins que venen del Moixer\u00f3 (GR 150.1) com els que pugen des del coll de la Bena a Gisclareny (SL). La ruta aqu\u00ed s\u00ed que ja tomba cap a l\u2019oest, baixant cap a clot Palomar, primer seguint el GR i despr\u00e9s seguint recte cap al Clot \u2013per evitar haver de retornar al pas dels Gosolans. Preneu el cam\u00ed de serra Pedregosa i indubtablement entendreu el seu nom. A partir de prat Llong fins al coll de les Bassotes seguiu l\u2019antiga pista per on heu pujat\u00a0 i baixeu pel GR 107 fins arribar de nou a G\u00f3sol.<\/p>\n","protected":false},"excerpt":{"rendered":"<p>Us proposo una ruta que em va enamorar quan vaig arribar a viure a G\u00f3sol, [&hellip;]<\/p>\n","protected":false},"author":3,"featured_media":4701,"comment_status":"closed","ping_status":"closed","sticky":false,"template":"","format":"standard","meta":{"site-sidebar-layout":"default","site-content-layout":"default","ast-site-content-layout":"","site-content-style":"default","site-sidebar-style":"default","ast-global-header-display":"","ast-banner-title-visibility":"","ast-main-header-display":"","ast-hfb-above-header-display":"","ast-hfb-below-header-display":"","ast-hfb-mobile-header-display":"","site-post-title":"","ast-breadcrumbs-content":"","ast-featured-img":"","footer-sml-layout":"","theme-transparent-header-meta":"default","adv-header-id-meta":"","stick-header-meta":"default","header-above-stick-meta":"","header-main-stick-meta":"","header-below-stick-meta":"","astra-migrate-meta-layouts":"default","ast-page-background-enabled":"default","ast-page-background-meta":{"desktop":{"background-color":"var(--ast-global-color-4)","background-image":"","background-repeat":"repeat","background-position":"center center","background-size":"auto","background-attachment":"scroll","background-type":"","background-media":"","overlay-type":"","overlay-color":"","overlay-opacity":"","overlay-gradient":""},"tablet":{"background-color":"","background-image":"","background-repeat":"repeat","background-position":"center center","background-size":"auto","background-attachment":"scroll","background-type":"","background-media":"","overlay-type":"","overlay-color":"","overlay-opacity":"","overlay-gradient":""},"mobile":{"background-color":"","background-image":"","background-repeat":"repeat","background-position":"center center","background-size":"auto","background-attachment":"scroll","background-type":"","background-media":"","overlay-type":"","overlay-color":"","overlay-opacity":"","overlay-gradient":""}},"ast-content-background-meta":{"desktop":{"background-color":"var(--ast-global-color-5)","background-image":"","background-repeat":"repeat","background-position":"center center","background-size":"auto","background-attachment":"scroll","background-type":"","background-media":"","overlay-type":"","overlay-color":"","overlay-opacity":"","overlay-gradient":""},"tablet":{"background-color":"var(--ast-global-color-5)","background-image":"","background-repeat":"repeat","background-position":"center center","background-size":"auto","background-attachment":"scroll","background-type":"","background-media":"","overlay-type":"","overlay-color":"","overlay-opacity":"","overlay-gradient":""},"mobile":{"background-color":"var(--ast-global-color-5)","background-image":"","background-repeat":"repeat","background-position":"center center","background-size":"auto","background-attachment":"scroll","background-type":"","background-media":"","overlay-type":"","overlay-color":"","overlay-opacity":"","overlay-gradient":""}},"footnotes":""},"categories":[6],"tags":[116],"class_list":["post-4699","post","type-post","status-publish","format-standard","has-post-thumbnail","hentry","category-una-caminada-amb","tag-87-febrer-2022"],"_links":{"self":[{"href":"https:\/\/sompirineu.cat\/senderia\/wp-json\/wp\/v2\/posts\/4699","targetHints":{"allow":["GET"]}}],"collection":[{"href":"https:\/\/sompirineu.cat\/senderia\/wp-json\/wp\/v2\/posts"}],"about":[{"href":"https:\/\/sompirineu.cat\/senderia\/wp-json\/wp\/v2\/types\/post"}],"author":[{"embeddable":true,"href":"https:\/\/sompirineu.cat\/senderia\/wp-json\/wp\/v2\/users\/3"}],"replies":[{"embeddable":true,"href":"https:\/\/sompirineu.cat\/senderia\/wp-json\/wp\/v2\/comments?post=4699"}],"version-history":[{"count":3,"href":"https:\/\/sompirineu.cat\/senderia\/wp-json\/wp\/v2\/posts\/4699\/revisions"}],"predecessor-version":[{"id":4704,"href":"https:\/\/sompirineu.cat\/senderia\/wp-json\/wp\/v2\/posts\/4699\/revisions\/4704"}],"wp:featuredmedia":[{"embeddable":true,"href":"https:\/\/sompirineu.cat\/senderia\/wp-json\/wp\/v2\/media\/4701"}],"wp:attachment":[{"href":"https:\/\/sompirineu.cat\/senderia\/wp-json\/wp\/v2\/media?parent=4699"}],"wp:term":[{"taxonomy":"category","embeddable":true,"href":"https:\/\/sompirineu.cat\/senderia\/wp-json\/wp\/v2\/categories?post=4699"},{"taxonomy":"post_tag","embeddable":true,"href":"https:\/\/sompirineu.cat\/senderia\/wp-json\/wp\/v2\/tags?post=4699"}],"curies":[{"name":"wp","href":"https:\/\/api.w.org\/{rel}","templated":true}]}}