{"id":480,"date":"2020-10-10T07:52:17","date_gmt":"2020-10-10T07:52:17","guid":{"rendered":"https:\/\/sompirineu.cat\/senderia\/?p=480"},"modified":"2021-05-13T16:10:05","modified_gmt":"2021-05-13T14:10:05","slug":"la-massificacio-als-pics-emblematics","status":"publish","type":"post","link":"https:\/\/sompirineu.cat\/senderia\/la-massificacio-als-pics-emblematics\/","title":{"rendered":"La massificaci\u00f3 als pics emblem\u00e0tics"},"content":{"rendered":"<p>Tots tenim al cap aquella imatge de l\u2019Everest emesa el maig del 2019 amb uns 250 alpinistes fent cua per accedir al cim i que va donar la volta al m\u00f3n, obrint el debat de la massificaci\u00f3 als pics emblem\u00e0tics i la necessitat de regular-ne l\u2019acc\u00e9s. Tothom sap que el sostre del m\u00f3n no \u00e9s el m\u00e9s complicat ni el menys massificat, per\u00f2 s\u00ed que \u00e9s un dels que m\u00e9s deixalles acumula. Alhora, el fet que es generin cues pot suposar, a banda de trencar l\u2019ess\u00e8ncia mateixa de l\u2019alpinisme, un fatal desenlla\u00e7 per estar en una zona en qu\u00e8 el cos va morint lentament: aquell mateix dia s\u2019hi van produir dues morts.<\/p>\n<p>Podem pensar que aix\u00f2 no passa a casa nostra i que no \u00e9s un problema per a nosaltres&#8230; per\u00f2 no \u00e9s aix\u00ed. Aquest pont de l\u2019onze de setembre, aprofitant que estava de travessa per la zona, vaig poder contemplar el que no havia vist mai: una llarga cua per anar fins la creu de la Pica d\u2019Estats i fer-s\u2019hi una foto amb el m\u00f2bil per tenir un record d\u2019haver assolit el cim, probablement per compartir a les xarxes socials. Vaig creure que un fet aix\u00ed no havia de passar desapercebut i vaig decidir penjar-lo al perfil de Twitter del Parc Natural de l\u2019Alt Pirineu per fer pedagogia i educaci\u00f3 ambiental, tal com fem habitualment: exposant exemples del que cal evitar, en aquest cas la massificaci\u00f3 als cims emblem\u00e0tics, i els impactes que se\u2019n deriven (deixalles al llarg del cam\u00ed, acampada no autoritzada, bany als estanys amb l\u2019efecte t\u00f2xic de les cremes solars per als amfibis, degradaci\u00f3 de l\u2019h\u00e0bitat de la sargantana pallaresa a les tarteres, fen\u00f2mens d\u2019erosi\u00f3 al creuar per sobre molleres, etc.). La meva sorpresa va ser que aquestes imatges, aquest cop, es van tornar totalment virals, amb m\u00e9s de 400.000 visualitzacions, i nombrosos mitjans de comunicaci\u00f3 de tot el pa\u00eds se\u2019n van fer ress\u00f2. Aix\u00f2 va provocar un efecte en cadena que va generar un debat interessant a la TV, r\u00e0dio, internet&#8230; i que entitats com la FEEC es posicionessin per primer cop p\u00fablicament en plantejar i demanar la necessitat de regular l\u2019acc\u00e9s als pics emblem\u00e0tics de Catalunya que pateixen aquesta massificaci\u00f3.<\/p>\n<p>D\u2019alguns he sentit a dir que aix\u00f2 ha estat un fet puntual fruit del pont de l\u2019onze de setembre, quan es tradici\u00f3 accedir a indrets catalans simb\u00f2lics, i d\u2019unes condicions meteorol\u00f2giques favorables, i que cal evitar alarmismes per fets molt puntuals. Per\u00f2 no ha estat aix\u00ed: aquest agost hem detectat, gr\u00e0cies als 14 comptadors autom\u00e0tics que tenim instal\u00b7lats, una aflu\u00e8ncia massiva de visitants al Parc Natural (en part per l\u2019efecte del turisme interior incentivat per les mesures restrictives de despla\u00e7aments a altres pa\u00efsos per la COVID-19), i sobretot a la mateixa Pica d\u2019Estats, col\u00b7lapsant molts dies l\u2019aparcament de la Molinassa, de 90 places, amb m\u00e9s de 200 vehicles, molts d\u2019ells estacionats al llarg de la pista forestal d\u2019acc\u00e9s, comprometent la circulaci\u00f3 en cas d\u2019emerg\u00e8ncia i dificultant el pas dels vehicles de transport p\u00fablic, entre altres problem\u00e0tiques.<\/p>\n<p>I no \u00e9s l\u2019\u00fanic indret. Fen\u00f2mens de massificaci\u00f3 similars s\u2019han vist al Pedraforca, al Puigmal, la Mola i Sant Jeroni de Montserrat i el nombre d\u2019accidents a muntanya s\u2019ha doblat. Per tant, no \u00e9s un fet a\u00efllat i, en el marc d\u2019una societat que cada cop practica m\u00e9s el senderisme, muntanyisme o el running i busca entorns naturals ben conservats i espectaculars per practicar-los, \u00e9s una problem\u00e0tica que anir\u00e0 a m\u00e9s en aquests espais si no s\u2019hi posa remei.<\/p>\n<p>En diversos espais naturals protegits, tant d\u2019aqu\u00ed com d\u2019arreu del m\u00f3n, per tal de no morir\u00a0 d\u2019\u00e8xit han establert sistemes de regulaci\u00f3 de l\u2019acc\u00e9s per evitar que es massifiqui per sobre d\u2019una capacitat de c\u00e0rrega determinada, com per exemple, limitant l\u2019entrada a vehicles; fent aparcaments de pagament amb preu p\u00fablic com el de la Fageda d\u2019en Jord\u00e0, el Cortalet o el paratge de Tudela (incentivant, aix\u00ed, que la gent s\u2019agrupi i revertint diners en el propi manteniment de l\u2019entorn); establint un sistema de reserva pr\u00e8via telem\u00e0tic per accedir-hi com el Parc Nacional de las Islas Atl\u00e1nticas o regulant l\u2019acc\u00e9s nom\u00e9s amb transport p\u00fablic, com a l\u2019estany de Sant Maurici. Exemples en trobarem a centenars. El que \u00e9s important \u00e9s no deixar demorar m\u00e9s el problema, debatre-ho amb els propietaris, ajuntaments i entitats implicades, cercar la millor proposta de consens, planificar-la i implementar-la, tot fent-ne seguiment al llarg del temps per millorar-la.<\/p>\n<p>Doncs aquest \u00e9s el cas que des del Parc Natural de l\u2019Alt Pirineu iniciem, conjuntament amb l\u2019EMD d\u2019\u00c0reu i l\u2019Ajuntament d\u2019Alins: estudiar quina \u00e9s la millor f\u00f3rmula per regular l\u2019acc\u00e9s a la Pica d\u2019Estats i a la cap\u00e7alera de la Vall Ferrera en general, mirant d\u2019implicar-hi entitats com l\u2019Associaci\u00f3 de Guies Int\u00e8rprets del Parc, el sector del transport p\u00fablic local i la pr\u00f2pia FEEC, entre altres. \u00c9s per aix\u00f2 que recentment hem encarregat un treball t\u00e8cnic a la doctora Estela Farias de INEF Lleida, especialitzada en aquests temes, per tal que faci el c\u00e0lcul de la capacitat d\u2019acollida tur\u00edstica d\u2019aquest indret, que ens ha de servir de base per plantejar la regulaci\u00f3 a realitzar i quines altres accions dur a terme per poder-la fer efectiva (infraestructures de suport, servei de vigil\u00e0ncia, etc..).<\/p>\n<p>En definitiva, convido tothom que se senti interpel\u00b7lat a no allargar m\u00e9s el problema i a participar en la cerca de solucions, en aquest i en d\u2019altres casos que patim al Parc Natural de l\u2019Alt Pirineu, com la massificaci\u00f3 a la pista de Bonab\u00e9, entre Al\u00f3s i Montgarri, que tamb\u00e9 caldr\u00e0 abordar tard o d\u2019hora, i en altres indrets emblem\u00e0tics del pa\u00eds.<\/p>\n","protected":false},"excerpt":{"rendered":"<p>All\u00f2 que a l\u2019abril tot just s\u2019intu\u00efa ha succe\u00eft: la pand\u00e8mia ha afavorit les destinacions de<br \/>\nproximitat i les activitats a la natura. I ha suposat una injecci\u00f3 econ\u00f2mica per al territori,<br \/>\nper\u00f2 tamb\u00e9 una massificaci\u00f3 que ha posat en perill no nom\u00e9s els ecosistemes m\u00e9s fr\u00e0gils,<br \/>\nsin\u00f3 les persones que feien activitats de risc com si estiguessin en un parc d\u2019aventures. Una<br \/>\npiulada del director del Parc Natural de l\u2019Alt Pirineu, Marc Garriga, alarmat per les imatges<br \/>\nde saturaci\u00f3 a la Pica, va tenir una \u00e0mplia difusi\u00f3 als mitjans, posant de relleu una<br \/>\nproblem\u00e0tica que tamb\u00e9 afecta altres serralades. Passada la febrada, li hem demanat una<br \/>\nreflexi\u00f3 serena sobre aquesta nova tend\u00e8ncia (?) de la societat post-covid (clic).<\/p>\n","protected":false},"author":2,"featured_media":481,"comment_status":"closed","ping_status":"closed","sticky":false,"template":"","format":"standard","meta":{"site-sidebar-layout":"default","site-content-layout":"default","ast-site-content-layout":"","site-content-style":"default","site-sidebar-style":"default","ast-global-header-display":"","ast-banner-title-visibility":"","ast-main-header-display":"","ast-hfb-above-header-display":"","ast-hfb-below-header-display":"","ast-hfb-mobile-header-display":"","site-post-title":"","ast-breadcrumbs-content":"","ast-featured-img":"","footer-sml-layout":"","theme-transparent-header-meta":"default","adv-header-id-meta":"","stick-header-meta":"default","header-above-stick-meta":"","header-main-stick-meta":"","header-below-stick-meta":"","astra-migrate-meta-layouts":"default","ast-page-background-enabled":"default","ast-page-background-meta":{"desktop":{"background-color":"var(--ast-global-color-4)","background-image":"","background-repeat":"repeat","background-position":"center center","background-size":"auto","background-attachment":"scroll","background-type":"","background-media":"","overlay-type":"","overlay-color":"","overlay-opacity":"","overlay-gradient":""},"tablet":{"background-color":"","background-image":"","background-repeat":"repeat","background-position":"center center","background-size":"auto","background-attachment":"scroll","background-type":"","background-media":"","overlay-type":"","overlay-color":"","overlay-opacity":"","overlay-gradient":""},"mobile":{"background-color":"","background-image":"","background-repeat":"repeat","background-position":"center center","background-size":"auto","background-attachment":"scroll","background-type":"","background-media":"","overlay-type":"","overlay-color":"","overlay-opacity":"","overlay-gradient":""}},"ast-content-background-meta":{"desktop":{"background-color":"var(--ast-global-color-5)","background-image":"","background-repeat":"repeat","background-position":"center center","background-size":"auto","background-attachment":"scroll","background-type":"","background-media":"","overlay-type":"","overlay-color":"","overlay-opacity":"","overlay-gradient":""},"tablet":{"background-color":"var(--ast-global-color-5)","background-image":"","background-repeat":"repeat","background-position":"center center","background-size":"auto","background-attachment":"scroll","background-type":"","background-media":"","overlay-type":"","overlay-color":"","overlay-opacity":"","overlay-gradient":""},"mobile":{"background-color":"var(--ast-global-color-5)","background-image":"","background-repeat":"repeat","background-position":"center center","background-size":"auto","background-attachment":"scroll","background-type":"","background-media":"","overlay-type":"","overlay-color":"","overlay-opacity":"","overlay-gradient":""}},"footnotes":""},"categories":[3],"tags":[11],"class_list":["post-480","post","type-post","status-publish","format-standard","has-post-thumbnail","hentry","category-el-mirador","tag-11"],"_links":{"self":[{"href":"https:\/\/sompirineu.cat\/senderia\/wp-json\/wp\/v2\/posts\/480","targetHints":{"allow":["GET"]}}],"collection":[{"href":"https:\/\/sompirineu.cat\/senderia\/wp-json\/wp\/v2\/posts"}],"about":[{"href":"https:\/\/sompirineu.cat\/senderia\/wp-json\/wp\/v2\/types\/post"}],"author":[{"embeddable":true,"href":"https:\/\/sompirineu.cat\/senderia\/wp-json\/wp\/v2\/users\/2"}],"replies":[{"embeddable":true,"href":"https:\/\/sompirineu.cat\/senderia\/wp-json\/wp\/v2\/comments?post=480"}],"version-history":[{"count":3,"href":"https:\/\/sompirineu.cat\/senderia\/wp-json\/wp\/v2\/posts\/480\/revisions"}],"predecessor-version":[{"id":1885,"href":"https:\/\/sompirineu.cat\/senderia\/wp-json\/wp\/v2\/posts\/480\/revisions\/1885"}],"wp:featuredmedia":[{"embeddable":true,"href":"https:\/\/sompirineu.cat\/senderia\/wp-json\/wp\/v2\/media\/481"}],"wp:attachment":[{"href":"https:\/\/sompirineu.cat\/senderia\/wp-json\/wp\/v2\/media?parent=480"}],"wp:term":[{"taxonomy":"category","embeddable":true,"href":"https:\/\/sompirineu.cat\/senderia\/wp-json\/wp\/v2\/categories?post=480"},{"taxonomy":"post_tag","embeddable":true,"href":"https:\/\/sompirineu.cat\/senderia\/wp-json\/wp\/v2\/tags?post=480"}],"curies":[{"name":"wp","href":"https:\/\/api.w.org\/{rel}","templated":true}]}}