{"id":4802,"date":"2022-03-20T04:00:14","date_gmt":"2022-03-20T03:00:14","guid":{"rendered":"https:\/\/sompirineu.cat\/senderia\/?p=4802"},"modified":"2022-03-25T10:12:31","modified_gmt":"2022-03-25T09:12:31","slug":"anunci-de-nous-ajuts-per-als-camins","status":"publish","type":"post","link":"https:\/\/sompirineu.cat\/senderia\/anunci-de-nous-ajuts-per-als-camins\/","title":{"rendered":"Anunci de nous ajuts per als camins"},"content":{"rendered":"<p>Va ser en el marc de la mateixa sessi\u00f3 plen\u00e0ria de la Taula de Camins. Un t\u00e8cnic de la Direcci\u00f3 General de Pol\u00edtiques de Muntanya i del Litoral (l\u2019\u00f2rgan al qual est\u00e0 adscrit l\u2019IDAPA i, per tant, la pr\u00f2pia Taula de Camins) va explicar la reordenaci\u00f3 de les l\u00ednies de subvenci\u00f3 que, en l\u2019\u00e0mbit de la mobilitat de proximitat, s\u2019adrecen a les nou comarques de muntanya i al territori d\u2019Aran. Aix\u00ed, de cara a l\u2019any 2022, es preveu augmentar el pressupost dels ajuts ja existents (per a actuacions de millora de la xarxa ve\u00efnal i rural de camins \u2013que passaran de 2,5 a 6,0 milions d\u2019euros\u2013 i per a neteja de neu de les vies de titularitat municipal \u2013de 300.000 a 350.000 euros), que incideixen sobre els camins rodats, en especial sobre els accessos als nuclis de poblaci\u00f3.<\/p>\n<p>La gran novetat, per\u00f2, \u00e9s la creaci\u00f3 de <strong>dues noves l\u00ednies d\u2019ajuts. <\/strong>En concret:<\/p>\n<ul>\n<li>Realitzaci\u00f3 d\u2019actuacions de manteniment de camins no rodats de titularitat municipal (600.000 \u20ac)<em>. <\/em>Els beneficiaris serien, en principi, els consells comarcals i el Conselh d\u2019Aran.<\/li>\n<li>Elaboraci\u00f3 d\u2019inventaris de camins i ordenances municipals (import no determinat). Els beneficiaris serien, en principi, els ajuntaments.<\/li>\n<\/ul>\n<p>Les previsions inicials d\u2019aquestes noves l\u00ednies d\u2019ajuts s\u00f3n que la convocat\u00f2ria de la primera es publiqui durant el segon semestre de l\u2019any, mentre que de la segona se\u2019n redactaran les bases enguany i la convocat\u00f2ria es publicar\u00e0 a principis de 2023.<\/p>\n<p>Jes\u00fas Fierro, director general de Pol\u00edtiques de Muntanya i del Litoral, va intervenir al final d\u2019aquest bloc per agrair la feina de la Taula de Camins, per recalcar la import\u00e0ncia del manteniment dels camins un cop recuperats i per refermar el comprom\u00eds de la direcci\u00f3 general en aquesta tasca.<\/p>\n","protected":false},"excerpt":{"rendered":"<p>Va ser en el marc de la mateixa sessi\u00f3 plen\u00e0ria de la Taula de Camins. [&hellip;]<\/p>\n","protected":false},"author":3,"featured_media":4893,"comment_status":"closed","ping_status":"closed","sticky":false,"template":"","format":"standard","meta":{"site-sidebar-layout":"default","site-content-layout":"default","ast-site-content-layout":"","site-content-style":"default","site-sidebar-style":"default","ast-global-header-display":"","ast-banner-title-visibility":"","ast-main-header-display":"","ast-hfb-above-header-display":"","ast-hfb-below-header-display":"","ast-hfb-mobile-header-display":"","site-post-title":"","ast-breadcrumbs-content":"","ast-featured-img":"","footer-sml-layout":"","theme-transparent-header-meta":"default","adv-header-id-meta":"","stick-header-meta":"default","header-above-stick-meta":"","header-main-stick-meta":"","header-below-stick-meta":"","astra-migrate-meta-layouts":"default","ast-page-background-enabled":"default","ast-page-background-meta":{"desktop":{"background-color":"var(--ast-global-color-4)","background-image":"","background-repeat":"repeat","background-position":"center center","background-size":"auto","background-attachment":"scroll","background-type":"","background-media":"","overlay-type":"","overlay-color":"","overlay-opacity":"","overlay-gradient":""},"tablet":{"background-color":"","background-image":"","background-repeat":"repeat","background-position":"center center","background-size":"auto","background-attachment":"scroll","background-type":"","background-media":"","overlay-type":"","overlay-color":"","overlay-opacity":"","overlay-gradient":""},"mobile":{"background-color":"","background-image":"","background-repeat":"repeat","background-position":"center center","background-size":"auto","background-attachment":"scroll","background-type":"","background-media":"","overlay-type":"","overlay-color":"","overlay-opacity":"","overlay-gradient":""}},"ast-content-background-meta":{"desktop":{"background-color":"var(--ast-global-color-5)","background-image":"","background-repeat":"repeat","background-position":"center center","background-size":"auto","background-attachment":"scroll","background-type":"","background-media":"","overlay-type":"","overlay-color":"","overlay-opacity":"","overlay-gradient":""},"tablet":{"background-color":"var(--ast-global-color-5)","background-image":"","background-repeat":"repeat","background-position":"center center","background-size":"auto","background-attachment":"scroll","background-type":"","background-media":"","overlay-type":"","overlay-color":"","overlay-opacity":"","overlay-gradient":""},"mobile":{"background-color":"var(--ast-global-color-5)","background-image":"","background-repeat":"repeat","background-position":"center center","background-size":"auto","background-attachment":"scroll","background-type":"","background-media":"","overlay-type":"","overlay-color":"","overlay-opacity":"","overlay-gradient":""}},"footnotes":""},"categories":[7],"tags":[117],"class_list":["post-4802","post","type-post","status-publish","format-standard","has-post-thumbnail","hentry","category-noticies","tag-88-marc-2022"],"_links":{"self":[{"href":"https:\/\/sompirineu.cat\/senderia\/wp-json\/wp\/v2\/posts\/4802","targetHints":{"allow":["GET"]}}],"collection":[{"href":"https:\/\/sompirineu.cat\/senderia\/wp-json\/wp\/v2\/posts"}],"about":[{"href":"https:\/\/sompirineu.cat\/senderia\/wp-json\/wp\/v2\/types\/post"}],"author":[{"embeddable":true,"href":"https:\/\/sompirineu.cat\/senderia\/wp-json\/wp\/v2\/users\/3"}],"replies":[{"embeddable":true,"href":"https:\/\/sompirineu.cat\/senderia\/wp-json\/wp\/v2\/comments?post=4802"}],"version-history":[{"count":3,"href":"https:\/\/sompirineu.cat\/senderia\/wp-json\/wp\/v2\/posts\/4802\/revisions"}],"predecessor-version":[{"id":4892,"href":"https:\/\/sompirineu.cat\/senderia\/wp-json\/wp\/v2\/posts\/4802\/revisions\/4892"}],"wp:featuredmedia":[{"embeddable":true,"href":"https:\/\/sompirineu.cat\/senderia\/wp-json\/wp\/v2\/media\/4893"}],"wp:attachment":[{"href":"https:\/\/sompirineu.cat\/senderia\/wp-json\/wp\/v2\/media?parent=4802"}],"wp:term":[{"taxonomy":"category","embeddable":true,"href":"https:\/\/sompirineu.cat\/senderia\/wp-json\/wp\/v2\/categories?post=4802"},{"taxonomy":"post_tag","embeddable":true,"href":"https:\/\/sompirineu.cat\/senderia\/wp-json\/wp\/v2\/tags?post=4802"}],"curies":[{"name":"wp","href":"https:\/\/api.w.org\/{rel}","templated":true}]}}