{"id":4811,"date":"2022-03-20T12:45:44","date_gmt":"2022-03-20T11:45:44","guid":{"rendered":"https:\/\/sompirineu.cat\/senderia\/?p=4811"},"modified":"2022-03-26T08:36:36","modified_gmt":"2022-03-26T07:36:36","slug":"cesc-capdevila-de-rialp-a-llavorsi-per-sant-roma-de-tavernoles-quarta-etapa-de-ramat-de-camins","status":"publish","type":"post","link":"https:\/\/sompirineu.cat\/senderia\/cesc-capdevila-de-rialp-a-llavorsi-per-sant-roma-de-tavernoles-quarta-etapa-de-ramat-de-camins\/","title":{"rendered":"De Rialp a Llavors\u00ed, per Sant Rom\u00e0 de Tav\u00e8rnoles (quarta etapa de Ramat de Camins)"},"content":{"rendered":"<p>La ra\u00f3 de recomanar-vos aquesta excursi\u00f3 \u00e9s perqu\u00e8 el poble de Sant Rom\u00e0 de Tav\u00e8rnoles \u00e9s especial: sembla impossible que antigament fos tan productiu i que, en no arribar-hi cap pista, el ve\u00efnat es vei\u00e9s obligat a abandonar-lo.<\/p>\n<p>Des de Rialp sortirem per la carretera C-13 direcci\u00f3 Llavors\u00ed, passant pel costat de Fustes Sebastia. El cam\u00ed vell passa pel costat del cementeri de Rialp (carretera a Surp), va fent marrades i poc a poc comencem a tenir unes bones vistes a\u00e8ries del riu Noguera Pallaresa.<\/p>\n<p>Arribats al poble encimbellat de Rod\u00e9s, agafarem el cam\u00ed vell cap a les bordes de Botella. Per arribar-hi, haurem de prendre el cam\u00ed tradicional que creua el barranc de Rod\u00e9s. A poc a poc va guanyant al\u00e7ada fins a fer-se m\u00e9s aeri. Des de les bordes seguirem per una antiga pista que de cop i volta es converteix en un sender. Anirem caminant entre carrasques (<em>Quercus ilex ballota<\/em>), pi roig (<em>Pinus sylvestris<\/em>) i pissarres, fins a arribar al poble de Sant Rom\u00e0.<\/p>\n<p>Sant Rom\u00e0 de Tav\u00e8rnoles actualment est\u00e0 en runes. L\u2019\u00faltima casa habitada va ser cal Batlle, on hi vivien el Cinto i la Teresa. A finals dels anys noranta del segle XX encara hi eren. Amb m\u00e9s de setanta anys, el Cinto baixava cada dia fins a la palanca de Gulleri amb la mula carregada de les grans lleteres plenes. Per cert, a trav\u00e9s del pont de Gulleri, que creua la Noguera Pallaresa, seria una opci\u00f3 m\u00e9s r\u00e0pida d\u2019accedir a Sant Rom\u00e0.<\/p>\n<table>\n<tbody>\n<tr>\n<td width=\"489\"><img fetchpriority=\"high\" decoding=\"async\" class=\"alignnone size-medium wp-image-4728\" src=\"https:\/\/sompirineu.cat\/senderia\/wp-content\/uploads\/2022\/03\/Senderia_1_SI-300x225.jpg\" alt=\"\" width=\"300\" height=\"225\" srcset=\"https:\/\/sompirineu.cat\/senderia\/wp-content\/uploads\/2022\/03\/Senderia_1_SI-300x225.jpg 300w, https:\/\/sompirineu.cat\/senderia\/wp-content\/uploads\/2022\/03\/Senderia_1_SI-1024x768.jpg 1024w, https:\/\/sompirineu.cat\/senderia\/wp-content\/uploads\/2022\/03\/Senderia_1_SI-768x576.jpg 768w, https:\/\/sompirineu.cat\/senderia\/wp-content\/uploads\/2022\/03\/Senderia_1_SI.jpg 1200w\" sizes=\"(max-width: 300px) 100vw, 300px\" \/><\/td>\n<td width=\"489\"><img decoding=\"async\" class=\"alignnone size-medium wp-image-4729\" src=\"https:\/\/sompirineu.cat\/senderia\/wp-content\/uploads\/2022\/03\/Senderia_2_SI-300x225.jpg\" alt=\"\" width=\"300\" height=\"225\" srcset=\"https:\/\/sompirineu.cat\/senderia\/wp-content\/uploads\/2022\/03\/Senderia_2_SI-300x225.jpg 300w, https:\/\/sompirineu.cat\/senderia\/wp-content\/uploads\/2022\/03\/Senderia_2_SI-1024x768.jpg 1024w, https:\/\/sompirineu.cat\/senderia\/wp-content\/uploads\/2022\/03\/Senderia_2_SI-768x576.jpg 768w, https:\/\/sompirineu.cat\/senderia\/wp-content\/uploads\/2022\/03\/Senderia_2_SI.jpg 1200w\" sizes=\"(max-width: 300px) 100vw, 300px\" \/><\/td>\n<\/tr>\n<\/tbody>\n<\/table>\n<p>Des de Sant Rom\u00e0 sortirem pel cam\u00ed del costat de l\u2019abeurador de les vaques. Anirem seguint les marques grogues de pintura i durant una estona caminarem al costat d\u2019un mur de pedra seca amb crestallera. Per\u00f2 vigileu! Perqu\u00e8 de sobte el cam\u00ed es desvia cap a la dreta per anar a buscar dos passos guanyats a la penya. A partir d\u2019aqu\u00ed haurem d\u2019estar atents, perqu\u00e8 els b\u00e0lecs (escobes, en pallar\u00e8s) ens poden tapar les marques de seguiment.<\/p>\n<table>\n<tbody>\n<tr>\n<td width=\"489\"><img decoding=\"async\" class=\"size-medium wp-image-4730\" src=\"https:\/\/sompirineu.cat\/senderia\/wp-content\/uploads\/2022\/03\/Senderia_3_SI-300x169.jpg\" alt=\"\" width=\"300\" height=\"169\" srcset=\"https:\/\/sompirineu.cat\/senderia\/wp-content\/uploads\/2022\/03\/Senderia_3_SI-300x169.jpg 300w, https:\/\/sompirineu.cat\/senderia\/wp-content\/uploads\/2022\/03\/Senderia_3_SI-1024x577.jpg 1024w, https:\/\/sompirineu.cat\/senderia\/wp-content\/uploads\/2022\/03\/Senderia_3_SI-768x433.jpg 768w, https:\/\/sompirineu.cat\/senderia\/wp-content\/uploads\/2022\/03\/Senderia_3_SI.jpg 1200w\" sizes=\"(max-width: 300px) 100vw, 300px\" \/><\/td>\n<td width=\"489\"><img loading=\"lazy\" decoding=\"async\" class=\"size-medium wp-image-4731\" src=\"https:\/\/sompirineu.cat\/senderia\/wp-content\/uploads\/2022\/03\/Senderia_4_SI-300x169.jpg\" alt=\"\" width=\"300\" height=\"169\" srcset=\"https:\/\/sompirineu.cat\/senderia\/wp-content\/uploads\/2022\/03\/Senderia_4_SI-300x169.jpg 300w, https:\/\/sompirineu.cat\/senderia\/wp-content\/uploads\/2022\/03\/Senderia_4_SI-1024x577.jpg 1024w, https:\/\/sompirineu.cat\/senderia\/wp-content\/uploads\/2022\/03\/Senderia_4_SI-768x433.jpg 768w, https:\/\/sompirineu.cat\/senderia\/wp-content\/uploads\/2022\/03\/Senderia_4_SI.jpg 1200w\" sizes=\"(max-width: 300px) 100vw, 300px\" \/><\/td>\n<\/tr>\n<\/tbody>\n<\/table>\n<p>Quan arribem a la serra de Canaledo canviarem de vessant i de vegetaci\u00f3. Aqu\u00ed comen\u00e7arem la llarga baixada pel bosc d\u2019Arnui que ens portar\u00e0 a Llavors\u00ed. Gran part d\u2019aquest bosc \u00e9s producte d\u2019una reforestaci\u00f3 feta l\u2019any 1928 per la Confederaci\u00f3 Hidrogr\u00e0fica de l&#8217;Ebre. Abans de fer-se, aquests vessants tenien un greu problema d\u2019erosi\u00f3 i d\u2019esllavissades de pedres, algunes de les quals havien arribat a provocar importants danys al poble de Llavors\u00ed i al riu Noguera Pallaresa. La soluci\u00f3 de la CHE va ser expropiar tota la part alta de la muntanya al Com\u00fa de Ve\u00efns i, seguidament, dur a terme una extensa reforestaci\u00f3 per frenar l&#8217;erosi\u00f3 i estabilitzar els vessants. Avui, la d&#8217;Arnui \u00e9s una de les bosc\u00faries m\u00e9s importants del Pallars Sobir\u00e0, ja que va quedar protegida de les tales per tal d&#8217;assegurar la seva funci\u00f3 protectora. No s\u2019hi ha constru\u00eft cap pista ni carretera i \u00e9s un ecosistema forestal madur de gran valor natural.<\/p>\n<p>Llavors\u00ed, com Sort, \u00e9s una poblaci\u00f3 coneguda pels esports d&#8217;aventura. Just on s&#8217;uneixen la Noguera Pallaresa amb la Noguera de Card\u00f3s les empreses de r\u00e0fting comencen el descens pel riu. Tamb\u00e9 hi t\u00e9 la seu el Parc Natural de l&#8217;Alt Pirineu.<\/p>\n","protected":false},"excerpt":{"rendered":"<p>Amb Cesc Capdevila<\/p>\n","protected":false},"author":3,"featured_media":4726,"comment_status":"closed","ping_status":"closed","sticky":false,"template":"","format":"standard","meta":{"site-sidebar-layout":"default","site-content-layout":"default","ast-site-content-layout":"","site-content-style":"default","site-sidebar-style":"default","ast-global-header-display":"","ast-banner-title-visibility":"","ast-main-header-display":"","ast-hfb-above-header-display":"","ast-hfb-below-header-display":"","ast-hfb-mobile-header-display":"","site-post-title":"","ast-breadcrumbs-content":"","ast-featured-img":"","footer-sml-layout":"","theme-transparent-header-meta":"default","adv-header-id-meta":"","stick-header-meta":"default","header-above-stick-meta":"","header-main-stick-meta":"","header-below-stick-meta":"","astra-migrate-meta-layouts":"default","ast-page-background-enabled":"default","ast-page-background-meta":{"desktop":{"background-color":"var(--ast-global-color-4)","background-image":"","background-repeat":"repeat","background-position":"center center","background-size":"auto","background-attachment":"scroll","background-type":"","background-media":"","overlay-type":"","overlay-color":"","overlay-opacity":"","overlay-gradient":""},"tablet":{"background-color":"","background-image":"","background-repeat":"repeat","background-position":"center center","background-size":"auto","background-attachment":"scroll","background-type":"","background-media":"","overlay-type":"","overlay-color":"","overlay-opacity":"","overlay-gradient":""},"mobile":{"background-color":"","background-image":"","background-repeat":"repeat","background-position":"center center","background-size":"auto","background-attachment":"scroll","background-type":"","background-media":"","overlay-type":"","overlay-color":"","overlay-opacity":"","overlay-gradient":""}},"ast-content-background-meta":{"desktop":{"background-color":"var(--ast-global-color-5)","background-image":"","background-repeat":"repeat","background-position":"center center","background-size":"auto","background-attachment":"scroll","background-type":"","background-media":"","overlay-type":"","overlay-color":"","overlay-opacity":"","overlay-gradient":""},"tablet":{"background-color":"var(--ast-global-color-5)","background-image":"","background-repeat":"repeat","background-position":"center center","background-size":"auto","background-attachment":"scroll","background-type":"","background-media":"","overlay-type":"","overlay-color":"","overlay-opacity":"","overlay-gradient":""},"mobile":{"background-color":"var(--ast-global-color-5)","background-image":"","background-repeat":"repeat","background-position":"center center","background-size":"auto","background-attachment":"scroll","background-type":"","background-media":"","overlay-type":"","overlay-color":"","overlay-opacity":"","overlay-gradient":""}},"footnotes":""},"categories":[6],"tags":[117],"class_list":["post-4811","post","type-post","status-publish","format-standard","has-post-thumbnail","hentry","category-una-caminada-amb","tag-88-marc-2022"],"_links":{"self":[{"href":"https:\/\/sompirineu.cat\/senderia\/wp-json\/wp\/v2\/posts\/4811","targetHints":{"allow":["GET"]}}],"collection":[{"href":"https:\/\/sompirineu.cat\/senderia\/wp-json\/wp\/v2\/posts"}],"about":[{"href":"https:\/\/sompirineu.cat\/senderia\/wp-json\/wp\/v2\/types\/post"}],"author":[{"embeddable":true,"href":"https:\/\/sompirineu.cat\/senderia\/wp-json\/wp\/v2\/users\/3"}],"replies":[{"embeddable":true,"href":"https:\/\/sompirineu.cat\/senderia\/wp-json\/wp\/v2\/comments?post=4811"}],"version-history":[{"count":6,"href":"https:\/\/sompirineu.cat\/senderia\/wp-json\/wp\/v2\/posts\/4811\/revisions"}],"predecessor-version":[{"id":4920,"href":"https:\/\/sompirineu.cat\/senderia\/wp-json\/wp\/v2\/posts\/4811\/revisions\/4920"}],"wp:featuredmedia":[{"embeddable":true,"href":"https:\/\/sompirineu.cat\/senderia\/wp-json\/wp\/v2\/media\/4726"}],"wp:attachment":[{"href":"https:\/\/sompirineu.cat\/senderia\/wp-json\/wp\/v2\/media?parent=4811"}],"wp:term":[{"taxonomy":"category","embeddable":true,"href":"https:\/\/sompirineu.cat\/senderia\/wp-json\/wp\/v2\/categories?post=4811"},{"taxonomy":"post_tag","embeddable":true,"href":"https:\/\/sompirineu.cat\/senderia\/wp-json\/wp\/v2\/tags?post=4811"}],"curies":[{"name":"wp","href":"https:\/\/api.w.org\/{rel}","templated":true}]}}