{"id":4954,"date":"2022-04-23T04:00:09","date_gmt":"2022-04-23T02:00:09","guid":{"rendered":"https:\/\/sompirineu.cat\/senderia\/?p=4954"},"modified":"2022-04-26T09:07:26","modified_gmt":"2022-04-26T07:07:26","slug":"els-camins-les-histories-i-els-escolars-de-peramola","status":"publish","type":"post","link":"https:\/\/sompirineu.cat\/senderia\/els-camins-les-histories-i-els-escolars-de-peramola\/","title":{"rendered":"Els camins, les hist\u00f2ries i els escolars de Peramola"},"content":{"rendered":"<p>L\u2019exposici\u00f3 <strong><em>Hist\u00f2ries i Camins. Un passeig literari pels camins pirinencs<\/em><\/strong> continua la seva itiner\u00e0ncia i, a mesura que acumula quil\u00f2metres, es va farcint d\u2019experi\u00e8ncies interessants i divertides que ens agrada compartir.<\/p>\n<p>Resulta que l\u2019estiu passat va fer parada uns dies a Peramola i all\u00e0 devia plantar una llavor que ara fa uns pocs dies ha germinat. Amb l\u2019acompanyament del Marc Cortina, un dels dinamitzadors del projecte, els alumnes de l\u2019escola Sant Miquel han realitzat una sortida \u201cguiada\u201d per un guia molt especial: el Joan Mollev\u00ed, un padr\u00ed del poble que els va dur d\u2019excursi\u00f3 pel cam\u00ed que ell utilitzava a diari quan era petit per anar de casa seva a l\u2019escola. Durant el trajecte, els explicava els sons, les sensacions i les an\u00e8cdotes que li van passar per aquell cam\u00ed. Els alumnes, a banda de caminar i escoltar, van dibuixar-les. Ho podeu veure <a href=\"https:\/\/agora.xtec.cat\/escolasantmiqueldeperamola\/wp-content\/uploads\/usu2235\/2022\/04\/CAMINS-PER-ANAR-A-LESCOLA-1-1.pdf\" target=\"_blank\" rel=\"noopener\">aqu\u00ed<\/a> i <a href=\"https:\/\/agora.xtec.cat\/escolasantmiqueldeperamola\/wp-content\/uploads\/usu2235\/2022\/04\/CAMINS-PER-ANAR-A-LESCOLA-2.-1.pdf\" target=\"_blank\" rel=\"noopener\">aqu\u00ed<\/a>.<\/p>\n<p>Un dels principals objectius d\u2019Hist\u00f2ries i Camins \u00e9s \u201cinocular\u201d en els m\u00e9s joves l\u2019estima pels camins i pel patrimoni (tamb\u00e9 l\u2019oral) associat. En aquest sentit, doncs, l\u2019experi\u00e8ncia de Peramola \u00e9s magn\u00edfica. I podem afegir que, des d\u2019IDAPA i amb la col\u00b7laboraci\u00f3 d\u2019expertes professionals, s\u2019est\u00e0 avan\u00e7ant en la creaci\u00f3 de recursos pedag\u00f2gics vinculats amb el projecte per tal que ja durant el proper curs escolar puguin estar disponibles per als centres interessats. Continuarem informant&#8230;<\/p>\n","protected":false},"excerpt":{"rendered":"<p>L\u2019exposici\u00f3 Hist\u00f2ries i Camins. Un passeig literari pels camins pirinencs continua la seva itiner\u00e0ncia i, [&hellip;]<\/p>\n","protected":false},"author":3,"featured_media":4940,"comment_status":"closed","ping_status":"closed","sticky":false,"template":"","format":"standard","meta":{"site-sidebar-layout":"default","site-content-layout":"default","ast-site-content-layout":"","site-content-style":"default","site-sidebar-style":"default","ast-global-header-display":"","ast-banner-title-visibility":"","ast-main-header-display":"","ast-hfb-above-header-display":"","ast-hfb-below-header-display":"","ast-hfb-mobile-header-display":"","site-post-title":"","ast-breadcrumbs-content":"","ast-featured-img":"","footer-sml-layout":"","theme-transparent-header-meta":"default","adv-header-id-meta":"","stick-header-meta":"default","header-above-stick-meta":"","header-main-stick-meta":"","header-below-stick-meta":"","astra-migrate-meta-layouts":"default","ast-page-background-enabled":"default","ast-page-background-meta":{"desktop":{"background-color":"var(--ast-global-color-4)","background-image":"","background-repeat":"repeat","background-position":"center center","background-size":"auto","background-attachment":"scroll","background-type":"","background-media":"","overlay-type":"","overlay-color":"","overlay-opacity":"","overlay-gradient":""},"tablet":{"background-color":"","background-image":"","background-repeat":"repeat","background-position":"center center","background-size":"auto","background-attachment":"scroll","background-type":"","background-media":"","overlay-type":"","overlay-color":"","overlay-opacity":"","overlay-gradient":""},"mobile":{"background-color":"","background-image":"","background-repeat":"repeat","background-position":"center center","background-size":"auto","background-attachment":"scroll","background-type":"","background-media":"","overlay-type":"","overlay-color":"","overlay-opacity":"","overlay-gradient":""}},"ast-content-background-meta":{"desktop":{"background-color":"var(--ast-global-color-5)","background-image":"","background-repeat":"repeat","background-position":"center center","background-size":"auto","background-attachment":"scroll","background-type":"","background-media":"","overlay-type":"","overlay-color":"","overlay-opacity":"","overlay-gradient":""},"tablet":{"background-color":"var(--ast-global-color-5)","background-image":"","background-repeat":"repeat","background-position":"center center","background-size":"auto","background-attachment":"scroll","background-type":"","background-media":"","overlay-type":"","overlay-color":"","overlay-opacity":"","overlay-gradient":""},"mobile":{"background-color":"var(--ast-global-color-5)","background-image":"","background-repeat":"repeat","background-position":"center center","background-size":"auto","background-attachment":"scroll","background-type":"","background-media":"","overlay-type":"","overlay-color":"","overlay-opacity":"","overlay-gradient":""}},"footnotes":""},"categories":[7],"tags":[120],"class_list":["post-4954","post","type-post","status-publish","format-standard","has-post-thumbnail","hentry","category-noticies","tag-89-abril-2022"],"_links":{"self":[{"href":"https:\/\/sompirineu.cat\/senderia\/wp-json\/wp\/v2\/posts\/4954","targetHints":{"allow":["GET"]}}],"collection":[{"href":"https:\/\/sompirineu.cat\/senderia\/wp-json\/wp\/v2\/posts"}],"about":[{"href":"https:\/\/sompirineu.cat\/senderia\/wp-json\/wp\/v2\/types\/post"}],"author":[{"embeddable":true,"href":"https:\/\/sompirineu.cat\/senderia\/wp-json\/wp\/v2\/users\/3"}],"replies":[{"embeddable":true,"href":"https:\/\/sompirineu.cat\/senderia\/wp-json\/wp\/v2\/comments?post=4954"}],"version-history":[{"count":2,"href":"https:\/\/sompirineu.cat\/senderia\/wp-json\/wp\/v2\/posts\/4954\/revisions"}],"predecessor-version":[{"id":4956,"href":"https:\/\/sompirineu.cat\/senderia\/wp-json\/wp\/v2\/posts\/4954\/revisions\/4956"}],"wp:featuredmedia":[{"embeddable":true,"href":"https:\/\/sompirineu.cat\/senderia\/wp-json\/wp\/v2\/media\/4940"}],"wp:attachment":[{"href":"https:\/\/sompirineu.cat\/senderia\/wp-json\/wp\/v2\/media?parent=4954"}],"wp:term":[{"taxonomy":"category","embeddable":true,"href":"https:\/\/sompirineu.cat\/senderia\/wp-json\/wp\/v2\/categories?post=4954"},{"taxonomy":"post_tag","embeddable":true,"href":"https:\/\/sompirineu.cat\/senderia\/wp-json\/wp\/v2\/tags?post=4954"}],"curies":[{"name":"wp","href":"https:\/\/api.w.org\/{rel}","templated":true}]}}