{"id":5015,"date":"2022-05-20T03:00:25","date_gmt":"2022-05-20T01:00:25","guid":{"rendered":"https:\/\/sompirineu.cat\/senderia\/?p=5015"},"modified":"2022-05-24T09:39:28","modified_gmt":"2022-05-24T07:39:28","slug":"un-mirador-dues-visions","status":"publish","type":"post","link":"https:\/\/sompirineu.cat\/senderia\/un-mirador-dues-visions\/","title":{"rendered":"Un mirador, dues visions"},"content":{"rendered":"<p>La Diputaci\u00f3 de Lleida, amb el finan\u00e7ament dels fons europeus FEDER, est\u00e0 executant el projecte <strong><em>Camins tradicionals dels Pirineu,<\/em><\/strong> una iniciativa que aprofita la xarxa de camins hist\u00f2rics per estimular la pr\u00e0ctica del senderisme com una activitat d&#8217;ecoturisme vinculada a la mobilitat lenta i sostenible. Aquest darrer mes d\u2019abril, s\u2019ha iniciat el procediment de licitaci\u00f3 de diverses obres d\u2019adequaci\u00f3 i senyalitzaci\u00f3 per un valor superior a 1.000.000 \u20ac en els territoris que constitueixen l\u2019\u00e0mbit del projecte.<\/p>\n<p>Una d\u2019aquestes actuacions, que comporta la construcci\u00f3 dels miradors de la Roca Regina i l\u2019arranjament dels accessos i camins d\u2019acc\u00e9s, a la serra del Montsec, ha aixecat una certa polseguera, sobretot a la comarca del Pallars Juss\u00e0. \u00a0La premsa s\u2019ha fet ress\u00f2 dels arguments dels defensors i detractors de l\u2019actuaci\u00f3 i ara els posem al vostre abast per tal que traieu les oportunes conclusions: \u00a0<em>El mirador de Roca Regina, una gran oportunitat per a la ciutat de Lleida<\/em> (<a href=\"https:\/\/eur03.safelinks.protection.outlook.com\/?url=https%3A%2F%2Fwww.segre.com%2Fnoticies%2Fopinio%2Ftribuna%2F2022%2F03%2F30%2Fel_mirador_roca_regina_una_gran_oportunitat_per_la_ciutat_lleida_166195_1128.html&amp;data=05%7C01%7Cagusti.andres%40gencat.cat%7C78a47c8271cf4c12286a08da372da0b4%7C3b9427dcd30e43bc8c06ff7253676fec%7C1%7C0%7C637882966346007696%7CUnknown%7CTWFpbGZsb3d8eyJWIjoiMC4wLjAwMDAiLCJQIjoiV2luMzIiLCJBTiI6Ik1haWwiLCJXVCI6Mn0%3D%7C3000%7C%7C%7C&amp;sdata=2vhoDYfo4XkMeibYkmvK1pGdJUtSCvBYColH4OAamW4%3D&amp;reserved=0\" target=\"_blank\" rel=\"noopener\">clic<\/a>) i <em>Per qu\u00e8 no s\u2019ha de fer el mirador-plataforma de Roca Regina<\/em> (<a href=\"https:\/\/secure-web.cisco.com\/1I6FxRagwDJ8wePHiVIMh1vmymqjL4r1m1VNhaPPjkKu7EkNIcSU2D_HvWttWwbz1hY3XxWvv2l0aGPcer7e-A8_ne5Mki-GUNvUJ98cT5PNnlJFle0Txf7V7Ylm_UlvQYklfetCvxyCvaxOxq6Ekz4Krt1QzEMkCJeHn_3yLQ5YFZnlh_RdhhMpOvL4QIYkYlAquIEr8or3bN5hP_-HMUwQ0X7x0spVvG5zy_YTWs4o3KTrb1kRqnjfUTF-Kh_4zDXp_zcFIYp57LWyZkenyOE3J8x7QAbZCEQwjPzTleE0WzaYsz5kx7Nn-Xr7_Byx_9m4hML3qyoEO7SuSYLfytxq9ctr-NJdTk2L15m_hXke4-PWQUogD63TmTXE6UyOZisYdEWvZUIVnJBGO73VCUXpDraYDvRAEriC4xI_jwPPzjraCFAFztPWIOKs8bCuQwHTZ6ayUafBniFpibGPN9_VImcW0fh9My9bmCSWQiYLTaEhkTaFEELz9Rf4trQWb\/https%3A%2F%2Fwww.pallarsdigital.cat%2Fnoticia%2F16495%2Fopinio-per-que-no-mirador-plataforma-roca-regina\" target=\"_blank\" rel=\"noopener\">clac<\/a>).<\/p>\n","protected":false},"excerpt":{"rendered":"<p>La Diputaci\u00f3 de Lleida, amb el finan\u00e7ament dels fons europeus FEDER, est\u00e0 executant el projecte [&hellip;]<\/p>\n","protected":false},"author":3,"featured_media":4999,"comment_status":"closed","ping_status":"closed","sticky":false,"template":"","format":"standard","meta":{"site-sidebar-layout":"default","site-content-layout":"default","ast-site-content-layout":"","site-content-style":"default","site-sidebar-style":"default","ast-global-header-display":"","ast-banner-title-visibility":"","ast-main-header-display":"","ast-hfb-above-header-display":"","ast-hfb-below-header-display":"","ast-hfb-mobile-header-display":"","site-post-title":"","ast-breadcrumbs-content":"","ast-featured-img":"","footer-sml-layout":"","theme-transparent-header-meta":"default","adv-header-id-meta":"","stick-header-meta":"default","header-above-stick-meta":"","header-main-stick-meta":"","header-below-stick-meta":"","astra-migrate-meta-layouts":"default","ast-page-background-enabled":"default","ast-page-background-meta":{"desktop":{"background-color":"var(--ast-global-color-4)","background-image":"","background-repeat":"repeat","background-position":"center center","background-size":"auto","background-attachment":"scroll","background-type":"","background-media":"","overlay-type":"","overlay-color":"","overlay-opacity":"","overlay-gradient":""},"tablet":{"background-color":"","background-image":"","background-repeat":"repeat","background-position":"center center","background-size":"auto","background-attachment":"scroll","background-type":"","background-media":"","overlay-type":"","overlay-color":"","overlay-opacity":"","overlay-gradient":""},"mobile":{"background-color":"","background-image":"","background-repeat":"repeat","background-position":"center center","background-size":"auto","background-attachment":"scroll","background-type":"","background-media":"","overlay-type":"","overlay-color":"","overlay-opacity":"","overlay-gradient":""}},"ast-content-background-meta":{"desktop":{"background-color":"var(--ast-global-color-5)","background-image":"","background-repeat":"repeat","background-position":"center center","background-size":"auto","background-attachment":"scroll","background-type":"","background-media":"","overlay-type":"","overlay-color":"","overlay-opacity":"","overlay-gradient":""},"tablet":{"background-color":"var(--ast-global-color-5)","background-image":"","background-repeat":"repeat","background-position":"center center","background-size":"auto","background-attachment":"scroll","background-type":"","background-media":"","overlay-type":"","overlay-color":"","overlay-opacity":"","overlay-gradient":""},"mobile":{"background-color":"var(--ast-global-color-5)","background-image":"","background-repeat":"repeat","background-position":"center center","background-size":"auto","background-attachment":"scroll","background-type":"","background-media":"","overlay-type":"","overlay-color":"","overlay-opacity":"","overlay-gradient":""}},"footnotes":""},"categories":[7],"tags":[121],"class_list":["post-5015","post","type-post","status-publish","format-standard","has-post-thumbnail","hentry","category-noticies","tag-90-maig-2022"],"_links":{"self":[{"href":"https:\/\/sompirineu.cat\/senderia\/wp-json\/wp\/v2\/posts\/5015","targetHints":{"allow":["GET"]}}],"collection":[{"href":"https:\/\/sompirineu.cat\/senderia\/wp-json\/wp\/v2\/posts"}],"about":[{"href":"https:\/\/sompirineu.cat\/senderia\/wp-json\/wp\/v2\/types\/post"}],"author":[{"embeddable":true,"href":"https:\/\/sompirineu.cat\/senderia\/wp-json\/wp\/v2\/users\/3"}],"replies":[{"embeddable":true,"href":"https:\/\/sompirineu.cat\/senderia\/wp-json\/wp\/v2\/comments?post=5015"}],"version-history":[{"count":1,"href":"https:\/\/sompirineu.cat\/senderia\/wp-json\/wp\/v2\/posts\/5015\/revisions"}],"predecessor-version":[{"id":5016,"href":"https:\/\/sompirineu.cat\/senderia\/wp-json\/wp\/v2\/posts\/5015\/revisions\/5016"}],"wp:featuredmedia":[{"embeddable":true,"href":"https:\/\/sompirineu.cat\/senderia\/wp-json\/wp\/v2\/media\/4999"}],"wp:attachment":[{"href":"https:\/\/sompirineu.cat\/senderia\/wp-json\/wp\/v2\/media?parent=5015"}],"wp:term":[{"taxonomy":"category","embeddable":true,"href":"https:\/\/sompirineu.cat\/senderia\/wp-json\/wp\/v2\/categories?post=5015"},{"taxonomy":"post_tag","embeddable":true,"href":"https:\/\/sompirineu.cat\/senderia\/wp-json\/wp\/v2\/tags?post=5015"}],"curies":[{"name":"wp","href":"https:\/\/api.w.org\/{rel}","templated":true}]}}