{"id":5068,"date":"2022-06-20T02:00:09","date_gmt":"2022-06-20T00:00:09","guid":{"rendered":"https:\/\/sompirineu.cat\/senderia\/?p=5068"},"modified":"2022-06-20T12:23:53","modified_gmt":"2022-06-20T10:23:53","slug":"entrepyr-o-la-unio-dels-refugis-pirinencs","status":"publish","type":"post","link":"https:\/\/sompirineu.cat\/senderia\/entrepyr-o-la-unio-dels-refugis-pirinencs\/","title":{"rendered":"Entrepyr, o la uni\u00f3 dels refugis pirinencs"},"content":{"rendered":"<p>Des que, a les primeries del segle XX, van apar\u00e8ixer els primers refugis a Catalunya (comen\u00e7ant pel d\u2019Ulldeter, el 1909) ha plogut molt i amb intensitats diverses. Aix\u00ed, la fase d\u2019impuls de finals dels anys 20, que podia tenir continu\u00eftat amb la creaci\u00f3 del Comit\u00e8 Catal\u00e0 de Refugis, va quedar truncada per la guerra. Despr\u00e9s, unes d\u00e8cades a l\u2019ombra, fins que, cap als anys 60 i, despr\u00e9s, als 80, reapareixen noves construccions i remodelacions d\u2019uns equipaments que, ara, han hagut d\u2019adaptar-se a les noves demandes i necessitats de la societat en l\u2019\u00e0mbit de l\u2019oci a la natura o l\u2019activitat esportiva. Per exemple, la popularitzaci\u00f3 de les travesses que uneixen refugis han contribu\u00eft a diversificar el perfil d\u2019usuaris i han obligat a redefinir el seu paper en el marc de les activitats de muntanya.<\/p>\n<p>En definitiva, la q\u00fcesti\u00f3 \u00e9s que s\u2019ha anat passant del cau a\u00efllat que feia d\u2019aixopluc temporal a l\u2019expert muntanyenc que volia fer cim a una xarxa interconnectada i transfronterera que ha d\u2019afrontar nous reptes per seguir essent competitiva. I justament en aquesta l\u00ednia va la creaci\u00f3 de l\u2019Associaci\u00f3 Entrepyr, a Salard\u00fa , el passat mes d\u2019abril, la\u00a0primera que gestiona una xarxa de refugis (de moment, al voltant d\u2019una seixantena), d\u2019ambd\u00f3s vessants dels Pirineus.<\/p>\n<p>Entre els objectius de l\u2019associaci\u00f3, que \u00e9s la culminaci\u00f3 d\u2019un projecte europeu POCTEFA, hi ha la consolidaci\u00f3 del portal <a href=\"https:\/\/entrepyr.eu\/cat\/\">web<\/a> i de les seves xarxes socials; l\u2019elaboraci\u00f3 d\u2019un pla pirinenc de refugis i l\u2019organitzaci\u00f3 de f\u00f2rums de treball (en la l\u00ednia, imaginem, dels interessants Col\u00b7loquis de Refugis celebrats a Luchon i Benasc). Com diu la not\u00edcia (<a href=\"https:\/\/www.viurealspirineus.cat\/articulo\/societat\/neix-primera-xarxa-refugis-dels-pirineus\/20220425201424032301.html\">clic<\/a>), \u201c<em>un fet hist\u00f2ric en l\u2019\u00e0mbit dels Pirineus\u00a0i en mat\u00e8ria de refugis<\/em>\u201d.<\/p>\n","protected":false},"excerpt":{"rendered":"<p>Des que, a les primeries del segle XX, van apar\u00e8ixer els primers refugis a Catalunya [&hellip;]<\/p>\n","protected":false},"author":3,"featured_media":5062,"comment_status":"closed","ping_status":"closed","sticky":false,"template":"","format":"standard","meta":{"site-sidebar-layout":"default","site-content-layout":"default","ast-site-content-layout":"","site-content-style":"default","site-sidebar-style":"default","ast-global-header-display":"","ast-banner-title-visibility":"","ast-main-header-display":"","ast-hfb-above-header-display":"","ast-hfb-below-header-display":"","ast-hfb-mobile-header-display":"","site-post-title":"","ast-breadcrumbs-content":"","ast-featured-img":"","footer-sml-layout":"","theme-transparent-header-meta":"default","adv-header-id-meta":"","stick-header-meta":"default","header-above-stick-meta":"","header-main-stick-meta":"","header-below-stick-meta":"","astra-migrate-meta-layouts":"default","ast-page-background-enabled":"default","ast-page-background-meta":{"desktop":{"background-color":"var(--ast-global-color-4)","background-image":"","background-repeat":"repeat","background-position":"center center","background-size":"auto","background-attachment":"scroll","background-type":"","background-media":"","overlay-type":"","overlay-color":"","overlay-opacity":"","overlay-gradient":""},"tablet":{"background-color":"","background-image":"","background-repeat":"repeat","background-position":"center center","background-size":"auto","background-attachment":"scroll","background-type":"","background-media":"","overlay-type":"","overlay-color":"","overlay-opacity":"","overlay-gradient":""},"mobile":{"background-color":"","background-image":"","background-repeat":"repeat","background-position":"center center","background-size":"auto","background-attachment":"scroll","background-type":"","background-media":"","overlay-type":"","overlay-color":"","overlay-opacity":"","overlay-gradient":""}},"ast-content-background-meta":{"desktop":{"background-color":"var(--ast-global-color-5)","background-image":"","background-repeat":"repeat","background-position":"center center","background-size":"auto","background-attachment":"scroll","background-type":"","background-media":"","overlay-type":"","overlay-color":"","overlay-opacity":"","overlay-gradient":""},"tablet":{"background-color":"var(--ast-global-color-5)","background-image":"","background-repeat":"repeat","background-position":"center center","background-size":"auto","background-attachment":"scroll","background-type":"","background-media":"","overlay-type":"","overlay-color":"","overlay-opacity":"","overlay-gradient":""},"mobile":{"background-color":"var(--ast-global-color-5)","background-image":"","background-repeat":"repeat","background-position":"center center","background-size":"auto","background-attachment":"scroll","background-type":"","background-media":"","overlay-type":"","overlay-color":"","overlay-opacity":"","overlay-gradient":""}},"footnotes":""},"categories":[7],"tags":[122],"class_list":["post-5068","post","type-post","status-publish","format-standard","has-post-thumbnail","hentry","category-noticies","tag-91-juny-2022"],"_links":{"self":[{"href":"https:\/\/sompirineu.cat\/senderia\/wp-json\/wp\/v2\/posts\/5068","targetHints":{"allow":["GET"]}}],"collection":[{"href":"https:\/\/sompirineu.cat\/senderia\/wp-json\/wp\/v2\/posts"}],"about":[{"href":"https:\/\/sompirineu.cat\/senderia\/wp-json\/wp\/v2\/types\/post"}],"author":[{"embeddable":true,"href":"https:\/\/sompirineu.cat\/senderia\/wp-json\/wp\/v2\/users\/3"}],"replies":[{"embeddable":true,"href":"https:\/\/sompirineu.cat\/senderia\/wp-json\/wp\/v2\/comments?post=5068"}],"version-history":[{"count":3,"href":"https:\/\/sompirineu.cat\/senderia\/wp-json\/wp\/v2\/posts\/5068\/revisions"}],"predecessor-version":[{"id":5097,"href":"https:\/\/sompirineu.cat\/senderia\/wp-json\/wp\/v2\/posts\/5068\/revisions\/5097"}],"wp:featuredmedia":[{"embeddable":true,"href":"https:\/\/sompirineu.cat\/senderia\/wp-json\/wp\/v2\/media\/5062"}],"wp:attachment":[{"href":"https:\/\/sompirineu.cat\/senderia\/wp-json\/wp\/v2\/media?parent=5068"}],"wp:term":[{"taxonomy":"category","embeddable":true,"href":"https:\/\/sompirineu.cat\/senderia\/wp-json\/wp\/v2\/categories?post=5068"},{"taxonomy":"post_tag","embeddable":true,"href":"https:\/\/sompirineu.cat\/senderia\/wp-json\/wp\/v2\/tags?post=5068"}],"curies":[{"name":"wp","href":"https:\/\/api.w.org\/{rel}","templated":true}]}}