{"id":5134,"date":"2022-07-20T04:00:09","date_gmt":"2022-07-20T02:00:09","guid":{"rendered":"https:\/\/sompirineu.cat\/senderia\/?p=5134"},"modified":"2022-07-25T10:00:35","modified_gmt":"2022-07-25T08:00:35","slug":"mes-transhumancia","status":"publish","type":"post","link":"https:\/\/sompirineu.cat\/senderia\/mes-transhumancia\/","title":{"rendered":"M\u00e9s transhum\u00e0ncia"},"content":{"rendered":"<p>Aprofitem el fil obert per continuar amb la transhum\u00e0ncia a trav\u00e9s d\u2019unes noticies breus, per\u00f2 for\u00e7a interessants. La primera fa refer\u00e8ncia a la recuperaci\u00f3 a la Garrotxa, despr\u00e9s de molts anys, del trasllat a peu del bestiar ov\u00ed, concretament des de Mieres fins a les pastures del pla d\u2019Anyella, a Toses, ja al Ripoll\u00e8s. Si llegiu la nota publicada al Punt\/Avui (<a href=\"https:\/\/www.elpuntavui.cat\/societat\/article\/5-societat\/2160058-reivindicant-la-transhumancia.html\" target=\"_blank\" rel=\"noopener\">clac<\/a>), veureu que ha estat tamb\u00e9 un acte reivindicatiu i que l\u2019experi\u00e8ncia no ha estat exempta de dificultats, per la manca d\u2019h\u00e0bit de les ovelles, la poca disponibilitat d\u2019abeuradors o la transformaci\u00f3 dels antics camins ramaders en pistes asfaltades o formigonades.<\/p>\n<p>M\u00e9s al sud, a les terres de l\u2019Ebre, un estol de set artistes (entre els quals David Carab\u00e9n i el mexic\u00e0 <a href=\"https:\/\/librosdelasteroide.com\/libro\/fieras-familiares\" target=\"_blank\" rel=\"noopener\">Andr\u00e9s Cota Hiriart<\/a>) han acompanyat la transhum\u00e0ncia primaveral de bous i vaques en una experi\u00e8ncia no menys reivindicativa que vol demostrar que l\u2019entorn rural \u00e9s tamb\u00e9 un espai de creaci\u00f3 art\u00edstica (<a href=\"https:\/\/www.elnacional.cat\/ca\/cultura\/transhumancia-artistes-revista-arrels_758043_102.html\" target=\"_blank\" rel=\"noopener\">clec<\/a>). Els impulsors de la iniciativa han estat l\u2019escriptor Gabi Mart\u00ednez i la revista Arrels, sobre els quals tamb\u00e9 val la pena \u201crascar\u201d una miqueta: el primer, va publicar fa un parell d\u2019anys <em>Un cambio de verdad<\/em>, cr\u00f2nica de l\u2019hivern que va passar a Extremadura fent de pastor d\u2019ovelles (molt recomanable); la segona, just acaba de dedicar el seu n\u00famero de primavera a la transhum\u00e0ncia (<a href=\"https:\/\/arrels.info\/revista\/transhumancia\/\" target=\"_blank\" rel=\"noopener\">clic<\/a>).<\/p>\n","protected":false},"excerpt":{"rendered":"<p>Aprofitem el fil obert per continuar amb la transhum\u00e0ncia a trav\u00e9s d\u2019unes noticies breus, per\u00f2 [&hellip;]<\/p>\n","protected":false},"author":3,"featured_media":5124,"comment_status":"closed","ping_status":"closed","sticky":false,"template":"","format":"standard","meta":{"site-sidebar-layout":"default","site-content-layout":"default","ast-site-content-layout":"default","site-content-style":"default","site-sidebar-style":"default","ast-global-header-display":"","ast-banner-title-visibility":"","ast-main-header-display":"","ast-hfb-above-header-display":"","ast-hfb-below-header-display":"","ast-hfb-mobile-header-display":"","site-post-title":"","ast-breadcrumbs-content":"","ast-featured-img":"","footer-sml-layout":"","ast-disable-related-posts":"","theme-transparent-header-meta":"default","adv-header-id-meta":"","stick-header-meta":"default","header-above-stick-meta":"","header-main-stick-meta":"","header-below-stick-meta":"","astra-migrate-meta-layouts":"default","ast-page-background-enabled":"default","ast-page-background-meta":{"desktop":{"background-color":"var(--ast-global-color-4)","background-image":"","background-repeat":"repeat","background-position":"center center","background-size":"auto","background-attachment":"scroll","background-type":"","background-media":"","overlay-type":"","overlay-color":"","overlay-opacity":"","overlay-gradient":""},"tablet":{"background-color":"","background-image":"","background-repeat":"repeat","background-position":"center center","background-size":"auto","background-attachment":"scroll","background-type":"","background-media":"","overlay-type":"","overlay-color":"","overlay-opacity":"","overlay-gradient":""},"mobile":{"background-color":"","background-image":"","background-repeat":"repeat","background-position":"center center","background-size":"auto","background-attachment":"scroll","background-type":"","background-media":"","overlay-type":"","overlay-color":"","overlay-opacity":"","overlay-gradient":""}},"ast-content-background-meta":{"desktop":{"background-color":"var(--ast-global-color-5)","background-image":"","background-repeat":"repeat","background-position":"center center","background-size":"auto","background-attachment":"scroll","background-type":"","background-media":"","overlay-type":"","overlay-color":"","overlay-opacity":"","overlay-gradient":""},"tablet":{"background-color":"var(--ast-global-color-5)","background-image":"","background-repeat":"repeat","background-position":"center center","background-size":"auto","background-attachment":"scroll","background-type":"","background-media":"","overlay-type":"","overlay-color":"","overlay-opacity":"","overlay-gradient":""},"mobile":{"background-color":"var(--ast-global-color-5)","background-image":"","background-repeat":"repeat","background-position":"center center","background-size":"auto","background-attachment":"scroll","background-type":"","background-media":"","overlay-type":"","overlay-color":"","overlay-opacity":"","overlay-gradient":""}},"footnotes":""},"categories":[7],"tags":[123],"class_list":["post-5134","post","type-post","status-publish","format-standard","has-post-thumbnail","hentry","category-noticies","tag-92-juliol-agost-2022"],"yoast_head":"<!-- This site is optimized with the Yoast SEO plugin v27.6 - https:\/\/yoast.com\/product\/yoast-seo-wordpress\/ -->\n<title>M\u00e9s transhum\u00e0ncia - SENd\u00c8RIA<\/title>\n<meta name=\"robots\" content=\"index, follow, max-snippet:-1, max-image-preview:large, max-video-preview:-1\" \/>\n<link rel=\"canonical\" href=\"https:\/\/sompirineu.cat\/senderia\/mes-transhumancia\/\" \/>\n<meta property=\"og:locale\" content=\"ca_ES\" \/>\n<meta property=\"og:type\" content=\"article\" \/>\n<meta property=\"og:title\" content=\"M\u00e9s transhum\u00e0ncia - SENd\u00c8RIA\" \/>\n<meta property=\"og:description\" content=\"Aprofitem el fil obert per continuar amb la transhum\u00e0ncia a trav\u00e9s d\u2019unes noticies breus, per\u00f2 [&hellip;]\" \/>\n<meta property=\"og:url\" content=\"https:\/\/sompirineu.cat\/senderia\/mes-transhumancia\/\" \/>\n<meta property=\"og:site_name\" content=\"SENd\u00c8RIA\" \/>\n<meta property=\"article:published_time\" content=\"2022-07-20T02:00:09+00:00\" \/>\n<meta property=\"article:modified_time\" content=\"2022-07-25T08:00:35+00:00\" \/>\n<meta property=\"og:image\" content=\"https:\/\/sompirineu.cat\/senderia\/wp-content\/uploads\/2022\/07\/02_Transhumancia.png\" \/>\n\t<meta property=\"og:image:width\" content=\"992\" \/>\n\t<meta property=\"og:image:height\" content=\"1134\" \/>\n\t<meta property=\"og:image:type\" content=\"image\/png\" \/>\n<meta name=\"author\" content=\"Agust\u00ed Andres Teixidor\" \/>\n<meta name=\"twitter:card\" content=\"summary_large_image\" \/>\n<meta name=\"twitter:label1\" content=\"Escrit per\" \/>\n\t<meta name=\"twitter:data1\" content=\"Agust\u00ed Andres Teixidor\" \/>\n\t<meta name=\"twitter:label2\" content=\"Temps estimat de lectura\" \/>\n\t<meta name=\"twitter:data2\" content=\"1 minut\" \/>\n<script type=\"application\/ld+json\" class=\"yoast-schema-graph\">{\"@context\":\"https:\\\/\\\/schema.org\",\"@graph\":[{\"@type\":\"Article\",\"@id\":\"https:\\\/\\\/sompirineu.cat\\\/senderia\\\/mes-transhumancia\\\/#article\",\"isPartOf\":{\"@id\":\"https:\\\/\\\/sompirineu.cat\\\/senderia\\\/mes-transhumancia\\\/\"},\"author\":{\"name\":\"Agust\u00ed Andres Teixidor\",\"@id\":\"https:\\\/\\\/sompirineu.cat\\\/senderia\\\/#\\\/schema\\\/person\\\/4b895c81844c9dadc657e9cd009c4848\"},\"headline\":\"M\u00e9s transhum\u00e0ncia\",\"datePublished\":\"2022-07-20T02:00:09+00:00\",\"dateModified\":\"2022-07-25T08:00:35+00:00\",\"mainEntityOfPage\":{\"@id\":\"https:\\\/\\\/sompirineu.cat\\\/senderia\\\/mes-transhumancia\\\/\"},\"wordCount\":254,\"publisher\":{\"@id\":\"https:\\\/\\\/sompirineu.cat\\\/senderia\\\/#organization\"},\"image\":{\"@id\":\"https:\\\/\\\/sompirineu.cat\\\/senderia\\\/mes-transhumancia\\\/#primaryimage\"},\"thumbnailUrl\":\"https:\\\/\\\/sompirineu.cat\\\/senderia\\\/wp-content\\\/uploads\\\/2022\\\/07\\\/02_Transhumancia.png\",\"keywords\":[\"92 - juliol\\\/agost 2022\"],\"articleSection\":[\"Not\u00edcies\"],\"inLanguage\":\"ca\"},{\"@type\":\"WebPage\",\"@id\":\"https:\\\/\\\/sompirineu.cat\\\/senderia\\\/mes-transhumancia\\\/\",\"url\":\"https:\\\/\\\/sompirineu.cat\\\/senderia\\\/mes-transhumancia\\\/\",\"name\":\"M\u00e9s transhum\u00e0ncia - SENd\u00c8RIA\",\"isPartOf\":{\"@id\":\"https:\\\/\\\/sompirineu.cat\\\/senderia\\\/#website\"},\"primaryImageOfPage\":{\"@id\":\"https:\\\/\\\/sompirineu.cat\\\/senderia\\\/mes-transhumancia\\\/#primaryimage\"},\"image\":{\"@id\":\"https:\\\/\\\/sompirineu.cat\\\/senderia\\\/mes-transhumancia\\\/#primaryimage\"},\"thumbnailUrl\":\"https:\\\/\\\/sompirineu.cat\\\/senderia\\\/wp-content\\\/uploads\\\/2022\\\/07\\\/02_Transhumancia.png\",\"datePublished\":\"2022-07-20T02:00:09+00:00\",\"dateModified\":\"2022-07-25T08:00:35+00:00\",\"breadcrumb\":{\"@id\":\"https:\\\/\\\/sompirineu.cat\\\/senderia\\\/mes-transhumancia\\\/#breadcrumb\"},\"inLanguage\":\"ca\",\"potentialAction\":[{\"@type\":\"ReadAction\",\"target\":[\"https:\\\/\\\/sompirineu.cat\\\/senderia\\\/mes-transhumancia\\\/\"]}]},{\"@type\":\"ImageObject\",\"inLanguage\":\"ca\",\"@id\":\"https:\\\/\\\/sompirineu.cat\\\/senderia\\\/mes-transhumancia\\\/#primaryimage\",\"url\":\"https:\\\/\\\/sompirineu.cat\\\/senderia\\\/wp-content\\\/uploads\\\/2022\\\/07\\\/02_Transhumancia.png\",\"contentUrl\":\"https:\\\/\\\/sompirineu.cat\\\/senderia\\\/wp-content\\\/uploads\\\/2022\\\/07\\\/02_Transhumancia.png\",\"width\":992,\"height\":1134},{\"@type\":\"BreadcrumbList\",\"@id\":\"https:\\\/\\\/sompirineu.cat\\\/senderia\\\/mes-transhumancia\\\/#breadcrumb\",\"itemListElement\":[{\"@type\":\"ListItem\",\"position\":1,\"name\":\"Inici\",\"item\":\"https:\\\/\\\/sompirineu.cat\\\/senderia\\\/\"},{\"@type\":\"ListItem\",\"position\":2,\"name\":\"M\u00e9s transhum\u00e0ncia\"}]},{\"@type\":\"WebSite\",\"@id\":\"https:\\\/\\\/sompirineu.cat\\\/senderia\\\/#website\",\"url\":\"https:\\\/\\\/sompirineu.cat\\\/senderia\\\/\",\"name\":\"SENd\u00c8RIA\",\"description\":\"Revista dels camins i el caminar\",\"publisher\":{\"@id\":\"https:\\\/\\\/sompirineu.cat\\\/senderia\\\/#organization\"},\"potentialAction\":[{\"@type\":\"SearchAction\",\"target\":{\"@type\":\"EntryPoint\",\"urlTemplate\":\"https:\\\/\\\/sompirineu.cat\\\/senderia\\\/?s={search_term_string}\"},\"query-input\":{\"@type\":\"PropertyValueSpecification\",\"valueRequired\":true,\"valueName\":\"search_term_string\"}}],\"inLanguage\":\"ca\"},{\"@type\":\"Organization\",\"@id\":\"https:\\\/\\\/sompirineu.cat\\\/senderia\\\/#organization\",\"name\":\"SENd\u00c8RIA\",\"url\":\"https:\\\/\\\/sompirineu.cat\\\/senderia\\\/\",\"logo\":{\"@type\":\"ImageObject\",\"inLanguage\":\"ca\",\"@id\":\"https:\\\/\\\/sompirineu.cat\\\/senderia\\\/#\\\/schema\\\/logo\\\/image\\\/\",\"url\":\"https:\\\/\\\/sompirineu.cat\\\/senderia\\\/wp-content\\\/uploads\\\/2025\\\/05\\\/logos-03.png\",\"contentUrl\":\"https:\\\/\\\/sompirineu.cat\\\/senderia\\\/wp-content\\\/uploads\\\/2025\\\/05\\\/logos-03.png\",\"width\":936,\"height\":233,\"caption\":\"SENd\u00c8RIA\"},\"image\":{\"@id\":\"https:\\\/\\\/sompirineu.cat\\\/senderia\\\/#\\\/schema\\\/logo\\\/image\\\/\"}},{\"@type\":\"Person\",\"@id\":\"https:\\\/\\\/sompirineu.cat\\\/senderia\\\/#\\\/schema\\\/person\\\/4b895c81844c9dadc657e9cd009c4848\",\"name\":\"Agust\u00ed Andres Teixidor\",\"image\":{\"@type\":\"ImageObject\",\"inLanguage\":\"ca\",\"@id\":\"https:\\\/\\\/secure.gravatar.com\\\/avatar\\\/ee3adf29368c12e9a02ca971f69562e73f280cc15cb7e71f206eb89583c2d247?s=96&d=mm&r=g\",\"url\":\"https:\\\/\\\/secure.gravatar.com\\\/avatar\\\/ee3adf29368c12e9a02ca971f69562e73f280cc15cb7e71f206eb89583c2d247?s=96&d=mm&r=g\",\"contentUrl\":\"https:\\\/\\\/secure.gravatar.com\\\/avatar\\\/ee3adf29368c12e9a02ca971f69562e73f280cc15cb7e71f206eb89583c2d247?s=96&d=mm&r=g\",\"caption\":\"Agust\u00ed Andres Teixidor\"},\"url\":\"https:\\\/\\\/sompirineu.cat\\\/senderia\\\/author\\\/agusti-andres\\\/\"}]}<\/script>\n<!-- \/ Yoast SEO plugin. -->","yoast_head_json":{"title":"M\u00e9s transhum\u00e0ncia - SENd\u00c8RIA","robots":{"index":"index","follow":"follow","max-snippet":"max-snippet:-1","max-image-preview":"max-image-preview:large","max-video-preview":"max-video-preview:-1"},"canonical":"https:\/\/sompirineu.cat\/senderia\/mes-transhumancia\/","og_locale":"ca_ES","og_type":"article","og_title":"M\u00e9s transhum\u00e0ncia - SENd\u00c8RIA","og_description":"Aprofitem el fil obert per continuar amb la transhum\u00e0ncia a trav\u00e9s d\u2019unes noticies breus, per\u00f2 [&hellip;]","og_url":"https:\/\/sompirineu.cat\/senderia\/mes-transhumancia\/","og_site_name":"SENd\u00c8RIA","article_published_time":"2022-07-20T02:00:09+00:00","article_modified_time":"2022-07-25T08:00:35+00:00","og_image":[{"width":992,"height":1134,"url":"https:\/\/sompirineu.cat\/senderia\/wp-content\/uploads\/2022\/07\/02_Transhumancia.png","type":"image\/png"}],"author":"Agust\u00ed Andres Teixidor","twitter_card":"summary_large_image","twitter_misc":{"Escrit per":"Agust\u00ed Andres Teixidor","Temps estimat de lectura":"1 minut"},"schema":{"@context":"https:\/\/schema.org","@graph":[{"@type":"Article","@id":"https:\/\/sompirineu.cat\/senderia\/mes-transhumancia\/#article","isPartOf":{"@id":"https:\/\/sompirineu.cat\/senderia\/mes-transhumancia\/"},"author":{"name":"Agust\u00ed Andres Teixidor","@id":"https:\/\/sompirineu.cat\/senderia\/#\/schema\/person\/4b895c81844c9dadc657e9cd009c4848"},"headline":"M\u00e9s transhum\u00e0ncia","datePublished":"2022-07-20T02:00:09+00:00","dateModified":"2022-07-25T08:00:35+00:00","mainEntityOfPage":{"@id":"https:\/\/sompirineu.cat\/senderia\/mes-transhumancia\/"},"wordCount":254,"publisher":{"@id":"https:\/\/sompirineu.cat\/senderia\/#organization"},"image":{"@id":"https:\/\/sompirineu.cat\/senderia\/mes-transhumancia\/#primaryimage"},"thumbnailUrl":"https:\/\/sompirineu.cat\/senderia\/wp-content\/uploads\/2022\/07\/02_Transhumancia.png","keywords":["92 - juliol\/agost 2022"],"articleSection":["Not\u00edcies"],"inLanguage":"ca"},{"@type":"WebPage","@id":"https:\/\/sompirineu.cat\/senderia\/mes-transhumancia\/","url":"https:\/\/sompirineu.cat\/senderia\/mes-transhumancia\/","name":"M\u00e9s transhum\u00e0ncia - SENd\u00c8RIA","isPartOf":{"@id":"https:\/\/sompirineu.cat\/senderia\/#website"},"primaryImageOfPage":{"@id":"https:\/\/sompirineu.cat\/senderia\/mes-transhumancia\/#primaryimage"},"image":{"@id":"https:\/\/sompirineu.cat\/senderia\/mes-transhumancia\/#primaryimage"},"thumbnailUrl":"https:\/\/sompirineu.cat\/senderia\/wp-content\/uploads\/2022\/07\/02_Transhumancia.png","datePublished":"2022-07-20T02:00:09+00:00","dateModified":"2022-07-25T08:00:35+00:00","breadcrumb":{"@id":"https:\/\/sompirineu.cat\/senderia\/mes-transhumancia\/#breadcrumb"},"inLanguage":"ca","potentialAction":[{"@type":"ReadAction","target":["https:\/\/sompirineu.cat\/senderia\/mes-transhumancia\/"]}]},{"@type":"ImageObject","inLanguage":"ca","@id":"https:\/\/sompirineu.cat\/senderia\/mes-transhumancia\/#primaryimage","url":"https:\/\/sompirineu.cat\/senderia\/wp-content\/uploads\/2022\/07\/02_Transhumancia.png","contentUrl":"https:\/\/sompirineu.cat\/senderia\/wp-content\/uploads\/2022\/07\/02_Transhumancia.png","width":992,"height":1134},{"@type":"BreadcrumbList","@id":"https:\/\/sompirineu.cat\/senderia\/mes-transhumancia\/#breadcrumb","itemListElement":[{"@type":"ListItem","position":1,"name":"Inici","item":"https:\/\/sompirineu.cat\/senderia\/"},{"@type":"ListItem","position":2,"name":"M\u00e9s transhum\u00e0ncia"}]},{"@type":"WebSite","@id":"https:\/\/sompirineu.cat\/senderia\/#website","url":"https:\/\/sompirineu.cat\/senderia\/","name":"SENd\u00c8RIA","description":"Revista dels camins i el caminar","publisher":{"@id":"https:\/\/sompirineu.cat\/senderia\/#organization"},"potentialAction":[{"@type":"SearchAction","target":{"@type":"EntryPoint","urlTemplate":"https:\/\/sompirineu.cat\/senderia\/?s={search_term_string}"},"query-input":{"@type":"PropertyValueSpecification","valueRequired":true,"valueName":"search_term_string"}}],"inLanguage":"ca"},{"@type":"Organization","@id":"https:\/\/sompirineu.cat\/senderia\/#organization","name":"SENd\u00c8RIA","url":"https:\/\/sompirineu.cat\/senderia\/","logo":{"@type":"ImageObject","inLanguage":"ca","@id":"https:\/\/sompirineu.cat\/senderia\/#\/schema\/logo\/image\/","url":"https:\/\/sompirineu.cat\/senderia\/wp-content\/uploads\/2025\/05\/logos-03.png","contentUrl":"https:\/\/sompirineu.cat\/senderia\/wp-content\/uploads\/2025\/05\/logos-03.png","width":936,"height":233,"caption":"SENd\u00c8RIA"},"image":{"@id":"https:\/\/sompirineu.cat\/senderia\/#\/schema\/logo\/image\/"}},{"@type":"Person","@id":"https:\/\/sompirineu.cat\/senderia\/#\/schema\/person\/4b895c81844c9dadc657e9cd009c4848","name":"Agust\u00ed Andres Teixidor","image":{"@type":"ImageObject","inLanguage":"ca","@id":"https:\/\/secure.gravatar.com\/avatar\/ee3adf29368c12e9a02ca971f69562e73f280cc15cb7e71f206eb89583c2d247?s=96&d=mm&r=g","url":"https:\/\/secure.gravatar.com\/avatar\/ee3adf29368c12e9a02ca971f69562e73f280cc15cb7e71f206eb89583c2d247?s=96&d=mm&r=g","contentUrl":"https:\/\/secure.gravatar.com\/avatar\/ee3adf29368c12e9a02ca971f69562e73f280cc15cb7e71f206eb89583c2d247?s=96&d=mm&r=g","caption":"Agust\u00ed Andres Teixidor"},"url":"https:\/\/sompirineu.cat\/senderia\/author\/agusti-andres\/"}]}},"_links":{"self":[{"href":"https:\/\/sompirineu.cat\/senderia\/wp-json\/wp\/v2\/posts\/5134","targetHints":{"allow":["GET"]}}],"collection":[{"href":"https:\/\/sompirineu.cat\/senderia\/wp-json\/wp\/v2\/posts"}],"about":[{"href":"https:\/\/sompirineu.cat\/senderia\/wp-json\/wp\/v2\/types\/post"}],"author":[{"embeddable":true,"href":"https:\/\/sompirineu.cat\/senderia\/wp-json\/wp\/v2\/users\/3"}],"replies":[{"embeddable":true,"href":"https:\/\/sompirineu.cat\/senderia\/wp-json\/wp\/v2\/comments?post=5134"}],"version-history":[{"count":2,"href":"https:\/\/sompirineu.cat\/senderia\/wp-json\/wp\/v2\/posts\/5134\/revisions"}],"predecessor-version":[{"id":5175,"href":"https:\/\/sompirineu.cat\/senderia\/wp-json\/wp\/v2\/posts\/5134\/revisions\/5175"}],"wp:featuredmedia":[{"embeddable":true,"href":"https:\/\/sompirineu.cat\/senderia\/wp-json\/wp\/v2\/media\/5124"}],"wp:attachment":[{"href":"https:\/\/sompirineu.cat\/senderia\/wp-json\/wp\/v2\/media?parent=5134"}],"wp:term":[{"taxonomy":"category","embeddable":true,"href":"https:\/\/sompirineu.cat\/senderia\/wp-json\/wp\/v2\/categories?post=5134"},{"taxonomy":"post_tag","embeddable":true,"href":"https:\/\/sompirineu.cat\/senderia\/wp-json\/wp\/v2\/tags?post=5134"}],"curies":[{"name":"wp","href":"https:\/\/api.w.org\/{rel}","templated":true}]}}