{"id":5136,"date":"2022-07-20T03:00:26","date_gmt":"2022-07-20T01:00:26","guid":{"rendered":"https:\/\/sompirineu.cat\/senderia\/?p=5136"},"modified":"2022-07-25T10:00:35","modified_gmt":"2022-07-25T08:00:35","slug":"accedir-al-medi-natural-si-pero-amb-ordre","status":"publish","type":"post","link":"https:\/\/sompirineu.cat\/senderia\/accedir-al-medi-natural-si-pero-amb-ordre\/","title":{"rendered":"Accedir al medi natural: s\u00ed, per\u00f2 amb ordre"},"content":{"rendered":"<p>Ja estan en marxa, i s\u2019intensificaran durant el mes d\u2019agost, les mesures restrictives per ordenar l\u2019acc\u00e9s i evitar aglomeracions en els espais naturals gestionats pel Departament d\u2019Acci\u00f3 Clim\u00e0tica, Alimentaci\u00f3 i Agenda Rural.<\/p>\n<p>En l\u2019\u00e0mbit de l\u2019Alt Pirineu i Aran, i com l\u2019any passat, s\u2019implanta el sistema de reserva d\u2019aparcament en l\u00ednia per a aquells vehicles que vagin m\u00e9s enll\u00e0 d\u2019\u00c0reu, en direcci\u00f3 a la Pica d\u2019Estats, i es far\u00e0 una prova pilot per ordenar l\u2019acc\u00e9s a la vall de Bonab\u00e9. Tamb\u00e9 s\u2019estableix un servei de reserva pr\u00e8via en l\u2019aparcament dels Banhs de Tred\u00f2s, per a l\u2019acc\u00e9s al Parc Nacional d\u2019Aig\u00fcestortes i Estany de Sant Maurici. Aqu\u00ed (<a href=\"https:\/\/govern.cat\/salapremsa\/notes-premsa\/422643\/parcs-naturals-regulen-nou-aquest-estiu-lacces-motoritzat-evitar-aglomeracions-que-posin-risc-capacitat-dacollida-del-medi-natural\" target=\"_blank\" rel=\"noopener\">clic<\/a>) es poden consultar amb un major detall les distintes mesures aplicades en aquests i altres espais del territori catal\u00e0.<\/p>\n<p>Diversos ens locals tamb\u00e9 estant aplicant restriccions en els accessos a determinats espais: aix\u00ed, per exemple, <a href=\"https:\/\/www.regio7.cat\/cerdanya-alt-urgell\/2022\/07\/01\/lles-repeteix-i-amplia-linia-67853742.html\" target=\"_blank\" rel=\"noopener\">Lles de Cerdanya<\/a>, continuar\u00e0 l\u2019experi\u00e8ncia iniciada l\u2019any passat de tancar l\u2019acc\u00e9s motoritzat en vehicle privat a les pistes que uneixen Cap del Rec, les Pollineres i Ar\u00e0nser i d\u2019oferir un servei de transport p\u00fablic que enguany s\u2019ajustar\u00e0 encara millor a les necessitats dels usuaris. I en altres \u00e0rees molt freq\u00fcentades, com s\u00f3n els gorgs de <a href=\"https:\/\/www.torrentdelacabana.cat\/ca\/planifica-la-visita\/informacio-practica\/\" target=\"_blank\" rel=\"noopener\">Campdev\u00e0nol<\/a> o de <a href=\"https:\/\/www.fundacioemys.org\/experiencies\/gorgslesplanes\/\" target=\"_blank\" rel=\"noopener\">les Planes d\u2019Host\u00f2les<\/a>, es limita l\u2019acc\u00e9s en funci\u00f3 de la seva c\u00e0rrega \u00f2ptima, amb el filtre que suposa la necessitat de tenir una reserva pr\u00e8via. Bones mesures, totes aquestes i moltes altres que ens deixem, per evitar posar en risc la capacitat d\u2019acollida del medi natural.<\/p>\n<p>Atenci\u00f3, tamb\u00e9, abans d\u2019accedir al medi natural, a les restriccions m\u00e9s conjunturals degudes a les onades de calor i al conseg\u00fcent perill d\u2019incendis.<\/p>\n","protected":false},"excerpt":{"rendered":"<p>Ja estan en marxa, i s\u2019intensificaran durant el mes d\u2019agost, les mesures restrictives per ordenar [&hellip;]<\/p>\n","protected":false},"author":3,"featured_media":5125,"comment_status":"closed","ping_status":"closed","sticky":false,"template":"","format":"standard","meta":{"site-sidebar-layout":"default","site-content-layout":"default","ast-site-content-layout":"","site-content-style":"default","site-sidebar-style":"default","ast-global-header-display":"","ast-banner-title-visibility":"","ast-main-header-display":"","ast-hfb-above-header-display":"","ast-hfb-below-header-display":"","ast-hfb-mobile-header-display":"","site-post-title":"","ast-breadcrumbs-content":"","ast-featured-img":"","footer-sml-layout":"","theme-transparent-header-meta":"default","adv-header-id-meta":"","stick-header-meta":"default","header-above-stick-meta":"","header-main-stick-meta":"","header-below-stick-meta":"","astra-migrate-meta-layouts":"default","ast-page-background-enabled":"default","ast-page-background-meta":{"desktop":{"background-color":"var(--ast-global-color-4)","background-image":"","background-repeat":"repeat","background-position":"center center","background-size":"auto","background-attachment":"scroll","background-type":"","background-media":"","overlay-type":"","overlay-color":"","overlay-opacity":"","overlay-gradient":""},"tablet":{"background-color":"","background-image":"","background-repeat":"repeat","background-position":"center center","background-size":"auto","background-attachment":"scroll","background-type":"","background-media":"","overlay-type":"","overlay-color":"","overlay-opacity":"","overlay-gradient":""},"mobile":{"background-color":"","background-image":"","background-repeat":"repeat","background-position":"center center","background-size":"auto","background-attachment":"scroll","background-type":"","background-media":"","overlay-type":"","overlay-color":"","overlay-opacity":"","overlay-gradient":""}},"ast-content-background-meta":{"desktop":{"background-color":"var(--ast-global-color-5)","background-image":"","background-repeat":"repeat","background-position":"center center","background-size":"auto","background-attachment":"scroll","background-type":"","background-media":"","overlay-type":"","overlay-color":"","overlay-opacity":"","overlay-gradient":""},"tablet":{"background-color":"var(--ast-global-color-5)","background-image":"","background-repeat":"repeat","background-position":"center center","background-size":"auto","background-attachment":"scroll","background-type":"","background-media":"","overlay-type":"","overlay-color":"","overlay-opacity":"","overlay-gradient":""},"mobile":{"background-color":"var(--ast-global-color-5)","background-image":"","background-repeat":"repeat","background-position":"center center","background-size":"auto","background-attachment":"scroll","background-type":"","background-media":"","overlay-type":"","overlay-color":"","overlay-opacity":"","overlay-gradient":""}},"footnotes":""},"categories":[7],"tags":[123],"class_list":["post-5136","post","type-post","status-publish","format-standard","has-post-thumbnail","hentry","category-noticies","tag-92-juliol-agost-2022"],"_links":{"self":[{"href":"https:\/\/sompirineu.cat\/senderia\/wp-json\/wp\/v2\/posts\/5136","targetHints":{"allow":["GET"]}}],"collection":[{"href":"https:\/\/sompirineu.cat\/senderia\/wp-json\/wp\/v2\/posts"}],"about":[{"href":"https:\/\/sompirineu.cat\/senderia\/wp-json\/wp\/v2\/types\/post"}],"author":[{"embeddable":true,"href":"https:\/\/sompirineu.cat\/senderia\/wp-json\/wp\/v2\/users\/3"}],"replies":[{"embeddable":true,"href":"https:\/\/sompirineu.cat\/senderia\/wp-json\/wp\/v2\/comments?post=5136"}],"version-history":[{"count":1,"href":"https:\/\/sompirineu.cat\/senderia\/wp-json\/wp\/v2\/posts\/5136\/revisions"}],"predecessor-version":[{"id":5137,"href":"https:\/\/sompirineu.cat\/senderia\/wp-json\/wp\/v2\/posts\/5136\/revisions\/5137"}],"wp:featuredmedia":[{"embeddable":true,"href":"https:\/\/sompirineu.cat\/senderia\/wp-json\/wp\/v2\/media\/5125"}],"wp:attachment":[{"href":"https:\/\/sompirineu.cat\/senderia\/wp-json\/wp\/v2\/media?parent=5136"}],"wp:term":[{"taxonomy":"category","embeddable":true,"href":"https:\/\/sompirineu.cat\/senderia\/wp-json\/wp\/v2\/categories?post=5136"},{"taxonomy":"post_tag","embeddable":true,"href":"https:\/\/sompirineu.cat\/senderia\/wp-json\/wp\/v2\/tags?post=5136"}],"curies":[{"name":"wp","href":"https:\/\/api.w.org\/{rel}","templated":true}]}}