{"id":5138,"date":"2022-07-20T02:00:47","date_gmt":"2022-07-20T00:00:47","guid":{"rendered":"https:\/\/sompirineu.cat\/senderia\/?p=5138"},"modified":"2022-07-25T10:00:35","modified_gmt":"2022-07-25T08:00:35","slug":"quanta-gent-cap-optimament-al-parc-natural-del-cadi-moixero","status":"publish","type":"post","link":"https:\/\/sompirineu.cat\/senderia\/quanta-gent-cap-optimament-al-parc-natural-del-cadi-moixero\/","title":{"rendered":"Quanta gent cap, \u00f2ptimament, al Parc Natural del Cad\u00ed-Moixer\u00f3?"},"content":{"rendered":"<p>Per\u00f2, a partir de qu\u00e8 i de quan s\u2019ha de restringir l\u2019acc\u00e9s a un espai concorregut? Doncs sembla clar que la millor f\u00f3rmula passa per disposar d\u2019un estudi cient\u00edfic, elaborat amb rigor per experts en la mat\u00e8ria. I aix\u00f2 \u00e9s justament el qu\u00e8 han fet des del Parc Natural del Cad\u00ed-Moixer\u00f3 (<a href=\"https:\/\/parcsnaturals.gencat.cat\/ca\/actualitat\/notes-de-premsa\/nota-premsa\/?id=434014\" target=\"_blank\" rel=\"noopener\">clic<\/a>): contractar el Grup d\u2019Investigaci\u00f3 Social i Educativa de l\u2019Activitat F\u00edsica i l\u2019Esport de l\u2019INEFC-Lleida per desplegar un estudi sobre la capacitat de c\u00e0rrega dels \u00e0mbits m\u00e9s freq\u00fcentats dels parc (Prats de Cad\u00ed, les fonts del Llobregat, els Empedrats, el mass\u00eds del Pedraforca o al propi cim d\u2019aquesta muntanya).<\/p>\n<p>I aqu\u00ed \u00e9s on apareix un concepte com la <em>capacitat de c\u00e0rrega f\u00edsica<\/em>, que, matisat per un seguit de variables, es transforma en <em>capacitat de c\u00e0rrega real<\/em> i que determina unes xifres molt concretes de visitants per a cadascun d\u2019aquests indrets (per exemple, de l\u2019ordre de 90.000 visitants anuals a Prats de Cad\u00ed o prop de 50.000 \u2013\u00f3 133 al dia\u2013 al cim del Pedraforca). La determinaci\u00f3 de la capacitat de c\u00e0rrega \u00e9s, doncs, una eina de planificaci\u00f3 \u00fatil per obtenir una aproximaci\u00f3 a la intensitat dels usos que pot suportar un espai natural.<\/p>\n<p>Ja aquest estiu des del Parc s\u2019han pres algunes mesures que van en la l\u00ednia de mitigar la pressi\u00f3 sobre aquests espais m\u00e9s freq\u00fcentats o delicats, com l\u2019habilitaci\u00f3 d\u2019aparcaments en les zones d\u2019acc\u00e9s a aquests punts estudiats o el bus llan\u00e7adora que, en prova pilot, unir\u00e0 G\u00f3sol, Saldes i el mirador de Gresolet durant la primera quinzena d\u2019agost.<\/p>\n<p>(Per cert, creiem que hi ha un error en el requadre Total\/Di\u00e0ria de la nota de premsa adjunta: hauria de dir \u201c1.315\u201d i no \u201c450\u201d).<\/p>\n","protected":false},"excerpt":{"rendered":"<p>Per\u00f2, a partir de qu\u00e8 i de quan s\u2019ha de restringir l\u2019acc\u00e9s a un espai [&hellip;]<\/p>\n","protected":false},"author":3,"featured_media":5126,"comment_status":"closed","ping_status":"closed","sticky":false,"template":"","format":"standard","meta":{"site-sidebar-layout":"default","site-content-layout":"default","ast-site-content-layout":"","site-content-style":"default","site-sidebar-style":"default","ast-global-header-display":"","ast-banner-title-visibility":"","ast-main-header-display":"","ast-hfb-above-header-display":"","ast-hfb-below-header-display":"","ast-hfb-mobile-header-display":"","site-post-title":"","ast-breadcrumbs-content":"","ast-featured-img":"","footer-sml-layout":"","theme-transparent-header-meta":"default","adv-header-id-meta":"","stick-header-meta":"default","header-above-stick-meta":"","header-main-stick-meta":"","header-below-stick-meta":"","astra-migrate-meta-layouts":"default","ast-page-background-enabled":"default","ast-page-background-meta":{"desktop":{"background-color":"var(--ast-global-color-4)","background-image":"","background-repeat":"repeat","background-position":"center center","background-size":"auto","background-attachment":"scroll","background-type":"","background-media":"","overlay-type":"","overlay-color":"","overlay-opacity":"","overlay-gradient":""},"tablet":{"background-color":"","background-image":"","background-repeat":"repeat","background-position":"center center","background-size":"auto","background-attachment":"scroll","background-type":"","background-media":"","overlay-type":"","overlay-color":"","overlay-opacity":"","overlay-gradient":""},"mobile":{"background-color":"","background-image":"","background-repeat":"repeat","background-position":"center center","background-size":"auto","background-attachment":"scroll","background-type":"","background-media":"","overlay-type":"","overlay-color":"","overlay-opacity":"","overlay-gradient":""}},"ast-content-background-meta":{"desktop":{"background-color":"var(--ast-global-color-5)","background-image":"","background-repeat":"repeat","background-position":"center center","background-size":"auto","background-attachment":"scroll","background-type":"","background-media":"","overlay-type":"","overlay-color":"","overlay-opacity":"","overlay-gradient":""},"tablet":{"background-color":"var(--ast-global-color-5)","background-image":"","background-repeat":"repeat","background-position":"center center","background-size":"auto","background-attachment":"scroll","background-type":"","background-media":"","overlay-type":"","overlay-color":"","overlay-opacity":"","overlay-gradient":""},"mobile":{"background-color":"var(--ast-global-color-5)","background-image":"","background-repeat":"repeat","background-position":"center center","background-size":"auto","background-attachment":"scroll","background-type":"","background-media":"","overlay-type":"","overlay-color":"","overlay-opacity":"","overlay-gradient":""}},"footnotes":""},"categories":[7],"tags":[123],"class_list":["post-5138","post","type-post","status-publish","format-standard","has-post-thumbnail","hentry","category-noticies","tag-92-juliol-agost-2022"],"_links":{"self":[{"href":"https:\/\/sompirineu.cat\/senderia\/wp-json\/wp\/v2\/posts\/5138","targetHints":{"allow":["GET"]}}],"collection":[{"href":"https:\/\/sompirineu.cat\/senderia\/wp-json\/wp\/v2\/posts"}],"about":[{"href":"https:\/\/sompirineu.cat\/senderia\/wp-json\/wp\/v2\/types\/post"}],"author":[{"embeddable":true,"href":"https:\/\/sompirineu.cat\/senderia\/wp-json\/wp\/v2\/users\/3"}],"replies":[{"embeddable":true,"href":"https:\/\/sompirineu.cat\/senderia\/wp-json\/wp\/v2\/comments?post=5138"}],"version-history":[{"count":1,"href":"https:\/\/sompirineu.cat\/senderia\/wp-json\/wp\/v2\/posts\/5138\/revisions"}],"predecessor-version":[{"id":5139,"href":"https:\/\/sompirineu.cat\/senderia\/wp-json\/wp\/v2\/posts\/5138\/revisions\/5139"}],"wp:featuredmedia":[{"embeddable":true,"href":"https:\/\/sompirineu.cat\/senderia\/wp-json\/wp\/v2\/media\/5126"}],"wp:attachment":[{"href":"https:\/\/sompirineu.cat\/senderia\/wp-json\/wp\/v2\/media?parent=5138"}],"wp:term":[{"taxonomy":"category","embeddable":true,"href":"https:\/\/sompirineu.cat\/senderia\/wp-json\/wp\/v2\/categories?post=5138"},{"taxonomy":"post_tag","embeddable":true,"href":"https:\/\/sompirineu.cat\/senderia\/wp-json\/wp\/v2\/tags?post=5138"}],"curies":[{"name":"wp","href":"https:\/\/api.w.org\/{rel}","templated":true}]}}