{"id":5218,"date":"2022-09-20T03:00:03","date_gmt":"2022-09-20T01:00:03","guid":{"rendered":"https:\/\/sompirineu.cat\/senderia\/?p=5218"},"modified":"2022-09-25T18:14:03","modified_gmt":"2022-09-25T16:14:03","slug":"un-bon-exemple","status":"publish","type":"post","link":"https:\/\/sompirineu.cat\/senderia\/un-bon-exemple\/","title":{"rendered":"Un bon exemple"},"content":{"rendered":"<p>Al nord-est de Chamonix (a l\u2019Alta Savoia) hi ha un recorregut accessible per a persones amb mobilitat redu\u00efda que fa un quil\u00f2metre de longitud i tres metres d\u2019amplada. Es tracta del Bois du Bouchet, on es pot veure la colonitzaci\u00f3 vegetal deguda al retroc\u00e9s de la vall glaciar de la Mer de Glace.<\/p>\n<p>\u00c9s un tra\u00e7at de poc desnivell, amb el terra compactat i amb un l\u00edmit lateral per ajudar les persones amb problemes visuals a seguir el recorregut sense problemes. Tamb\u00e9 hi ha plafons informatius escrits en Braille i un servei accessible a l\u2019inici del cam\u00ed.<\/p>\n<p>Cal destacar que \u00e9s un recorregut dissenyat per a tothom i les obres per convertir-lo en un cam\u00ed accessible no van significar una inversi\u00f3 important (entre el 10% i el 15% del cost total). Des del col\u00b7lectiu de la discapacitat s\u2019\u00e9s conscient que, en ocasions, l\u2019orografia \u00e9s una frontera dif\u00edcil de superar; per\u00f2 justificar sobre costos es malici\u00f3s, ja que aquestes obres s\u2019han fet per a tothom i les passarel\u00b7les, camins limitats&#8230; tamb\u00e9 s\u00f3n per evitar el deteriorament de zones naturals sensibles com prats alpins, zones lacustres, etc.<\/p>\n<p><img decoding=\"async\" class=\"alignnone size-medium wp-image-5190\" src=\"https:\/\/sompirineu.cat\/senderia\/wp-content\/uploads\/2022\/09\/03_Chamonix-300x134.png\" alt=\"\" width=\"300\" height=\"134\" srcset=\"https:\/\/sompirineu.cat\/senderia\/wp-content\/uploads\/2022\/09\/03_Chamonix-300x134.png 300w, https:\/\/sompirineu.cat\/senderia\/wp-content\/uploads\/2022\/09\/03_Chamonix-768x342.png 768w, https:\/\/sompirineu.cat\/senderia\/wp-content\/uploads\/2022\/09\/03_Chamonix.png 938w\" sizes=\"(max-width: 300px) 100vw, 300px\" \/><\/p>\n<p><span style=\"color: #999999;\">Aquesta not\u00edcia ha estat aportada per ASPID (Associaci\u00f3 de Parapl\u00e8gics i Discapacitats F\u00edsics de Lleida) en el marc d\u2019una col\u00b7laboraci\u00f3 amb la Taula de Camins de l\u2019Alt Pirineu i Aran que s\u2019inicia en aquest n\u00famero del butllet\u00ed i que abasta tamb\u00e9 altres aspectes de la seva activitat.<\/span><\/p>\n","protected":false},"excerpt":{"rendered":"<p>Al nord-est de Chamonix (a l\u2019Alta Savoia) hi ha un recorregut accessible per a persones [&hellip;]<\/p>\n","protected":false},"author":3,"featured_media":5221,"comment_status":"closed","ping_status":"closed","sticky":false,"template":"","format":"standard","meta":{"site-sidebar-layout":"default","site-content-layout":"default","ast-site-content-layout":"","site-content-style":"default","site-sidebar-style":"default","ast-global-header-display":"","ast-banner-title-visibility":"","ast-main-header-display":"","ast-hfb-above-header-display":"","ast-hfb-below-header-display":"","ast-hfb-mobile-header-display":"","site-post-title":"","ast-breadcrumbs-content":"","ast-featured-img":"","footer-sml-layout":"","theme-transparent-header-meta":"default","adv-header-id-meta":"","stick-header-meta":"default","header-above-stick-meta":"","header-main-stick-meta":"","header-below-stick-meta":"","astra-migrate-meta-layouts":"default","ast-page-background-enabled":"default","ast-page-background-meta":{"desktop":{"background-color":"var(--ast-global-color-4)","background-image":"","background-repeat":"repeat","background-position":"center center","background-size":"auto","background-attachment":"scroll","background-type":"","background-media":"","overlay-type":"","overlay-color":"","overlay-opacity":"","overlay-gradient":""},"tablet":{"background-color":"","background-image":"","background-repeat":"repeat","background-position":"center center","background-size":"auto","background-attachment":"scroll","background-type":"","background-media":"","overlay-type":"","overlay-color":"","overlay-opacity":"","overlay-gradient":""},"mobile":{"background-color":"","background-image":"","background-repeat":"repeat","background-position":"center center","background-size":"auto","background-attachment":"scroll","background-type":"","background-media":"","overlay-type":"","overlay-color":"","overlay-opacity":"","overlay-gradient":""}},"ast-content-background-meta":{"desktop":{"background-color":"var(--ast-global-color-5)","background-image":"","background-repeat":"repeat","background-position":"center center","background-size":"auto","background-attachment":"scroll","background-type":"","background-media":"","overlay-type":"","overlay-color":"","overlay-opacity":"","overlay-gradient":""},"tablet":{"background-color":"var(--ast-global-color-5)","background-image":"","background-repeat":"repeat","background-position":"center center","background-size":"auto","background-attachment":"scroll","background-type":"","background-media":"","overlay-type":"","overlay-color":"","overlay-opacity":"","overlay-gradient":""},"mobile":{"background-color":"var(--ast-global-color-5)","background-image":"","background-repeat":"repeat","background-position":"center center","background-size":"auto","background-attachment":"scroll","background-type":"","background-media":"","overlay-type":"","overlay-color":"","overlay-opacity":"","overlay-gradient":""}},"footnotes":""},"categories":[7],"tags":[124],"class_list":["post-5218","post","type-post","status-publish","format-standard","has-post-thumbnail","hentry","category-noticies","tag-93-setembre-2022"],"_links":{"self":[{"href":"https:\/\/sompirineu.cat\/senderia\/wp-json\/wp\/v2\/posts\/5218","targetHints":{"allow":["GET"]}}],"collection":[{"href":"https:\/\/sompirineu.cat\/senderia\/wp-json\/wp\/v2\/posts"}],"about":[{"href":"https:\/\/sompirineu.cat\/senderia\/wp-json\/wp\/v2\/types\/post"}],"author":[{"embeddable":true,"href":"https:\/\/sompirineu.cat\/senderia\/wp-json\/wp\/v2\/users\/3"}],"replies":[{"embeddable":true,"href":"https:\/\/sompirineu.cat\/senderia\/wp-json\/wp\/v2\/comments?post=5218"}],"version-history":[{"count":4,"href":"https:\/\/sompirineu.cat\/senderia\/wp-json\/wp\/v2\/posts\/5218\/revisions"}],"predecessor-version":[{"id":5224,"href":"https:\/\/sompirineu.cat\/senderia\/wp-json\/wp\/v2\/posts\/5218\/revisions\/5224"}],"wp:featuredmedia":[{"embeddable":true,"href":"https:\/\/sompirineu.cat\/senderia\/wp-json\/wp\/v2\/media\/5221"}],"wp:attachment":[{"href":"https:\/\/sompirineu.cat\/senderia\/wp-json\/wp\/v2\/media?parent=5218"}],"wp:term":[{"taxonomy":"category","embeddable":true,"href":"https:\/\/sompirineu.cat\/senderia\/wp-json\/wp\/v2\/categories?post=5218"},{"taxonomy":"post_tag","embeddable":true,"href":"https:\/\/sompirineu.cat\/senderia\/wp-json\/wp\/v2\/tags?post=5218"}],"curies":[{"name":"wp","href":"https:\/\/api.w.org\/{rel}","templated":true}]}}