{"id":5225,"date":"2022-09-20T02:00:56","date_gmt":"2022-09-20T00:00:56","guid":{"rendered":"https:\/\/sompirineu.cat\/senderia\/?p=5225"},"modified":"2022-09-25T18:14:03","modified_gmt":"2022-09-25T16:14:03","slug":"morir-dexit","status":"publish","type":"post","link":"https:\/\/sompirineu.cat\/senderia\/morir-dexit\/","title":{"rendered":"Morir d\u2019\u00e8xit?"},"content":{"rendered":"<p>Ja fa uns 30 anys que l\u2019inefable Manuel Fraga Iribarne, aleshores president de la Xunta de Gal\u00edcia, es va \u201cinventar\u201d el Camino de Santiago en la seva versi\u00f3 moderna. Des d\u2019aquell moment, el nombre de pelegrins no ha parat d\u2019augmentar fins assolir aquest mes d\u2019agost la xifra record de 85.842. \u00c9s clar que aquests s\u00f3n els visitants oficials, els que es registren per obtenir la Compostela, la credencial que emeten les autoritats eclesi\u00e0stiques conforme s\u2019ha efectuat una part determinada del cam\u00ed. Afegits els que van per lliure i els turistes diguem-ne convencionals, els gaireb\u00e9 98.000 habitants censats de la capital gallega han quedat en minoria i comencen a expressar t\u00edmides objeccions (uns pocs, el moviment econ\u00f2mic que genera el pelegrinatge tapa moltes boques). Ho hem llegit a La Vangu\u00e0rdia (<a href=\"https:\/\/www.lavanguardia.com\/vida\/20220913\/8520038\/debate-santiago-compostela-mas-peregrinos-vecinos.html\" target=\"_blank\" rel=\"noopener\">clic<\/a>).<\/p>\n<p>Res de nou que no passi en altres llocs, per\u00f2. Si m\u00e9s no, sembla que enc\u00e9n el debat, sempre interessant de seguir, entre els \u201cquantitatius\u201d i els \u201cqualitatius\u201d, entre els qui cerquen la m\u00e0xima aflu\u00e8ncia a qualsevol preu i els qui plantegen la necessitat d\u2019una taxa tur\u00edstica per fer front a les despeses que genera aquesta onada de visitants, entre un model tur\u00edstic (i pol\u00edtic) i un altre d\u2019alternatiu.<\/p>\n<p>En fi, un dels efectes col\u00b7laterals del senderisme de masses&#8230;<\/p>\n","protected":false},"excerpt":{"rendered":"<p>Ja fa uns 30 anys que l\u2019inefable Manuel Fraga Iribarne, aleshores president de la Xunta [&hellip;]<\/p>\n","protected":false},"author":3,"featured_media":5227,"comment_status":"closed","ping_status":"closed","sticky":false,"template":"","format":"standard","meta":{"site-sidebar-layout":"default","site-content-layout":"default","ast-site-content-layout":"","site-content-style":"default","site-sidebar-style":"default","ast-global-header-display":"","ast-banner-title-visibility":"","ast-main-header-display":"","ast-hfb-above-header-display":"","ast-hfb-below-header-display":"","ast-hfb-mobile-header-display":"","site-post-title":"","ast-breadcrumbs-content":"","ast-featured-img":"","footer-sml-layout":"","theme-transparent-header-meta":"default","adv-header-id-meta":"","stick-header-meta":"default","header-above-stick-meta":"","header-main-stick-meta":"","header-below-stick-meta":"","astra-migrate-meta-layouts":"default","ast-page-background-enabled":"default","ast-page-background-meta":{"desktop":{"background-color":"var(--ast-global-color-4)","background-image":"","background-repeat":"repeat","background-position":"center center","background-size":"auto","background-attachment":"scroll","background-type":"","background-media":"","overlay-type":"","overlay-color":"","overlay-opacity":"","overlay-gradient":""},"tablet":{"background-color":"","background-image":"","background-repeat":"repeat","background-position":"center center","background-size":"auto","background-attachment":"scroll","background-type":"","background-media":"","overlay-type":"","overlay-color":"","overlay-opacity":"","overlay-gradient":""},"mobile":{"background-color":"","background-image":"","background-repeat":"repeat","background-position":"center center","background-size":"auto","background-attachment":"scroll","background-type":"","background-media":"","overlay-type":"","overlay-color":"","overlay-opacity":"","overlay-gradient":""}},"ast-content-background-meta":{"desktop":{"background-color":"var(--ast-global-color-5)","background-image":"","background-repeat":"repeat","background-position":"center center","background-size":"auto","background-attachment":"scroll","background-type":"","background-media":"","overlay-type":"","overlay-color":"","overlay-opacity":"","overlay-gradient":""},"tablet":{"background-color":"var(--ast-global-color-5)","background-image":"","background-repeat":"repeat","background-position":"center center","background-size":"auto","background-attachment":"scroll","background-type":"","background-media":"","overlay-type":"","overlay-color":"","overlay-opacity":"","overlay-gradient":""},"mobile":{"background-color":"var(--ast-global-color-5)","background-image":"","background-repeat":"repeat","background-position":"center center","background-size":"auto","background-attachment":"scroll","background-type":"","background-media":"","overlay-type":"","overlay-color":"","overlay-opacity":"","overlay-gradient":""}},"footnotes":""},"categories":[7],"tags":[124],"class_list":["post-5225","post","type-post","status-publish","format-standard","has-post-thumbnail","hentry","category-noticies","tag-93-setembre-2022"],"_links":{"self":[{"href":"https:\/\/sompirineu.cat\/senderia\/wp-json\/wp\/v2\/posts\/5225","targetHints":{"allow":["GET"]}}],"collection":[{"href":"https:\/\/sompirineu.cat\/senderia\/wp-json\/wp\/v2\/posts"}],"about":[{"href":"https:\/\/sompirineu.cat\/senderia\/wp-json\/wp\/v2\/types\/post"}],"author":[{"embeddable":true,"href":"https:\/\/sompirineu.cat\/senderia\/wp-json\/wp\/v2\/users\/3"}],"replies":[{"embeddable":true,"href":"https:\/\/sompirineu.cat\/senderia\/wp-json\/wp\/v2\/comments?post=5225"}],"version-history":[{"count":1,"href":"https:\/\/sompirineu.cat\/senderia\/wp-json\/wp\/v2\/posts\/5225\/revisions"}],"predecessor-version":[{"id":5226,"href":"https:\/\/sompirineu.cat\/senderia\/wp-json\/wp\/v2\/posts\/5225\/revisions\/5226"}],"wp:featuredmedia":[{"embeddable":true,"href":"https:\/\/sompirineu.cat\/senderia\/wp-json\/wp\/v2\/media\/5227"}],"wp:attachment":[{"href":"https:\/\/sompirineu.cat\/senderia\/wp-json\/wp\/v2\/media?parent=5225"}],"wp:term":[{"taxonomy":"category","embeddable":true,"href":"https:\/\/sompirineu.cat\/senderia\/wp-json\/wp\/v2\/categories?post=5225"},{"taxonomy":"post_tag","embeddable":true,"href":"https:\/\/sompirineu.cat\/senderia\/wp-json\/wp\/v2\/tags?post=5225"}],"curies":[{"name":"wp","href":"https:\/\/api.w.org\/{rel}","templated":true}]}}