{"id":5252,"date":"2022-10-20T02:00:03","date_gmt":"2022-10-20T00:00:03","guid":{"rendered":"https:\/\/sompirineu.cat\/senderia\/?p=5252"},"modified":"2022-10-25T12:06:40","modified_gmt":"2022-10-25T10:06:40","slug":"sacosta-la-tercera-edicio-de-la-setmana-de-la-pedra-seca","status":"publish","type":"post","link":"https:\/\/sompirineu.cat\/senderia\/sacosta-la-tercera-edicio-de-la-setmana-de-la-pedra-seca\/","title":{"rendered":"S\u2019acosta la tercera edici\u00f3 de la Setmana de la Pedra Seca"},"content":{"rendered":"<p>D\u2019aqu\u00ed a molt poquet, del 25 de novembre al 4 de desembre, tindr\u00e0 lloc la tercera edici\u00f3 de la Setmana de la Pedra Seca, un esdeveniment per a la promoci\u00f3 i reconeixement d&#8217;aquesta t\u00e8cnica com a patrimoni i ofici. Impulsada en el seu origen per l\u2019Associaci\u00f3 per al Desenvolupament Rural Integral de la zona Nord Oriental de Catalunya (ADRINOC), tamb\u00e9 gestora del ajuts Leader en aquest territori, enguany ser\u00e0 liderada per l\u2019Ajuntament de Torrebesses i l\u2019Associaci\u00f3 de Micropobles de Catalunya (<a href=\"https:\/\/www.setmanapedraseca.cat\/noticies\/la-setmana-de-la-pedra-seca-2022-preveu-assolir-el-centenar-d2019activitats\" target=\"_blank\" rel=\"noopener\">clic<\/a>).<\/p>\n<p>No canvien, per\u00f2, ni el format ni l\u2019objectiu: un seguit d\u2019activitats al voltant de la pedra seca arreu dels Pa\u00efsos Catalans a trav\u00e9s de les quals donar visibilitat i contribuir a la preservaci\u00f3 d\u2019aquest element patrimonial tan estretament lligat al territori, alhora que mostrar l\u2019extensa xarxa d\u2019entitats, col\u00b7lectius i voluntaris que treballen per al seu manteniment i divulgaci\u00f3.<\/p>\n<p>Aix\u00ed, qualsevol entitat p\u00fablica o privada pot organitzar una activitat (exposicions, accions de voluntariat, jornades divulgatives&#8230;) en el marc de la Setmana de la Pedra Seca, tenint en compte que la data l\u00edmit per adherir-s\u2019hi \u00e9s el 18 de novembre. A poc menys d\u2019un mes d\u2019aquesta data ja se superen la vintena d\u2019activitats inscrites i falta menys per assolir el centenar que es proposen des de les entitats coordinadores.<\/p>\n","protected":false},"excerpt":{"rendered":"<p>D\u2019aqu\u00ed a molt poquet, del 25 de novembre al 4 de desembre, tindr\u00e0 lloc la [&hellip;]<\/p>\n","protected":false},"author":3,"featured_media":5244,"comment_status":"closed","ping_status":"closed","sticky":false,"template":"","format":"standard","meta":{"site-sidebar-layout":"default","site-content-layout":"default","ast-site-content-layout":"","site-content-style":"default","site-sidebar-style":"default","ast-global-header-display":"","ast-banner-title-visibility":"","ast-main-header-display":"","ast-hfb-above-header-display":"","ast-hfb-below-header-display":"","ast-hfb-mobile-header-display":"","site-post-title":"","ast-breadcrumbs-content":"","ast-featured-img":"","footer-sml-layout":"","theme-transparent-header-meta":"default","adv-header-id-meta":"","stick-header-meta":"default","header-above-stick-meta":"","header-main-stick-meta":"","header-below-stick-meta":"","astra-migrate-meta-layouts":"default","ast-page-background-enabled":"default","ast-page-background-meta":{"desktop":{"background-color":"var(--ast-global-color-4)","background-image":"","background-repeat":"repeat","background-position":"center center","background-size":"auto","background-attachment":"scroll","background-type":"","background-media":"","overlay-type":"","overlay-color":"","overlay-opacity":"","overlay-gradient":""},"tablet":{"background-color":"","background-image":"","background-repeat":"repeat","background-position":"center center","background-size":"auto","background-attachment":"scroll","background-type":"","background-media":"","overlay-type":"","overlay-color":"","overlay-opacity":"","overlay-gradient":""},"mobile":{"background-color":"","background-image":"","background-repeat":"repeat","background-position":"center center","background-size":"auto","background-attachment":"scroll","background-type":"","background-media":"","overlay-type":"","overlay-color":"","overlay-opacity":"","overlay-gradient":""}},"ast-content-background-meta":{"desktop":{"background-color":"var(--ast-global-color-5)","background-image":"","background-repeat":"repeat","background-position":"center center","background-size":"auto","background-attachment":"scroll","background-type":"","background-media":"","overlay-type":"","overlay-color":"","overlay-opacity":"","overlay-gradient":""},"tablet":{"background-color":"var(--ast-global-color-5)","background-image":"","background-repeat":"repeat","background-position":"center center","background-size":"auto","background-attachment":"scroll","background-type":"","background-media":"","overlay-type":"","overlay-color":"","overlay-opacity":"","overlay-gradient":""},"mobile":{"background-color":"var(--ast-global-color-5)","background-image":"","background-repeat":"repeat","background-position":"center center","background-size":"auto","background-attachment":"scroll","background-type":"","background-media":"","overlay-type":"","overlay-color":"","overlay-opacity":"","overlay-gradient":""}},"footnotes":""},"categories":[7],"tags":[125],"class_list":["post-5252","post","type-post","status-publish","format-standard","has-post-thumbnail","hentry","category-noticies","tag-94-octubre-2022"],"_links":{"self":[{"href":"https:\/\/sompirineu.cat\/senderia\/wp-json\/wp\/v2\/posts\/5252","targetHints":{"allow":["GET"]}}],"collection":[{"href":"https:\/\/sompirineu.cat\/senderia\/wp-json\/wp\/v2\/posts"}],"about":[{"href":"https:\/\/sompirineu.cat\/senderia\/wp-json\/wp\/v2\/types\/post"}],"author":[{"embeddable":true,"href":"https:\/\/sompirineu.cat\/senderia\/wp-json\/wp\/v2\/users\/3"}],"replies":[{"embeddable":true,"href":"https:\/\/sompirineu.cat\/senderia\/wp-json\/wp\/v2\/comments?post=5252"}],"version-history":[{"count":2,"href":"https:\/\/sompirineu.cat\/senderia\/wp-json\/wp\/v2\/posts\/5252\/revisions"}],"predecessor-version":[{"id":5254,"href":"https:\/\/sompirineu.cat\/senderia\/wp-json\/wp\/v2\/posts\/5252\/revisions\/5254"}],"wp:featuredmedia":[{"embeddable":true,"href":"https:\/\/sompirineu.cat\/senderia\/wp-json\/wp\/v2\/media\/5244"}],"wp:attachment":[{"href":"https:\/\/sompirineu.cat\/senderia\/wp-json\/wp\/v2\/media?parent=5252"}],"wp:term":[{"taxonomy":"category","embeddable":true,"href":"https:\/\/sompirineu.cat\/senderia\/wp-json\/wp\/v2\/categories?post=5252"},{"taxonomy":"post_tag","embeddable":true,"href":"https:\/\/sompirineu.cat\/senderia\/wp-json\/wp\/v2\/tags?post=5252"}],"curies":[{"name":"wp","href":"https:\/\/api.w.org\/{rel}","templated":true}]}}